{"id":699844,"date":"2013-03-19T12:00:08","date_gmt":"2013-03-19T12:00:08","guid":{"rendered":"https:\/\/www.upo.es\/diario\/?p=699844"},"modified":"2013-03-19T12:59:43","modified_gmt":"2013-03-19T12:59:43","slug":"un-video-forum-analiza-manana-las-consecuencias-de-la-falta-de-agua-y-alimentos-en-territorio-palestino","status":"publish","type":"post","link":"https:\/\/www.upo.es\/diario\/institucional\/2013\/03\/un-video-forum-analiza-manana-las-consecuencias-de-la-falta-de-agua-y-alimentos-en-territorio-palestino\/","title":{"rendered":"Un video forum analiza  las consecuencias de la falta de agua y alimentos en territorio palestino"},"content":{"rendered":"<figure id=\"attachment_702284\" aria-describedby=\"caption-attachment-702284\" style=\"width: 320px\" class=\"wp-caption alignright\"><a href=\"https:\/\/www.upo.es\/diario\/wp-content\/uploads\/2013\/03\/jagua.jpg\"><img loading=\"lazy\" decoding=\"async\" class=\"size-medium wp-image-702284\" alt=\"El video forum ha sido presentado por Germ\u00e1n Jar\u00e1iz Arroyo y Tamara Carrasco Torres. \" src=\"https:\/\/www.upo.es\/diario\/wp-content\/uploads\/2013\/03\/jagua-320x179.jpg\" width=\"320\" height=\"179\" srcset=\"https:\/\/www.upo.es\/diario\/wp-content\/uploads\/2013\/03\/jagua-320x179.jpg 320w, https:\/\/www.upo.es\/diario\/wp-content\/uploads\/2013\/03\/jagua-1024x573.jpg 1024w, https:\/\/www.upo.es\/diario\/wp-content\/uploads\/2013\/03\/jagua-600x336.jpg 600w\" sizes=\"auto, (max-width: 320px) 100vw, 320px\" \/><\/a><figcaption id=\"caption-attachment-702284\" class=\"wp-caption-text\">El videoforum ha sido presentado por Germ\u00e1n Jar\u00e1iz Arroyo y Tamara Carrasco Torres.<\/figcaption><\/figure>\n<p>La Universidad Pablo de Olavide ha acogido hoy martes 19 de marzo \u00a0el videoforum \u201cEl agua, el tiempo de las soluciones\u201d, que ha sido presentado por Germ\u00e1n Jar\u00e1iz Arroyo, director general de Programaci\u00f3n Cultural y Social del Vicerrectorado de Cultura, Participaci\u00f3n y Compromiso Social de la UPO, y Tamara Carrasco Torres, delegada de la Fundaci\u00f3n Acci\u00f3n contra el Hambre.<\/p>\n<p>La actividad se completa con una exposici\u00f3n de fotograf\u00edas que plasma las consecuencias humanitarias que provocan la falta de agua y alimentos en los territorios ocupados palestinos.<\/p>\n<p>Se trata de un encuentro organizado por la Fundaci\u00f3n Acci\u00f3n contra el Hambre con el apoyo del Vicerrectorado de Cultura, Participaci\u00f3n y Compromiso Social, a trav\u00e9s de la Oficina de Voluntariado y Solidaridad.<\/p>\n<p><a href=\"http:\/\/www.accioncontraelhambre.org\/\">Acci\u00f3n contra el Hambre<\/a> es una organizaci\u00f3n humanitaria internacional, neutral e independiente que combate la desnutrici\u00f3n a la vez que garantiza agua y medios de vida seguros a las poblaciones m\u00e1s vulnerables. La falta de recursos y la desigualdad en su acceso son uno de los objetivos por los que Acci\u00f3n contra el Hambre lucha en los Territorios Ocupados Palestinos.<\/p>\n","protected":false},"excerpt":{"rendered":"<p>La Universidad Pablo de Olavide ha acogido hoy martes 19 de marzo el videoforum \u201cEl agua, el tiempo de las soluciones\u201d, que ser\u00e1 presentado por Germ\u00e1n Jar\u00e1iz Arroyo, director general de Programaci\u00f3n Cultural y Social del Vicerrectorado de Cultura, Participaci\u00f3n y Compromiso Social de la UPO, y Tamara Carrasco Torres, delegada de la Fundaci\u00f3n Acci\u00f3n contra el Hambre.<\/p>\n","protected":false},"author":2,"featured_media":0,"comment_status":"closed","ping_status":"open","sticky":false,"template":"","format":"standard","meta":{"_monsterinsights_skip_tracking":false,"_monsterinsights_sitenote_active":false,"_monsterinsights_sitenote_note":"","_monsterinsights_sitenote_category":0,"footnotes":""},"categories":[6],"tags":[74,352,380,86],"class_list":["post-699844","post","type-post","status-publish","format-standard","hentry","category-institucional","tag-exposiciones","tag-palestina","tag-video-forum","tag-voluntariado"],"_links":{"self":[{"href":"https:\/\/www.upo.es\/diario\/wp-json\/wp\/v2\/posts\/699844","targetHints":{"allow":["GET"]}}],"collection":[{"href":"https:\/\/www.upo.es\/diario\/wp-json\/wp\/v2\/posts"}],"about":[{"href":"https:\/\/www.upo.es\/diario\/wp-json\/wp\/v2\/types\/post"}],"author":[{"embeddable":true,"href":"https:\/\/www.upo.es\/diario\/wp-json\/wp\/v2\/users\/2"}],"replies":[{"embeddable":true,"href":"https:\/\/www.upo.es\/diario\/wp-json\/wp\/v2\/comments?post=699844"}],"version-history":[{"count":5,"href":"https:\/\/www.upo.es\/diario\/wp-json\/wp\/v2\/posts\/699844\/revisions"}],"predecessor-version":[{"id":699848,"href":"https:\/\/www.upo.es\/diario\/wp-json\/wp\/v2\/posts\/699844\/revisions\/699848"}],"wp:attachment":[{"href":"https:\/\/www.upo.es\/diario\/wp-json\/wp\/v2\/media?parent=699844"}],"wp:term":[{"taxonomy":"category","embeddable":true,"href":"https:\/\/www.upo.es\/diario\/wp-json\/wp\/v2\/categories?post=699844"},{"taxonomy":"post_tag","embeddable":true,"href":"https:\/\/www.upo.es\/diario\/wp-json\/wp\/v2\/tags?post=699844"}],"curies":[{"name":"wp","href":"https:\/\/api.w.org\/{rel}","templated":true}]}}