{"id":7060148,"date":"2014-12-03T00:15:43","date_gmt":"2014-12-03T00:15:43","guid":{"rendered":"https:\/\/www.upo.es\/diario\/?p=7060148"},"modified":"2014-12-04T08:05:43","modified_gmt":"2014-12-04T08:05:43","slug":"manana-mesa-redonda-andalucia-en-las-nuevas-emergencias-politicas-con-motivo-del-4-de-diciembre","status":"publish","type":"post","link":"https:\/\/www.upo.es\/diario\/institucional\/2014\/12\/manana-mesa-redonda-andalucia-en-las-nuevas-emergencias-politicas-con-motivo-del-4-de-diciembre\/","title":{"rendered":"Mesa redonda \u201cAndaluc\u00eda en las nuevas emergencias pol\u00edticas\u201d con motivo del 4 de diciembre"},"content":{"rendered":"<figure id=\"attachment_708106\" aria-describedby=\"caption-attachment-708106\" style=\"width: 320px\" class=\"wp-caption alignright\"><a href=\"https:\/\/www.upo.es\/diario\/wp-content\/uploads\/2014\/12\/mesa_redonda_andalucia.jpg\"><img loading=\"lazy\" decoding=\"async\" class=\"size-medium wp-image-7081064\" alt=\"mesa_redonda_andalucia\" src=\"https:\/\/www.upo.es\/diario\/wp-content\/uploads\/2014\/12\/mesa_redonda_andalucia-320x213.jpg\" width=\"320\" height=\"213\" srcset=\"https:\/\/www.upo.es\/diario\/wp-content\/uploads\/2014\/12\/mesa_redonda_andalucia-320x213.jpg 320w, https:\/\/www.upo.es\/diario\/wp-content\/uploads\/2014\/12\/mesa_redonda_andalucia-600x400.jpg 600w, https:\/\/www.upo.es\/diario\/wp-content\/uploads\/2014\/12\/mesa_redonda_andalucia.jpg 1200w\" sizes=\"auto, (max-width: 320px) 100vw, 320px\" \/><\/a><figcaption id=\"caption-attachment-708106\" class=\"wp-caption-text\">En la mesa: Francisco Javier Escalera, del Colectivo de Cultura Andaluza UPO-US, Esteban de Manuel, de Equo, Pura S\u00e1nchez, de la Asamblea de Andaluc\u00eda, y J.J. Santiago, de Podemos.<\/figcaption><\/figure>\n<p>Hoy\u00a0ha tenido lugar la mesa redonda <strong>\u201cAndaluc\u00eda en las nuevas emergencias pol\u00edticas\u201d<\/strong>, organizada por el<strong> Colectivo de Cultura Andaluza UPO-US<\/strong>, en colaboraci\u00f3n con el Vicerrectorado de Estudiantes, Cultura y Compromiso Social.<\/p>\n<p>Esta actividad se ha realizado con motivo del 4 de diciembre, y en ella han participado J.J. Santiago (Podemos), Esteban de Manuel (Equo) y Pura S\u00e1nchez (Asamblea de Andaluc\u00eda). La mesa ha sido moderada por Francisco Javier Escalera, profesor de Antropolog\u00eda de la UPO y miembro del Colectivo de Cultura Andaluza UPO-US.<\/p>\n<p><strong>\u00a0<\/strong><\/p>\n","protected":false},"excerpt":{"rendered":"<p>Hoy ha tenido lugar la mesa redonda \u201cAndaluc\u00eda en las nuevas emergencias pol\u00edticas\u201d, organizada por el Colectivo de Cultura Andaluza UPO-US, en colaboraci\u00f3n con el Vicerrectorado de Estudiantes, Cultura y Compromiso Social.<\/p>\n","protected":false},"author":8,"featured_media":0,"comment_status":"closed","ping_status":"open","sticky":false,"template":"","format":"standard","meta":{"_monsterinsights_skip_tracking":false,"_monsterinsights_sitenote_active":false,"_monsterinsights_sitenote_note":"","_monsterinsights_sitenote_category":0,"footnotes":""},"categories":[6],"tags":[190,1377,221,76],"class_list":["post-7060148","post","type-post","status-publish","format-standard","hentry","category-institucional","tag-andalucia","tag-javier-escalera","tag-mesa-redonda","tag-politica"],"_links":{"self":[{"href":"https:\/\/www.upo.es\/diario\/wp-json\/wp\/v2\/posts\/7060148","targetHints":{"allow":["GET"]}}],"collection":[{"href":"https:\/\/www.upo.es\/diario\/wp-json\/wp\/v2\/posts"}],"about":[{"href":"https:\/\/www.upo.es\/diario\/wp-json\/wp\/v2\/types\/post"}],"author":[{"embeddable":true,"href":"https:\/\/www.upo.es\/diario\/wp-json\/wp\/v2\/users\/8"}],"replies":[{"embeddable":true,"href":"https:\/\/www.upo.es\/diario\/wp-json\/wp\/v2\/comments?post=7060148"}],"version-history":[{"count":8,"href":"https:\/\/www.upo.es\/diario\/wp-json\/wp\/v2\/posts\/7060148\/revisions"}],"predecessor-version":[{"id":7096232,"href":"https:\/\/www.upo.es\/diario\/wp-json\/wp\/v2\/posts\/7060148\/revisions\/7096232"}],"wp:attachment":[{"href":"https:\/\/www.upo.es\/diario\/wp-json\/wp\/v2\/media?parent=7060148"}],"wp:term":[{"taxonomy":"category","embeddable":true,"href":"https:\/\/www.upo.es\/diario\/wp-json\/wp\/v2\/categories?post=7060148"},{"taxonomy":"post_tag","embeddable":true,"href":"https:\/\/www.upo.es\/diario\/wp-json\/wp\/v2\/tags?post=7060148"}],"curies":[{"name":"wp","href":"https:\/\/api.w.org\/{rel}","templated":true}]}}