{"id":707162,"date":"2013-03-21T16:49:12","date_gmt":"2013-03-21T16:49:12","guid":{"rendered":"https:\/\/www.upo.es\/diario\/?p=707162"},"modified":"2013-04-01T07:34:11","modified_gmt":"2013-04-01T07:34:11","slug":"la-biblioteca-de-la-upo-modifica-su-horario-de-apertura-durante-la-semana-santa-y-la-feria","status":"publish","type":"post","link":"https:\/\/www.upo.es\/diario\/institucional\/2013\/03\/la-biblioteca-de-la-upo-modifica-su-horario-de-apertura-durante-la-semana-santa-y-la-feria\/","title":{"rendered":"La Biblioteca de la UPO modifica su horario de apertura durante la Semana Santa y la Feria"},"content":{"rendered":"<figure id=\"attachment_213551\" aria-describedby=\"caption-attachment-213551\" style=\"width: 300px\" class=\"wp-caption alignright\"><a href=\"https:\/\/www.upo.es\/diario\/wp-content\/uploads\/2013\/01\/biblioteca-e1357733297508.jpg\"><img loading=\"lazy\" decoding=\"async\" class=\"size-medium wp-image-213551\" alt=\"La Biblioteca de la UPO modifica su horario durante Semana Santa y Feria\" src=\"https:\/\/www.upo.es\/diario\/wp-content\/uploads\/2013\/01\/biblioteca-300x180.jpg\" width=\"300\" height=\"180\" \/><\/a><figcaption id=\"caption-attachment-213551\" class=\"wp-caption-text\">La Biblioteca de la UPO modifica su horario durante Semana Santa y Feria<\/figcaption><\/figure>\n<p>La <a href=\"http:\/\/www.upo.es\/biblioteca\/\">Biblioteca<\/a> de la Universidad Pablo de Olavide modifica su <a href=\"http:\/\/www.upo.es\/biblioteca\/noticias\/noticias\/BIBNoticia0536.html\">horario de apertura<\/a> durante la Semana Santa y la Feria. As\u00ed, los d\u00edas <b>25, 26 y 27 de marzo<\/b>, fecha en la que se celebra la Semana Santa, el horario de apertura ser\u00e1 de 8.30 horas a 15.00 horas. Por otro lado, el horario de la Biblioteca durante los d\u00edas de Feria ser\u00eda el siguiente: los d\u00edas <b>15 y 16 de abril<\/b> la Biblioteca estar\u00e1 abierta de 8.30 horas a 21.00 horas, mientras que los d\u00edas <b>18 y 19 de abril<\/b> el horario de apertura ser\u00e1 de 8.30 horas a 15.00 horas.<\/p>\n<p>Respecto a los pr\u00e9stamos especiales, el pr\u00e9stamo especial de Semana Santa comenzar\u00e1 el 18 de marzo para las monograf\u00edas y el 19 de marzo para los manuales. La devoluci\u00f3n se realizar\u00e1 a partir del 1 de abril. El pr\u00e9stamo especial de Feria comenzar\u00e1 el 8 de abril para las monograf\u00edas y 9 de abril para los manuales. La devoluci\u00f3n se realizar\u00e1 a partir del 22 de abril.<\/p>\n<p>Salvo los d\u00edas en que la Biblioteca est\u00e9 cerrada, el <a href=\"http:\/\/www.upo.es\/biblioteca\/servicios\/prestamoyad\/prestamocbua\/index.jsp\">servicio de pr\u00e9stamo CBUA<\/a> (Consorcio de Bibliotecas Universitarias de Andaluc\u00eda) funcionar\u00e1 con normalidad en el mismo horario de apertura de la Biblioteca.<\/p>\n<p><b>SALA DE ESTUDIO<\/b><\/p>\n<p>La UPO ha habilitado a partir del lunes 25 de marzo el aula 3 del edificio 16 como sala de estudio, previa petici\u00f3n de su apertura por parte del interesado en el Centro de Control, que podr\u00e1 utilizarse como sala nocturna de lunes a viernes desde las 22.00 horas hasta las 8.00 horas, y durante todo el d\u00eda los s\u00e1bados, domingos y festivos.<\/p>\n","protected":false},"excerpt":{"rendered":"<p>Los d\u00edas 25, 26 y 27 de marzo, fecha en la que se celebra la Semana Santa, el horario de apertura ser\u00e1 de 8.30 horas a 15.00 horas. Por otro lado, el horario de la Biblioteca durante los d\u00edas de Feria ser\u00eda el siguiente: los d\u00edas 15 y 16 de abril la Biblioteca estar\u00e1 abierta de 8.30 horas a 21.00 horas, mientras que los d\u00edas 18 y 19 de abril el horario de apertura ser\u00e1 de 8.30 horas a 15.00 horas.<\/p>\n","protected":false},"author":2,"featured_media":0,"comment_status":"closed","ping_status":"open","sticky":false,"template":"","format":"standard","meta":{"_monsterinsights_skip_tracking":false,"_monsterinsights_sitenote_active":false,"_monsterinsights_sitenote_note":"","_monsterinsights_sitenote_category":0,"footnotes":""},"categories":[6],"tags":[125,126],"class_list":["post-707162","post","type-post","status-publish","format-standard","hentry","category-institucional","tag-biblioteca","tag-horario"],"_links":{"self":[{"href":"https:\/\/www.upo.es\/diario\/wp-json\/wp\/v2\/posts\/707162","targetHints":{"allow":["GET"]}}],"collection":[{"href":"https:\/\/www.upo.es\/diario\/wp-json\/wp\/v2\/posts"}],"about":[{"href":"https:\/\/www.upo.es\/diario\/wp-json\/wp\/v2\/types\/post"}],"author":[{"embeddable":true,"href":"https:\/\/www.upo.es\/diario\/wp-json\/wp\/v2\/users\/2"}],"replies":[{"embeddable":true,"href":"https:\/\/www.upo.es\/diario\/wp-json\/wp\/v2\/comments?post=707162"}],"version-history":[{"count":7,"href":"https:\/\/www.upo.es\/diario\/wp-json\/wp\/v2\/posts\/707162\/revisions"}],"predecessor-version":[{"id":736049,"href":"https:\/\/www.upo.es\/diario\/wp-json\/wp\/v2\/posts\/707162\/revisions\/736049"}],"wp:attachment":[{"href":"https:\/\/www.upo.es\/diario\/wp-json\/wp\/v2\/media?parent=707162"}],"wp:term":[{"taxonomy":"category","embeddable":true,"href":"https:\/\/www.upo.es\/diario\/wp-json\/wp\/v2\/categories?post=707162"},{"taxonomy":"post_tag","embeddable":true,"href":"https:\/\/www.upo.es\/diario\/wp-json\/wp\/v2\/tags?post=707162"}],"curies":[{"name":"wp","href":"https:\/\/api.w.org\/{rel}","templated":true}]}}