{"id":707277,"date":"2013-03-19T07:50:42","date_gmt":"2013-03-19T07:50:42","guid":{"rendered":"https:\/\/www.upo.es\/diario\/?p=707277"},"modified":"2013-03-21T13:15:38","modified_gmt":"2013-03-21T13:15:38","slug":"la-vicerrectora-pilar-rodriguez-y-el-director-de-estrategia-de-la-upo-asisten-al-pregon-de-semana-santa-de-sevilla-de-2013","status":"publish","type":"post","link":"https:\/\/www.upo.es\/diario\/cultura\/2013\/03\/la-vicerrectora-pilar-rodriguez-y-el-director-de-estrategia-de-la-upo-asisten-al-pregon-de-semana-santa-de-sevilla-de-2013\/","title":{"rendered":"La vicerrectora Pilar Rodr\u00edguez y el director de Estrategia de la UPO asisten al Preg\u00f3n de Semana Santa de Sevilla de 2013"},"content":{"rendered":"<figure id=\"attachment_707278\" aria-describedby=\"caption-attachment-707278\" style=\"width: 320px\" class=\"wp-caption alignright\"><a href=\"https:\/\/www.upo.es\/diario\/wp-content\/uploads\/2013\/03\/foto-Vc\u00aa-preg\u00f3n.jpg\"><img loading=\"lazy\" decoding=\"async\" class=\"size-medium wp-image-707278\" alt=\"La vicerrectora Pilar Rodr\u00edguez y el director general de Estrategia e Innovaci\u00f3n Jos\u00e9 Manuel Feria (en los extremos) junto con el alcalde de Sevilla, Juan Ignacio Zoido y el pregonero Francisco Javier Segura\" src=\"https:\/\/www.upo.es\/diario\/wp-content\/uploads\/2013\/03\/foto-Vc\u00aa-preg\u00f3n-320x240.jpg\" width=\"320\" height=\"240\" srcset=\"https:\/\/www.upo.es\/diario\/wp-content\/uploads\/2013\/03\/foto-Vc\u00aa-preg\u00f3n-320x240.jpg 320w, https:\/\/www.upo.es\/diario\/wp-content\/uploads\/2013\/03\/foto-Vc\u00aa-preg\u00f3n-600x450.jpg 600w, https:\/\/www.upo.es\/diario\/wp-content\/uploads\/2013\/03\/foto-Vc\u00aa-preg\u00f3n.jpg 787w\" sizes=\"auto, (max-width: 320px) 100vw, 320px\" \/><\/a><figcaption id=\"caption-attachment-707278\" class=\"wp-caption-text\">La vicerrectora Pilar Rodr\u00edguez y el director general de Estrategia e Innovaci\u00f3n Jos\u00e9 Manuel Feria (en los extremos) junto con el alcalde de Sevilla, Juan Ignacio Zoido y el pregonero Francisco Javier Segura<\/figcaption><\/figure>\n<p>La vicerrectora de Internacionalizaci\u00f3n y Comunicaci\u00f3n, Pilar Rodr\u00edguez Reina, y el director general de Estrategia e Innovaci\u00f3n, Jos\u00e9 Manuel Feria Dom\u00ednguez, en representaci\u00f3n de la Universidad Pablo de Olavide, asistieron el pasado domingo, 17 de marzo, en el Teatro de la Maestranza, al Preg\u00f3n de la Semana Santa de Sevilla de 2013 pronunciado por el joven cofrade Francisco Javier Segura.<\/p>\n","protected":false},"excerpt":{"rendered":"<p>La vicerrectora de Internacionalizaci\u00f3n y Comunicaci\u00f3n, Pilar Rodr\u00edguez Reina, y el director general de Estrategia e Innovaci\u00f3n, Jos\u00e9 Manuel Feria Dom\u00ednguez, en representaci\u00f3n de la Universidad Pablo de Olavide, asistieron el pasado domingo, 17 de marzo, en el Teatro de la Maestranza, al Preg\u00f3n de la Semana Santa de Sevilla de 2013 pronunciado por el joven cofrade Francisco Javier Segura.<\/p>\n","protected":false},"author":4,"featured_media":0,"comment_status":"closed","ping_status":"open","sticky":false,"template":"","format":"standard","meta":{"_monsterinsights_skip_tracking":false,"_monsterinsights_sitenote_active":false,"_monsterinsights_sitenote_note":"","_monsterinsights_sitenote_category":0,"footnotes":""},"categories":[7],"tags":[399,302],"class_list":["post-707277","post","type-post","status-publish","format-standard","hentry","category-cultura","tag-pregon","tag-semana-santa"],"_links":{"self":[{"href":"https:\/\/www.upo.es\/diario\/wp-json\/wp\/v2\/posts\/707277","targetHints":{"allow":["GET"]}}],"collection":[{"href":"https:\/\/www.upo.es\/diario\/wp-json\/wp\/v2\/posts"}],"about":[{"href":"https:\/\/www.upo.es\/diario\/wp-json\/wp\/v2\/types\/post"}],"author":[{"embeddable":true,"href":"https:\/\/www.upo.es\/diario\/wp-json\/wp\/v2\/users\/4"}],"replies":[{"embeddable":true,"href":"https:\/\/www.upo.es\/diario\/wp-json\/wp\/v2\/comments?post=707277"}],"version-history":[{"count":2,"href":"https:\/\/www.upo.es\/diario\/wp-json\/wp\/v2\/posts\/707277\/revisions"}],"predecessor-version":[{"id":707280,"href":"https:\/\/www.upo.es\/diario\/wp-json\/wp\/v2\/posts\/707277\/revisions\/707280"}],"wp:attachment":[{"href":"https:\/\/www.upo.es\/diario\/wp-json\/wp\/v2\/media?parent=707277"}],"wp:term":[{"taxonomy":"category","embeddable":true,"href":"https:\/\/www.upo.es\/diario\/wp-json\/wp\/v2\/categories?post=707277"},{"taxonomy":"post_tag","embeddable":true,"href":"https:\/\/www.upo.es\/diario\/wp-json\/wp\/v2\/tags?post=707277"}],"curies":[{"name":"wp","href":"https:\/\/api.w.org\/{rel}","templated":true}]}}