{"id":707388,"date":"2013-03-21T08:51:13","date_gmt":"2013-03-21T08:51:13","guid":{"rendered":"https:\/\/www.upo.es\/diario\/?p=707388"},"modified":"2013-03-22T08:32:22","modified_gmt":"2013-03-22T08:32:22","slug":"cervantes-y-los-sistemas-coloniales-espanol-y-flamenco-tema-de-dos-conferencias-hoy-en-la-upo","status":"publish","type":"post","link":"https:\/\/www.upo.es\/diario\/institucional\/2013\/03\/cervantes-y-los-sistemas-coloniales-espanol-y-flamenco-tema-de-dos-conferencias-hoy-en-la-upo\/","title":{"rendered":"Cervantes y los sistemas coloniales espa\u00f1ol y flamenco, tema de dos conferencias hoy en la UPO"},"content":{"rendered":"<figure id=\"attachment_707389\" aria-describedby=\"caption-attachment-707389\" style=\"width: 229px\" class=\"wp-caption alignright\"><a href=\"https:\/\/www.upo.es\/diario\/wp-content\/uploads\/2013\/03\/Cartel_8Ciclo21-03-2013.jpg\"><img loading=\"lazy\" decoding=\"async\" class=\"size-medium wp-image-707389\" alt=\"VIII Ciclo de Conferencias Internacional \u2018M\u00e9todos, teor\u00edas y nuevas l\u00edneas de investigaci\u00f3n hist\u00f3rica\u2019 - Quinta sesi\u00f3n\" src=\"https:\/\/www.upo.es\/diario\/wp-content\/uploads\/2013\/03\/Cartel_8Ciclo21-03-2013-229x320.jpg\" width=\"229\" height=\"320\" srcset=\"https:\/\/www.upo.es\/diario\/wp-content\/uploads\/2013\/03\/Cartel_8Ciclo21-03-2013-229x320.jpg 229w, https:\/\/www.upo.es\/diario\/wp-content\/uploads\/2013\/03\/Cartel_8Ciclo21-03-2013-735x1024.jpg 735w, https:\/\/www.upo.es\/diario\/wp-content\/uploads\/2013\/03\/Cartel_8Ciclo21-03-2013-600x835.jpg 600w\" sizes=\"auto, (max-width: 229px) 100vw, 229px\" \/><\/a><figcaption id=\"caption-attachment-707389\" class=\"wp-caption-text\">VIII Ciclo de Conferencias Internacional \u2018M\u00e9todos, teor\u00edas y nuevas l\u00edneas de investigaci\u00f3n hist\u00f3rica\u2019<\/figcaption><\/figure>\n<p>Con las conferencias <b>\u2018<i>Cervantes y su conversi\u00f3n en monumento de la naci\u00f3n espa\u00f1ola en el siglo XIX\u2019<\/i><\/b>, a las 16 horas, y \u2018<b><i>Un an\u00e1lisis comparativo de dos sistemas coloniales: entre espa\u00f1oles y flamencos en torno a las Molucas<\/i>\u2019<\/b>, a las 18 horas, tendr\u00e1 lugar hoy jueves la quinta sesi\u00f3n del VIII ciclo de conferencias \u2018M\u00e9todos, teor\u00edas y nuevas l\u00edneas de investigaci\u00f3n hist\u00f3rica\u2019. Ambas conferencias tendr\u00e1n lugar en la Universidad Pablo de Olavide: edificio 2, sala de juntas 1.<\/p>\n<p>La primera ser\u00e1 impartida por <a href=\"http:\/\/www.mcgill.ca\/hispanic\/faculty\/teaching\/perez\/cv\">Jes\u00fas P\u00e9rez Magall\u00f3n<\/a>, profesor del Departamento de Lengua, Literatura y Estudios Hisp\u00e1nicos en McGill University (Montreal, Canad\u00e1). Jean S\u00e1nchez Pons, de la Universidad de Estrasburgo, intervendr\u00e1 a las 18 horas.<\/p>\n<p>El Ciclo de Conferencias \u2018M\u00e9todos, teor\u00edas y nuevas l\u00edneas de investigaci\u00f3n hist\u00f3rica\u2019 se desarrollar\u00e1 hasta el pr\u00f3ximo mes de mayo y en el mismo ser\u00e1n presentadas nuevas teor\u00edas y l\u00edneas de investigaci\u00f3n hist\u00f3rica por expertos de distintas universidades.<\/p>\n","protected":false},"excerpt":{"rendered":"<p>Con las conferencias \u2018Cervantes y su conversi\u00f3n en monumento de la naci\u00f3n espa\u00f1ola en el siglo XIX\u2019, a las 16 horas, y \u2018Un an\u00e1lisis comparativo de dos sistemas coloniales: entre espa\u00f1oles y flamencos en torno a las Molucas\u2019, a las 18 horas, tendr\u00e1 lugar hoy jueves la quinta sesi\u00f3n del VIII ciclo de conferencias \u2018M\u00e9todos, teor\u00edas y nuevas l\u00edneas de investigaci\u00f3n hist\u00f3rica\u2019. Ambas conferencias tendr\u00e1n lugar en la Universidad Pablo de Olavide: edificio 2, sala de juntas 1.<\/p>\n","protected":false},"author":6,"featured_media":0,"comment_status":"closed","ping_status":"open","sticky":false,"template":"","format":"standard","meta":{"_monsterinsights_skip_tracking":false,"_monsterinsights_sitenote_active":false,"_monsterinsights_sitenote_note":"","_monsterinsights_sitenote_category":0,"footnotes":""},"categories":[6],"tags":[150,84],"class_list":["post-707388","post","type-post","status-publish","format-standard","hentry","category-institucional","tag-historia","tag-jornadas"],"_links":{"self":[{"href":"https:\/\/www.upo.es\/diario\/wp-json\/wp\/v2\/posts\/707388","targetHints":{"allow":["GET"]}}],"collection":[{"href":"https:\/\/www.upo.es\/diario\/wp-json\/wp\/v2\/posts"}],"about":[{"href":"https:\/\/www.upo.es\/diario\/wp-json\/wp\/v2\/types\/post"}],"author":[{"embeddable":true,"href":"https:\/\/www.upo.es\/diario\/wp-json\/wp\/v2\/users\/6"}],"replies":[{"embeddable":true,"href":"https:\/\/www.upo.es\/diario\/wp-json\/wp\/v2\/comments?post=707388"}],"version-history":[{"count":4,"href":"https:\/\/www.upo.es\/diario\/wp-json\/wp\/v2\/posts\/707388\/revisions"}],"predecessor-version":[{"id":709382,"href":"https:\/\/www.upo.es\/diario\/wp-json\/wp\/v2\/posts\/707388\/revisions\/709382"}],"wp:attachment":[{"href":"https:\/\/www.upo.es\/diario\/wp-json\/wp\/v2\/media?parent=707388"}],"wp:term":[{"taxonomy":"category","embeddable":true,"href":"https:\/\/www.upo.es\/diario\/wp-json\/wp\/v2\/categories?post=707388"},{"taxonomy":"post_tag","embeddable":true,"href":"https:\/\/www.upo.es\/diario\/wp-json\/wp\/v2\/tags?post=707388"}],"curies":[{"name":"wp","href":"https:\/\/api.w.org\/{rel}","templated":true}]}}