{"id":709915,"date":"2013-03-22T12:46:21","date_gmt":"2013-03-22T12:46:21","guid":{"rendered":"https:\/\/www.upo.es\/diario\/?p=709915"},"modified":"2013-04-02T12:03:47","modified_gmt":"2013-04-02T12:03:47","slug":"pixeladas-dedica-su-iii-edicion-a-la-instalacion-artistica-y-la-literatura-aplicada-a-las-artes-plasticas","status":"publish","type":"post","link":"https:\/\/www.upo.es\/diario\/infoupo\/2013\/03\/pixeladas-dedica-su-iii-edicion-a-la-instalacion-artistica-y-la-literatura-aplicada-a-las-artes-plasticas\/","title":{"rendered":"\u2018PIXELADAS\u2019 dedica su III edici\u00f3n a la instalaci\u00f3n art\u00edstica y la literatura aplicada a las artes pl\u00e1sticas"},"content":{"rendered":"<figure id=\"attachment_709917\" aria-describedby=\"caption-attachment-709917\" style=\"width: 223px\" class=\"wp-caption alignright\"><a href=\"https:\/\/www.upo.es\/diario\/wp-content\/uploads\/2013\/03\/pixeladas12-13.jpg\"><img loading=\"lazy\" decoding=\"async\" class=\"size-medium wp-image-709917\" alt=\"PIXELADAS. III edici\u00f3n\" src=\"https:\/\/www.upo.es\/diario\/wp-content\/uploads\/2013\/03\/pixeladas12-13-223x320.jpg\" width=\"223\" height=\"320\" srcset=\"https:\/\/www.upo.es\/diario\/wp-content\/uploads\/2013\/03\/pixeladas12-13-223x320.jpg 223w, https:\/\/www.upo.es\/diario\/wp-content\/uploads\/2013\/03\/pixeladas12-13-716x1024.jpg 716w, https:\/\/www.upo.es\/diario\/wp-content\/uploads\/2013\/03\/pixeladas12-13-600x857.jpg 600w, https:\/\/www.upo.es\/diario\/wp-content\/uploads\/2013\/03\/pixeladas12-13.jpg 800w\" sizes=\"auto, (max-width: 223px) 100vw, 223px\" \/><\/a><figcaption id=\"caption-attachment-709917\" class=\"wp-caption-text\">PIXELADAS es una actividad coordinada por la UPO dentro del Proyecto Atalaya<\/figcaption><\/figure>\n<p>La III edici\u00f3n de \u2018<b>PIXELADAS\u2019, Percepciones de la Imagen y la Palabra<\/b>, se centrar\u00e1, tanto en su fase de formaci\u00f3n como en la de concurso, en el arte de instalaci\u00f3n y la literatura aplicada a las artes pl\u00e1sticas.<\/p>\n<p>La fase formativa de PIXELADAS est\u00e1 compuesta por dos cursos: <b>\u2018Las instalaciones art\u00edsticas como medio para pensar de forma cr\u00edtica y creativa sobre el significado de las cosas\u2019<\/b>, del 22 al 26 de abril; y <b>\u2018La literatura aplicada a las Artes Pl\u00e1sticas\u2019<\/b>, del 6 al 10 de mayo. Finaliza con un <b>taller creativo<\/b>, del 15 al 23 de mayo, en el que los participantes estar\u00e1n guiados por ambas profesoras, la artista pl\u00e1stica <b><a href=\"http:\/\/www.mariaortegaestepa.com\/\">Mar\u00eda Ortega Estepa<\/a><\/b> y la escritora <b><a href=\"http:\/\/es.wikipedia.org\/wiki\/Espido_Freire\">Espido Freire<\/a><\/b>. Los cursos tendr\u00e1n lugar en la Universidad Pablo de Olavide en horario de tarde, de 17 a 20 horas.<\/p>\n<p>Tras la fase de formaci\u00f3n se inicia la de <b>concurso<\/b>, en la que podr\u00e1n participar los alumnos inscritos en PIXELADAS III. El concurso se realizar\u00e1 tanto a nivel local, un premio por universidad, como inter-universitario. Las piezas ganadoras ser\u00e1n instaladas y expuestas en las universidades andaluzas.<\/p>\n<p>La participaci\u00f3n en PIXELADAS III est\u00e1 abierta a toda la comunidad universitaria andaluza: estudiantes, profesores y personal de administraci\u00f3n. <b>El per\u00edodo de inscripci\u00f3n finaliza el 12 de abril<\/b>. La actividad podr\u00e1 convalidarse por 3 cr\u00e9ditos o 1.2 ECTS.<\/p>\n<p>PIXELADAS es una actividad coordinada por la Universidad Pablo de Olavide dentro del Proyecto Atalaya. Esta iniciativa pretende ofrecer una formaci\u00f3n especializada en el mundo de las artes adem\u00e1s de ser un laboratorio creativo, siempre vinculado a la estrecha relaci\u00f3n entre la imagen y la palabra.<\/p>\n<p>&gt; <a href=\"http:\/\/www.upo.es\/upsc\/extension_cultural\/proyectos_atalaya\/PIXELADAS\/inscripcion_pixeladas.jsp\">Formulario de inscripci\u00f3n<\/a><\/p>\n","protected":false},"excerpt":{"rendered":"<p>La fase formativa de PIXELADAS est\u00e1 compuesta por dos cursos: \u2018Las instalaciones art\u00edsticas como medio para pensar de forma cr\u00edtica y creativa sobre el significado de las cosas\u2019 y \u2018La literatura aplicada a las Artes Pl\u00e1sticas\u2019. Finaliza con un taller creativo en el que los participantes estar\u00e1n guiados por ambas profesoras, la artista pl\u00e1stica Mar\u00eda Ortega Estepa y la escritora Espido Freire.<\/p>\n","protected":false},"author":6,"featured_media":0,"comment_status":"closed","ping_status":"open","sticky":false,"template":"","format":"standard","meta":{"_monsterinsights_skip_tracking":false,"_monsterinsights_sitenote_active":false,"_monsterinsights_sitenote_note":"","_monsterinsights_sitenote_category":0,"footnotes":""},"categories":[5],"tags":[265,59,141,401],"class_list":["post-709915","post","type-post","status-publish","format-standard","hentry","category-infoupo","tag-arte","tag-concurso","tag-curso","tag-literatura"],"_links":{"self":[{"href":"https:\/\/www.upo.es\/diario\/wp-json\/wp\/v2\/posts\/709915","targetHints":{"allow":["GET"]}}],"collection":[{"href":"https:\/\/www.upo.es\/diario\/wp-json\/wp\/v2\/posts"}],"about":[{"href":"https:\/\/www.upo.es\/diario\/wp-json\/wp\/v2\/types\/post"}],"author":[{"embeddable":true,"href":"https:\/\/www.upo.es\/diario\/wp-json\/wp\/v2\/users\/6"}],"replies":[{"embeddable":true,"href":"https:\/\/www.upo.es\/diario\/wp-json\/wp\/v2\/comments?post=709915"}],"version-history":[{"count":3,"href":"https:\/\/www.upo.es\/diario\/wp-json\/wp\/v2\/posts\/709915\/revisions"}],"predecessor-version":[{"id":709919,"href":"https:\/\/www.upo.es\/diario\/wp-json\/wp\/v2\/posts\/709915\/revisions\/709919"}],"wp:attachment":[{"href":"https:\/\/www.upo.es\/diario\/wp-json\/wp\/v2\/media?parent=709915"}],"wp:term":[{"taxonomy":"category","embeddable":true,"href":"https:\/\/www.upo.es\/diario\/wp-json\/wp\/v2\/categories?post=709915"},{"taxonomy":"post_tag","embeddable":true,"href":"https:\/\/www.upo.es\/diario\/wp-json\/wp\/v2\/tags?post=709915"}],"curies":[{"name":"wp","href":"https:\/\/api.w.org\/{rel}","templated":true}]}}