{"id":7099296,"date":"2014-12-04T20:56:45","date_gmt":"2014-12-04T20:56:45","guid":{"rendered":"https:\/\/www.upo.es\/diario\/?p=7099296"},"modified":"2014-12-09T09:46:32","modified_gmt":"2014-12-09T09:46:32","slug":"el-ayuntamiento-de-sevilla-entrega-los-premios-a-los-mejores-expedientes-academicos-de-la-upo-3","status":"publish","type":"post","link":"https:\/\/www.upo.es\/diario\/institucional\/2014\/12\/el-ayuntamiento-de-sevilla-entrega-los-premios-a-los-mejores-expedientes-academicos-de-la-upo-3\/","title":{"rendered":"El Ayuntamiento de Sevilla entrega los premios a los mejores expedientes acad\u00e9micos de la UPO"},"content":{"rendered":"<figure id=\"attachment_7099297\" aria-describedby=\"caption-attachment-7099297\" style=\"width: 600px\" class=\"wp-caption aligncenter\"><a href=\"https:\/\/www.upo.es\/diario\/wp-content\/uploads\/2014\/12\/premios_ayto14.jpg\"><img loading=\"lazy\" decoding=\"async\" class=\"size-large wp-image-7099297\" alt=\"El alcalde, acompa\u00f1ado por el rector de la Universidad Pablo de Olavide y por el rector de la Universidad de Sevilla, ha hecho entrega hoy jueves de los diplomas e insignias\" src=\"https:\/\/www.upo.es\/diario\/wp-content\/uploads\/2014\/12\/premios_ayto14-600x400.jpg\" width=\"600\" height=\"400\" srcset=\"https:\/\/www.upo.es\/diario\/wp-content\/uploads\/2014\/12\/premios_ayto14-600x400.jpg 600w, https:\/\/www.upo.es\/diario\/wp-content\/uploads\/2014\/12\/premios_ayto14-320x213.jpg 320w, https:\/\/www.upo.es\/diario\/wp-content\/uploads\/2014\/12\/premios_ayto14.jpg 2048w\" sizes=\"auto, (max-width: 600px) 100vw, 600px\" \/><\/a><figcaption id=\"caption-attachment-7099297\" class=\"wp-caption-text\">El alcalde, acompa\u00f1ado por el rector de la Universidad Pablo de Olavide y por el rector de la Universidad de Sevilla, ha hecho entrega hoy jueves de los diplomas e insignias<\/figcaption><\/figure>\n<p>El alcalde de Sevilla, Juan Ignacio Zoido, acompa\u00f1ado por el rector de la Universidad Pablo de Olavide, Vicente Guzm\u00e1n, y por el rector de la Universidad de Sevilla, Antonio Ram\u00edrez de Arellano, ha hecho entrega de los Diplomas e Insignias a los \u201cMejores Expedientes Acad\u00e9micos\u201d de las Facultades y Escuelas de las dos universidades sevillanas.<\/p>\n<p style=\"text-align: left;\" align=\"center\"><b>RELACI\u00d3N DE PREMIADOS DE LA UNIVERSIDAD PABLO DE OLAVIDE<\/b><\/p>\n<ul>\n<li>Facultad de Derecho: <b>Paloma Ales Hermosa, <\/b>graduada en Derecho<\/li>\n<li>Facultad de Ciencias Empresariales: <b>Fernando Lara Pe\u00f1a, <\/b>graduado en Administraci\u00f3n y Direcci\u00f3n de Empresas<\/li>\n<li>Facultad de Ciencias Experimentales: <b>David Caballero Pradas, <\/b>licenciado en Biotecnolog\u00eda<\/li>\n<li>Facultad de Humanidades: <b>Julio C\u00e9sar L\u00f3pez, <\/b>graduado en Traducci\u00f3n e Interpretaci\u00f3n, Franc\u00e9s<\/li>\n<li>Facultad de Ciencias Sociales: <b>Celeste Marcela Le\u00f3n Moreno, <\/b>graduada en Educaci\u00f3n Social<\/li>\n<li>Facultad de Deporte:<b> Jos\u00e9 Antonio Hern\u00e1ndez D\u00edaz, <\/b>licenciado en Ciencias de la Actividad F\u00edsica y Deporte<\/li>\n<li>Escuela Polit\u00e9cnica Superior: <b>Rub\u00e9n Recacha Camacho, <\/b>ingeniero en Inform\u00e1tica de Gesti\u00f3n<\/li>\n<\/ul>\n<div id='gallery-1' class='gallery galleryid-7099296 gallery-columns-3 gallery-size-thumbnail'><figure class='gallery-item'>\n\t\t\t<div class='gallery-icon landscape'>\n\t\t\t\t<a href='https:\/\/www.upo.es\/diario\/wp-content\/uploads\/2014\/12\/premios_ayto142.jpg'><img loading=\"lazy\" decoding=\"async\" width=\"150\" height=\"150\" src=\"https:\/\/www.upo.es\/diario\/wp-content\/uploads\/2014\/12\/premios_ayto142-150x150.jpg\" class=\"attachment-thumbnail size-thumbnail\" alt=\"\" \/><\/a>\n\t\t\t<\/div><\/figure><figure class='gallery-item'>\n\t\t\t<div class='gallery-icon landscape'>\n\t\t\t\t<a href='https:\/\/www.upo.es\/diario\/wp-content\/uploads\/2014\/12\/premios_ayto141.jpg'><img loading=\"lazy\" decoding=\"async\" width=\"150\" height=\"150\" src=\"https:\/\/www.upo.es\/diario\/wp-content\/uploads\/2014\/12\/premios_ayto141-150x150.jpg\" class=\"attachment-thumbnail size-thumbnail\" alt=\"\" \/><\/a>\n\t\t\t<\/div><\/figure><figure class='gallery-item'>\n\t\t\t<div class='gallery-icon landscape'>\n\t\t\t\t<a href='https:\/\/www.upo.es\/diario\/wp-content\/uploads\/2014\/12\/premios_ayto140.jpg'><img loading=\"lazy\" decoding=\"async\" width=\"150\" height=\"150\" src=\"https:\/\/www.upo.es\/diario\/wp-content\/uploads\/2014\/12\/premios_ayto140-150x150.jpg\" class=\"attachment-thumbnail size-thumbnail\" alt=\"\" \/><\/a>\n\t\t\t<\/div><\/figure>\n\t\t<\/div>\n\n","protected":false},"excerpt":{"rendered":"<p>El alcalde de Sevilla, Juan Ignacio Zoido, acompa\u00f1ado por el rector de la Universidad Pablo de Olavide, Vicente Guzm\u00e1n, y por el rector de la Universidad de Sevilla, Antonio Ram\u00edrez de Arellano, ha hecho entrega de los Diplomas e Insignias a los \u201cMejores Expedientes Acad\u00e9micos\u201d de las Facultades y Escuelas de las dos universidades sevillanas.<\/p>\n","protected":false},"author":6,"featured_media":0,"comment_status":"closed","ping_status":"open","sticky":false,"template":"","format":"standard","meta":{"_monsterinsights_skip_tracking":false,"_monsterinsights_sitenote_active":false,"_monsterinsights_sitenote_note":"","_monsterinsights_sitenote_category":0,"footnotes":""},"categories":[6],"tags":[621,152,21,360,122,487,81,96,379,1792,1030,38,161,1163,39,106],"class_list":["post-7099296","post","type-post","status-publish","format-standard","hentry","category-institucional","tag-ayuntamiento-de-sevilla","tag-escuela-politecnica-superior","tag-estudiantes","tag-facultad-de-ciencias-empresariales","tag-facultad-ciencias-experimentales","tag-facultad-ciencias-sociales","tag-facultad-de-derecho","tag-facultad-de-humanidades","tag-facultad-del-deporte","tag-juan-ignacio-zoido","tag-premios","tag-rector","tag-sevilla","tag-universidad-de-sevilla","tag-universidades","tag-vicente-c-guzman"],"_links":{"self":[{"href":"https:\/\/www.upo.es\/diario\/wp-json\/wp\/v2\/posts\/7099296","targetHints":{"allow":["GET"]}}],"collection":[{"href":"https:\/\/www.upo.es\/diario\/wp-json\/wp\/v2\/posts"}],"about":[{"href":"https:\/\/www.upo.es\/diario\/wp-json\/wp\/v2\/types\/post"}],"author":[{"embeddable":true,"href":"https:\/\/www.upo.es\/diario\/wp-json\/wp\/v2\/users\/6"}],"replies":[{"embeddable":true,"href":"https:\/\/www.upo.es\/diario\/wp-json\/wp\/v2\/comments?post=7099296"}],"version-history":[{"count":9,"href":"https:\/\/www.upo.es\/diario\/wp-json\/wp\/v2\/posts\/7099296\/revisions"}],"predecessor-version":[{"id":7190273,"href":"https:\/\/www.upo.es\/diario\/wp-json\/wp\/v2\/posts\/7099296\/revisions\/7190273"}],"wp:attachment":[{"href":"https:\/\/www.upo.es\/diario\/wp-json\/wp\/v2\/media?parent=7099296"}],"wp:term":[{"taxonomy":"category","embeddable":true,"href":"https:\/\/www.upo.es\/diario\/wp-json\/wp\/v2\/categories?post=7099296"},{"taxonomy":"post_tag","embeddable":true,"href":"https:\/\/www.upo.es\/diario\/wp-json\/wp\/v2\/tags?post=7099296"}],"curies":[{"name":"wp","href":"https:\/\/api.w.org\/{rel}","templated":true}]}}