{"id":7118371,"date":"2014-12-09T02:20:18","date_gmt":"2014-12-09T02:20:18","guid":{"rendered":"https:\/\/www.upo.es\/diario\/?p=7118371"},"modified":"2014-12-10T08:03:24","modified_gmt":"2014-12-10T08:03:24","slug":"un-seminario-analizara-la-proxima-semana-en-la-upo-la-significacion-sociopolitica-del-documental","status":"publish","type":"post","link":"https:\/\/www.upo.es\/diario\/institucional\/2014\/12\/un-seminario-analizara-la-proxima-semana-en-la-upo-la-significacion-sociopolitica-del-documental\/","title":{"rendered":"Un seminario analiza en la UPO la significaci\u00f3n sociopol\u00edtica del documental"},"content":{"rendered":"<figure id=\"attachment_719027\" aria-describedby=\"caption-attachment-719027\" style=\"width: 320px\" class=\"wp-caption alignright\"><a href=\"https:\/\/www.upo.es\/diario\/wp-content\/uploads\/2014\/12\/Sociopolitica_documental_21.jpg\"><img loading=\"lazy\" decoding=\"async\" class=\"size-medium wp-image-7190277\" alt=\"Sociopolitica_documental_2\" src=\"https:\/\/www.upo.es\/diario\/wp-content\/uploads\/2014\/12\/Sociopolitica_documental_21-320x213.jpg\" width=\"320\" height=\"213\" srcset=\"https:\/\/www.upo.es\/diario\/wp-content\/uploads\/2014\/12\/Sociopolitica_documental_21-320x213.jpg 320w, https:\/\/www.upo.es\/diario\/wp-content\/uploads\/2014\/12\/Sociopolitica_documental_21-600x400.jpg 600w\" sizes=\"auto, (max-width: 320px) 100vw, 320px\" \/><\/a><figcaption id=\"caption-attachment-719027\" class=\"wp-caption-text\">Dodumental pol\u00edtico analizado por Rafael Rodr\u00edguez Prieto, profesor de Filosof\u00eda del Derecho<\/figcaption><\/figure>\n<p>El Seminario sobre la significaci\u00f3n sociopol\u00edtica del documental comienza hoy martes,\u00a0 en la sala de grados del edificio 7 de la Universidad Pablo de Olavide. El documental, g\u00e9nero que vive un auge desde hace varios a\u00f1os, ser\u00e1 analizado<strong> como medio para mejorar el conocimiento de aspectos jur\u00eddicos, pol\u00edticos y sociales de la realidad actual<\/strong>. Tambi\u00e9n se analizar\u00e1 la posibilidad de su uso como herramienta educativa. El seminario ha sido organizado por la Facultad de Derecho y el Laboratorio de Ideas y Pr\u00e1cticas Pol\u00edticas (LIPPO), centro de investigaci\u00f3n de la UPO. La entrada es libre y gratuita hasta completar aforo.<\/p>\n<p>&nbsp;<\/p>\n<p style=\"text-align: left;\" align=\"center\"><b>SEMINARIO SOBRE LA SIGNIFICACI\u00d3N SOCIOPOL\u00cdTICA DEL DOCUMENTAL<br \/>\n<\/b><b>Universidad Pablo de Olavide. Sevilla. Edificio 7, sala de grados<\/b><\/p>\n<p><b>Martes, 9 de diciembre<\/b><\/p>\n<p>10.00: Inauguraci\u00f3n.<a href=\"https:\/\/www.upo.es\/diario\/wp-content\/uploads\/2014\/12\/sociopolitica.jpg\"><img loading=\"lazy\" decoding=\"async\" class=\"alignright size-medium wp-image-7118372\" alt=\"sociopolitica\" src=\"https:\/\/www.upo.es\/diario\/wp-content\/uploads\/2014\/12\/sociopolitica-231x320.jpg\" width=\"231\" height=\"320\" srcset=\"https:\/\/www.upo.es\/diario\/wp-content\/uploads\/2014\/12\/sociopolitica-231x320.jpg 231w, https:\/\/www.upo.es\/diario\/wp-content\/uploads\/2014\/12\/sociopolitica-433x600.jpg 433w, https:\/\/www.upo.es\/diario\/wp-content\/uploads\/2014\/12\/sociopolitica-600x830.jpg 600w, https:\/\/www.upo.es\/diario\/wp-content\/uploads\/2014\/12\/sociopolitica.jpg 1216w\" sizes=\"auto, (max-width: 231px) 100vw, 231px\" \/><\/a><\/p>\n<p>Primera Sesi\u00f3n<br \/>\n10.15-13.00: <i>El documental pol\u00edtico. Significaci\u00f3n jur\u00eddica y pol\u00edtica en la crisis-estafa.<br \/>\n<\/i>Rafael Rodr\u00edguez Prieto. UPO. Miembro del LIPPO. Profesor de Filosof\u00eda del Derecho.<\/p>\n<p>Segunda Sesi\u00f3n:<br \/>\n18.00-20.30: <i>El documental Pol\u00edtico y los otros. El caso de Burkina faso.<br \/>\n<\/i>Michel Kambir\u00e9. Miembro del LIPPO. Profesor de Filosof\u00eda del Derecho y experto en Estudios Africanos.<\/p>\n<p><b>Mi\u00e9rcoles, 10 de diciembre<\/b><\/p>\n<p>Tercera Sesi\u00f3n<br \/>\n12.00-14.30: <i>El documental pol\u00edtico. Una perspectiva ideol\u00f3gica sobre la ciencia.<br \/>\n<\/i>Alberto Gonz\u00e1lez Pascual. PRISA Digital y Universidad Rey Juan Carlos<\/p>\n<p>Cuarta sesi\u00f3n<br \/>\n17.00- 20.30: <i>El documental pol\u00edtico y la guerra de Internet.<br \/>\n<\/i>Fernando Mart\u00ednez Cabezudo. UPO. Miembro del LIPPO. Profesor de Filosof\u00eda del Derecho<\/p>\n<p>20.30: Clausura y entrega de certificados.<\/p>\n","protected":false},"excerpt":{"rendered":"<p>El documental, g\u00e9nero que vive un auge desde hace varios a\u00f1os, ser\u00e1 analizado como medio para mejorar el conocimiento de aspectos jur\u00eddicos, pol\u00edticos y sociales de la realidad actual. Tambi\u00e9n se analizar\u00e1 la posibilidad de su uso como herramienta educativa.<\/p>\n","protected":false},"author":6,"featured_media":0,"comment_status":"closed","ping_status":"open","sticky":false,"template":"","format":"standard","meta":{"_monsterinsights_skip_tracking":false,"_monsterinsights_sitenote_active":false,"_monsterinsights_sitenote_note":"","_monsterinsights_sitenote_category":0,"footnotes":""},"categories":[6],"tags":[937,87,222,256,76,78],"class_list":["post-7118371","post","type-post","status-publish","format-standard","hentry","category-institucional","tag-cine","tag-derecho","tag-documental","tag-lippo","tag-politica","tag-seminario"],"_links":{"self":[{"href":"https:\/\/www.upo.es\/diario\/wp-json\/wp\/v2\/posts\/7118371","targetHints":{"allow":["GET"]}}],"collection":[{"href":"https:\/\/www.upo.es\/diario\/wp-json\/wp\/v2\/posts"}],"about":[{"href":"https:\/\/www.upo.es\/diario\/wp-json\/wp\/v2\/types\/post"}],"author":[{"embeddable":true,"href":"https:\/\/www.upo.es\/diario\/wp-json\/wp\/v2\/users\/6"}],"replies":[{"embeddable":true,"href":"https:\/\/www.upo.es\/diario\/wp-json\/wp\/v2\/comments?post=7118371"}],"version-history":[{"count":8,"href":"https:\/\/www.upo.es\/diario\/wp-json\/wp\/v2\/posts\/7118371\/revisions"}],"predecessor-version":[{"id":7207342,"href":"https:\/\/www.upo.es\/diario\/wp-json\/wp\/v2\/posts\/7118371\/revisions\/7207342"}],"wp:attachment":[{"href":"https:\/\/www.upo.es\/diario\/wp-json\/wp\/v2\/media?parent=7118371"}],"wp:term":[{"taxonomy":"category","embeddable":true,"href":"https:\/\/www.upo.es\/diario\/wp-json\/wp\/v2\/categories?post=7118371"},{"taxonomy":"post_tag","embeddable":true,"href":"https:\/\/www.upo.es\/diario\/wp-json\/wp\/v2\/tags?post=7118371"}],"curies":[{"name":"wp","href":"https:\/\/api.w.org\/{rel}","templated":true}]}}