{"id":717487,"date":"2013-03-25T10:04:06","date_gmt":"2013-03-25T10:04:06","guid":{"rendered":"https:\/\/www.upo.es\/diario\/?p=717487"},"modified":"2013-03-25T10:04:06","modified_gmt":"2013-03-25T10:04:06","slug":"apto-cum-laude-para-la-tesis-efectos-del-envejecimiento-sobre-la-dinamica-cortical-que-subyace-a-la-formacion-de-la-memoria-asociativa","status":"publish","type":"post","link":"https:\/\/www.upo.es\/diario\/tesis\/2013\/03\/apto-cum-laude-para-la-tesis-efectos-del-envejecimiento-sobre-la-dinamica-cortical-que-subyace-a-la-formacion-de-la-memoria-asociativa\/","title":{"rendered":"Apto Cum Laude para la tesis \u201cEfectos del envejecimiento sobre la din\u00e1mica cortical que subyace a la formaci\u00f3n de la memoria asociativa\u201d"},"content":{"rendered":"<p>El viernes 22 de marzo tuvo lugar en la sala de grados del edificio 6, la defensa p\u00fablica de la tesis doctoral titulada \u00abEfectos del envejecimiento sobre la din\u00e1mica cortical que subyace a la formaci\u00f3n de la memoria asociativa\u201d, de la que es autora Mait\u00e9 Crespo Garc\u00eda. Esta tesis doctoral, dirigida por los profesores doctores Mercedes Atienza Ruiz y Jos\u00e9 Luis Cantero Lorente, de la Universidad Pablo de Olavide, ha obtenido la calificaci\u00f3n de Apto Cum Laude.<\/p>\n","protected":false},"excerpt":{"rendered":"<p>El viernes 22 de marzo tuvo lugar en la sala de grados del edificio 6, la defensa p\u00fablica de la tesis doctoral titulada \u00abEfectos del envejecimiento sobre la din\u00e1mica cortical que subyace a la formaci\u00f3n de la memoria asociativa\u201d, de la que es autora Mait\u00e9 Crespo Garc\u00eda. Esta tesis doctoral, dirigida por los profesores doctores Mercedes Atienza Ruiz y Jos\u00e9 Luis Cantero Lorente, de la Universidad Pablo de Olavide, ha obtenido la calificaci\u00f3n de Apto Cum Laude.<\/p>\n","protected":false},"author":5,"featured_media":0,"comment_status":"closed","ping_status":"open","sticky":false,"template":"","format":"standard","meta":{"_monsterinsights_skip_tracking":false,"_monsterinsights_sitenote_active":false,"_monsterinsights_sitenote_note":"","_monsterinsights_sitenote_category":0,"footnotes":""},"categories":[119],"tags":[271],"class_list":["post-717487","post","type-post","status-publish","format-standard","hentry","category-tesis","tag-envejecimiento"],"_links":{"self":[{"href":"https:\/\/www.upo.es\/diario\/wp-json\/wp\/v2\/posts\/717487","targetHints":{"allow":["GET"]}}],"collection":[{"href":"https:\/\/www.upo.es\/diario\/wp-json\/wp\/v2\/posts"}],"about":[{"href":"https:\/\/www.upo.es\/diario\/wp-json\/wp\/v2\/types\/post"}],"author":[{"embeddable":true,"href":"https:\/\/www.upo.es\/diario\/wp-json\/wp\/v2\/users\/5"}],"replies":[{"embeddable":true,"href":"https:\/\/www.upo.es\/diario\/wp-json\/wp\/v2\/comments?post=717487"}],"version-history":[{"count":1,"href":"https:\/\/www.upo.es\/diario\/wp-json\/wp\/v2\/posts\/717487\/revisions"}],"predecessor-version":[{"id":717488,"href":"https:\/\/www.upo.es\/diario\/wp-json\/wp\/v2\/posts\/717487\/revisions\/717488"}],"wp:attachment":[{"href":"https:\/\/www.upo.es\/diario\/wp-json\/wp\/v2\/media?parent=717487"}],"wp:term":[{"taxonomy":"category","embeddable":true,"href":"https:\/\/www.upo.es\/diario\/wp-json\/wp\/v2\/categories?post=717487"},{"taxonomy":"post_tag","embeddable":true,"href":"https:\/\/www.upo.es\/diario\/wp-json\/wp\/v2\/tags?post=717487"}],"curies":[{"name":"wp","href":"https:\/\/api.w.org\/{rel}","templated":true}]}}