{"id":7192602,"date":"2014-12-09T13:33:16","date_gmt":"2014-12-09T13:33:16","guid":{"rendered":"https:\/\/www.upo.es\/diario\/?p=7192602"},"modified":"2014-12-11T08:15:24","modified_gmt":"2014-12-11T08:15:24","slug":"la-profesora-de-la-upo-martina-carrete-premio-francisco-bernis-en-la-categoria-de-investigacion","status":"publish","type":"post","link":"https:\/\/www.upo.es\/diario\/institucional\/2014\/12\/la-profesora-de-la-upo-martina-carrete-premio-francisco-bernis-en-la-categoria-de-investigacion\/","title":{"rendered":"La profesora de la UPO Martina Carrete, Premio Francisco Bernis en la categor\u00eda de investigaci\u00f3n"},"content":{"rendered":"<figure id=\"attachment_719260\" aria-describedby=\"caption-attachment-719260\" style=\"width: 320px\" class=\"wp-caption alignright\"><img loading=\"lazy\" decoding=\"async\" class=\"size-medium wp-image-7192603 \" alt=\"premio_bernis\" src=\"https:\/\/www.upo.es\/diario\/wp-content\/uploads\/2014\/12\/premio_bernis-320x213.jpg\" width=\"320\" height=\"213\" srcset=\"https:\/\/www.upo.es\/diario\/wp-content\/uploads\/2014\/12\/premio_bernis-320x213.jpg 320w, https:\/\/www.upo.es\/diario\/wp-content\/uploads\/2014\/12\/premio_bernis-600x399.jpg 600w, https:\/\/www.upo.es\/diario\/wp-content\/uploads\/2014\/12\/premio_bernis.jpg 1024w\" sizes=\"auto, (max-width: 320px) 100vw, 320px\" \/><figcaption id=\"caption-attachment-719260\" class=\"wp-caption-text\">Martina Carrete, junto al resto de premiados en el marco del XXII Congreso Espa\u00f1ol de Ornitolog\u00eda.<br \/>Foto \u00a9SEO\/BirdLife<\/figcaption><\/figure>\n<p>La profesora de la Universidad Pablo de Olavide<strong> Martina Carrete ha sido distinguida con el Premio Francisco Bernis que otorga SEO\/BirdLife en la categor\u00eda de Investigaci\u00f3n, en el marco del XXII Congreso Espa\u00f1ol de Ornitolog\u00eda<\/strong> que se ha celebrado en Madrid. El jurado ha resaltado las aportaciones de Carrete a la biolog\u00eda de la conservaci\u00f3n, \u201cinicialmente centradas en especies amenazadas de rapaces, pero que en la actualidad trascienden a otros campos como la gesti\u00f3n del territorio, las invasiones biol\u00f3gicas o la adaptacion a ambientes urbanos\u201d.<\/p>\n<p>El acto de entrega de premios fue inaugurado el pasado s\u00e1bado por la directora general de Medio Natural, Guillermina Yanguas, quien ha puesto en valor este congreso como \u201cun evento que demuestra la verdadera esencia cient\u00edfica de SEO\/BirdLife\u201d.<\/p>\n<p>Por su parte, el presidente de SEO\/BirdLife, Eduardo De Juana, ha defendido la importancia de este congreso, \u201cpieza clave en la estrategia de la organizaci\u00f3n para abrirnos a la sociedad y comunicar nuestro mensaje\u201d.<\/p>\n<p>En la inauguraci\u00f3n tambi\u00e9n intervino el director de BirdLife Europa, el italiano Angelo Caserta, quien ha alabado la pasi\u00f3n de los miembros y socios de SEO\/BirdLife, \u201cuna pasi\u00f3n que no he visto nunca en ninguna otra ONG\u201d.<\/p>\n<p>En el mismo acto tambi\u00e9n han resultado premiados la redacci\u00f3n de EFEverde de la Agencia EFE por su labor de divulgaci\u00f3n de asuntos relacionados con el medio ambiente; la Estaci\u00f3n Biol\u00f3gica de Do\u00f1ana por su trayectoria; los agentes forestales y medioambientales en la categor\u00eda de Conservaci\u00f3n, adem\u00e1s de la investigadora Martina Carrete, en el apartado de Investigaci\u00f3n.<\/p>\n<p>El Congreso Espa\u00f1ol de Ornitolog\u00eda, celebrado del 6 al 9 de diciembre en la sede madrile\u00f1a de CaixaForum, re\u00fane a investigadores del m\u00e1s alto nivel, que exponen sus estudios m\u00e1s recientes y relevantes acerca de multitud de aspectos relacionados con el mundo de las aves.<\/p>\n<p><b>Martina Carrete<\/b> es profesora del Departamento de Sistemas F\u00edsicos, Qu\u00edmicos y Naturales de la Universidad Pablo de Olavide y doctora asociada del CSIC en la Estaci\u00f3n Biol\u00f3gica de Do\u00f1ana. Sus l\u00edneas de investigaci\u00f3n incluyen la biodiversidad y cambio global, biolog\u00eda de la conservaci\u00f3n, ecolog\u00eda del comportamiento, ecolog\u00eda de especies amenazadas, ecolog\u00eda de poblaciones, ecolog\u00eda de especies invasoras y en expansi\u00f3n, efectos de la transformaci\u00f3n del medio sobre la biodiversidad.<\/p>\n<p>&nbsp;<\/p>\n","protected":false},"excerpt":{"rendered":"<p>La profesora de la Universidad Pablo de Olavide Martina Carrete ha sido distinguida con el Premio Francisco Bernis que otorga SEO\/BirdLife en la categor\u00eda de Investigaci\u00f3n, en el marco del XXII Congreso Espa\u00f1ol de Ornitolog\u00eda que se ha celebrado en Madrid. El jurado ha resaltado las aportaciones de Carrete a la biolog\u00eda de la conservaci\u00f3n.<\/p>\n","protected":false},"author":8,"featured_media":0,"comment_status":"closed","ping_status":"open","sticky":false,"template":"","format":"standard","meta":{"_acf_changed":false,"_monsterinsights_skip_tracking":false,"footnotes":""},"categories":[6],"tags":[246,354,2059,2060,58],"class_list":["post-7192602","post","type-post","status-publish","format-standard","hentry","category-institucional","tag-biologia","tag-congreso","tag-martina-carrete","tag-ornitologia","tag-premio"],"acf":[],"_links":{"self":[{"href":"https:\/\/www.upo.es\/diario\/wp-json\/wp\/v2\/posts\/7192602","targetHints":{"allow":["GET"]}}],"collection":[{"href":"https:\/\/www.upo.es\/diario\/wp-json\/wp\/v2\/posts"}],"about":[{"href":"https:\/\/www.upo.es\/diario\/wp-json\/wp\/v2\/types\/post"}],"author":[{"embeddable":true,"href":"https:\/\/www.upo.es\/diario\/wp-json\/wp\/v2\/users\/8"}],"replies":[{"embeddable":true,"href":"https:\/\/www.upo.es\/diario\/wp-json\/wp\/v2\/comments?post=7192602"}],"version-history":[{"count":5,"href":"https:\/\/www.upo.es\/diario\/wp-json\/wp\/v2\/posts\/7192602\/revisions"}],"predecessor-version":[{"id":7226608,"href":"https:\/\/www.upo.es\/diario\/wp-json\/wp\/v2\/posts\/7192602\/revisions\/7226608"}],"wp:attachment":[{"href":"https:\/\/www.upo.es\/diario\/wp-json\/wp\/v2\/media?parent=7192602"}],"wp:term":[{"taxonomy":"category","embeddable":true,"href":"https:\/\/www.upo.es\/diario\/wp-json\/wp\/v2\/categories?post=7192602"},{"taxonomy":"post_tag","embeddable":true,"href":"https:\/\/www.upo.es\/diario\/wp-json\/wp\/v2\/tags?post=7192602"}],"curies":[{"name":"wp","href":"https:\/\/api.w.org\/{rel}","templated":true}]}}