{"id":7211155,"date":"2014-12-10T00:42:14","date_gmt":"2014-12-10T00:42:14","guid":{"rendered":"https:\/\/www.upo.es\/diario\/?p=7211155"},"modified":"2014-12-11T07:46:16","modified_gmt":"2014-12-11T07:46:16","slug":"la-upo-celebra-el-dia-internacional-del-voluntariado-con-diversas-actividades-solidarias","status":"publish","type":"post","link":"https:\/\/www.upo.es\/diario\/institucional\/2014\/12\/la-upo-celebra-el-dia-internacional-del-voluntariado-con-diversas-actividades-solidarias\/","title":{"rendered":"La UPO celebra el D\u00eda Internacional del Voluntariado con diversas actividades solidarias"},"content":{"rendered":"<figure id=\"attachment_7211157\" aria-describedby=\"caption-attachment-7211157\" style=\"width: 320px\" class=\"wp-caption alignright\"><a href=\"https:\/\/www.upo.es\/diario\/wp-content\/uploads\/2014\/12\/diavolunta14.jpg\"><img loading=\"lazy\" decoding=\"async\" class=\"size-medium wp-image-7211157\" alt=\"Entidades de voluntariado muestran sus proyectos en los stands ubicados en el campus\" src=\"https:\/\/www.upo.es\/diario\/wp-content\/uploads\/2014\/12\/diavolunta14-320x213.jpg\" width=\"320\" height=\"213\" srcset=\"https:\/\/www.upo.es\/diario\/wp-content\/uploads\/2014\/12\/diavolunta14-320x213.jpg 320w, https:\/\/www.upo.es\/diario\/wp-content\/uploads\/2014\/12\/diavolunta14-600x399.jpg 600w\" sizes=\"auto, (max-width: 320px) 100vw, 320px\" \/><\/a><figcaption id=\"caption-attachment-7211157\" class=\"wp-caption-text\">Entidades de voluntariado muestran sus proyectos en los stands ubicados en el campus<\/figcaption><\/figure>\n<p>La Universidad Pablo de Olavide ha celebrado hoy diferentes actividades para celebrar el<strong> D\u00eda Internacional de Voluntariado<\/strong> que se conmemora anualmente el 5 de diciembre, entre las que destaca la exposici\u00f3n de stands de entidades de voluntariado para dar a conocer a la comunidad universitaria sus proyectos. En este contexto, tambi\u00e9n se ha celebrado el concurso \u201cDecora tu stand\u201d, destinado a los miembros de las entidades participantes y cuyo premio se ha entregado al final de la ma\u00f1ana.<\/p>\n<p>Tambi\u00e9n se ha organizado un pasacalles, la lectura de un manifiesto contra la intolerancia, e incluso elmontaje de un \u00e1rbol de Navidad donde cada participante ha podido colgar su deseo para el pr\u00f3ximo a\u00f1o.<\/p>\n<p>En esta iniciativa han participado la Asociaci\u00f3n Juvenil Cucamona,\u00a0 Movimiento contra la Intolerancia, Ong Sed,Asociaci\u00f3n de Personas con Enfermedad Mental, Familiares y Allegados (ASEMFA), Asociaci\u00f3n Cultural de Personas Sordas, Asociaci\u00f3n Andaluza de Trasplantados Hep\u00e1ticos, Fundaci\u00f3n Mornese, Asociaci\u00f3n Sevillana Lucha contra el Alzheimer (ASLA), Asociaci\u00f3n de Terapias Ecuestres Paso a Paso, ONGD VidesSur, Asociaci\u00f3n Alcalare\u00f1a de Educaci\u00f3n Especial (AAEE), Cruz Roja, Fundaci\u00f3n Cristo Vive, Fundaci\u00f3n Red Madre, ONG Educar en la Calle, Fundaci\u00f3n Gota de Leche, Asociaci\u00f3n para Personas con Discapacidad Intelectual y sus familias Mater Magistra, Fundaci\u00f3n Benjamin Mehnert, Comisi\u00f3n Espa\u00f1ola de Ayuda al Refugiado (CEAR), Banco del Tiempo, ONG Entreculturas, Medicos del Mundo, Asociaci\u00f3n Sevillana de Asistencia (ASA), Asociaci\u00f3n Gitana Vencedores, Movimiento por la Paz, el Desarme y la Libertad (MPDL), Asociaci\u00f3n Paz y Bien, Fundaci\u00f3n TAS y Fundaci\u00f3n Prodean.<\/p>\n<p>El Vicerrectorado de Cultura, Participaci\u00f3n y Compromiso Social de la UPO, a trav\u00e9s de su Oficina de Voluntariado y Solidaridad, pretende con esta celebraci\u00f3n sensibilizar a la comunidad universitaria de la importancia y necesidad del voluntariado en nuestra sociedad, as\u00ed como ofrecer informaci\u00f3n sobre la labor que realizan las asociaciones y entidades de voluntariado. Esta iniciativa se celebra con la colaboraci\u00f3n de la Direcci\u00f3n General de Derechos de la Ciudadan\u00eda, Participaci\u00f3n y Voluntariado de la Consejer\u00eda de Administraci\u00f3n Local y Relaciones Institucionales de la Junta de Andaluc\u00eda.<\/p>\n<p><b>\u00a0<\/b><\/p>\n","protected":false},"excerpt":{"rendered":"<p>La Universidad Pablo de Olavide ha celebrado hoy diferentes actividades para celebrar el D\u00eda Internacional de Voluntariado que se conmemora anualmente el 5 de diciembre, entre las que destaca la exposici\u00f3n de stands de entidades de voluntariado para dar a conocer a la comunidad universitaria sus proyectos. En este contexto, tambi\u00e9n se ha celebrado el concurso \u201cDecora tu stand\u201d, destinado a los miembros de las entidades participantes y cuyo premio se ha entregado al final de la ma\u00f1ana.<\/p>\n","protected":false},"author":6,"featured_media":0,"comment_status":"closed","ping_status":"open","sticky":false,"template":"","format":"standard","meta":{"_monsterinsights_skip_tracking":false,"_monsterinsights_sitenote_active":false,"_monsterinsights_sitenote_note":"","_monsterinsights_sitenote_category":0,"footnotes":""},"categories":[6],"tags":[1168,1024,86],"class_list":["post-7211155","post","type-post","status-publish","format-standard","hentry","category-institucional","tag-oficina-de-voluntariado-y-solidaridad","tag-solidaridad","tag-voluntariado"],"_links":{"self":[{"href":"https:\/\/www.upo.es\/diario\/wp-json\/wp\/v2\/posts\/7211155","targetHints":{"allow":["GET"]}}],"collection":[{"href":"https:\/\/www.upo.es\/diario\/wp-json\/wp\/v2\/posts"}],"about":[{"href":"https:\/\/www.upo.es\/diario\/wp-json\/wp\/v2\/types\/post"}],"author":[{"embeddable":true,"href":"https:\/\/www.upo.es\/diario\/wp-json\/wp\/v2\/users\/6"}],"replies":[{"embeddable":true,"href":"https:\/\/www.upo.es\/diario\/wp-json\/wp\/v2\/comments?post=7211155"}],"version-history":[{"count":4,"href":"https:\/\/www.upo.es\/diario\/wp-json\/wp\/v2\/posts\/7211155\/revisions"}],"predecessor-version":[{"id":7226601,"href":"https:\/\/www.upo.es\/diario\/wp-json\/wp\/v2\/posts\/7211155\/revisions\/7226601"}],"wp:attachment":[{"href":"https:\/\/www.upo.es\/diario\/wp-json\/wp\/v2\/media?parent=7211155"}],"wp:term":[{"taxonomy":"category","embeddable":true,"href":"https:\/\/www.upo.es\/diario\/wp-json\/wp\/v2\/categories?post=7211155"},{"taxonomy":"post_tag","embeddable":true,"href":"https:\/\/www.upo.es\/diario\/wp-json\/wp\/v2\/tags?post=7211155"}],"curies":[{"name":"wp","href":"https:\/\/api.w.org\/{rel}","templated":true}]}}