{"id":723171,"date":"2013-04-01T06:53:48","date_gmt":"2013-04-01T06:53:48","guid":{"rendered":"https:\/\/www.upo.es\/diario\/?p=723171"},"modified":"2013-04-01T07:35:26","modified_gmt":"2013-04-01T07:35:26","slug":"el-rector-de-la-upo-y-la-consejera-de-la-presidencia-e-igualdad-firman-un-convenio-de-cooperacion-educativa","status":"publish","type":"post","link":"https:\/\/www.upo.es\/diario\/institucional\/2013\/04\/el-rector-de-la-upo-y-la-consejera-de-la-presidencia-e-igualdad-firman-un-convenio-de-cooperacion-educativa\/","title":{"rendered":"El rector de la UPO y la consejera de la Presidencia e Igualdad firman un convenio de cooperaci\u00f3n educativa"},"content":{"rendered":"<p><span style=\"text-decoration: underline;\">Hoy lunes , a las 12 horas en el Palacio de San Telmo<\/span>, el rector de la Universidad Pablo de Olavide, Vicente Guzm\u00e1n Fluja, y la consejera de la Presidencia e Igualdad, Susana D\u00edaz Pacheco, firmar\u00e1n un acuerdo de colaboraci\u00f3n mediante el cual los alumnos de la Universidad Pablo de Olavide podr\u00e1n realizar pr\u00e1cticas acad\u00e9micas externas en la Secretar\u00eda General de Relaciones con el Parlamento.<\/p>\n","protected":false},"excerpt":{"rendered":"<p>Hoy lunes , a las 12 horas en el Palacio de San Telmo, el rector de la Universidad Pablo de Olavide, Vicente Guzm\u00e1n Fluja, y la consejera de la Presidencia e Igualdad, Susana D\u00edaz Pacheco, firmar\u00e1n un acuerdo de colaboraci\u00f3n mediante el cual los alumnos de la Universidad Pablo de Olavide podr\u00e1n realizar pr\u00e1cticas acad\u00e9micas externas en la Secretar\u00eda General de Relaciones con el Parlamento.<\/p>\n","protected":false},"author":2,"featured_media":0,"comment_status":"closed","ping_status":"open","sticky":false,"template":"","format":"standard","meta":{"_monsterinsights_skip_tracking":false,"_monsterinsights_sitenote_active":false,"_monsterinsights_sitenote_note":"","_monsterinsights_sitenote_category":0,"footnotes":""},"categories":[6],"tags":[326,138,65,38],"class_list":["post-723171","post","type-post","status-publish","format-standard","hentry","category-institucional","tag-convenio","tag-parlamento","tag-practicas","tag-rector"],"_links":{"self":[{"href":"https:\/\/www.upo.es\/diario\/wp-json\/wp\/v2\/posts\/723171","targetHints":{"allow":["GET"]}}],"collection":[{"href":"https:\/\/www.upo.es\/diario\/wp-json\/wp\/v2\/posts"}],"about":[{"href":"https:\/\/www.upo.es\/diario\/wp-json\/wp\/v2\/types\/post"}],"author":[{"embeddable":true,"href":"https:\/\/www.upo.es\/diario\/wp-json\/wp\/v2\/users\/2"}],"replies":[{"embeddable":true,"href":"https:\/\/www.upo.es\/diario\/wp-json\/wp\/v2\/comments?post=723171"}],"version-history":[{"count":5,"href":"https:\/\/www.upo.es\/diario\/wp-json\/wp\/v2\/posts\/723171\/revisions"}],"predecessor-version":[{"id":736051,"href":"https:\/\/www.upo.es\/diario\/wp-json\/wp\/v2\/posts\/723171\/revisions\/736051"}],"wp:attachment":[{"href":"https:\/\/www.upo.es\/diario\/wp-json\/wp\/v2\/media?parent=723171"}],"wp:term":[{"taxonomy":"category","embeddable":true,"href":"https:\/\/www.upo.es\/diario\/wp-json\/wp\/v2\/categories?post=723171"},{"taxonomy":"post_tag","embeddable":true,"href":"https:\/\/www.upo.es\/diario\/wp-json\/wp\/v2\/tags?post=723171"}],"curies":[{"name":"wp","href":"https:\/\/api.w.org\/{rel}","templated":true}]}}