{"id":7306851,"date":"2014-12-15T12:23:35","date_gmt":"2014-12-15T12:23:35","guid":{"rendered":"https:\/\/www.upo.es\/diario\/?p=7306851"},"modified":"2014-12-17T07:59:34","modified_gmt":"2014-12-17T07:59:34","slug":"convenio-entre-el-rector-de-la-upo-y-el-decano-de-andalucia-occidental-del-colegio-de-registradores-de-la-propiedad","status":"publish","type":"post","link":"https:\/\/www.upo.es\/diario\/institucional\/2014\/12\/convenio-entre-el-rector-de-la-upo-y-el-decano-de-andalucia-occidental-del-colegio-de-registradores-de-la-propiedad\/","title":{"rendered":"Convenio entre el rector de la UPO y el decano de Andaluc\u00eda occidental del Colegio de Registradores de la Propiedad"},"content":{"rendered":"<figure id=\"attachment_730685\" aria-describedby=\"caption-attachment-730685\" style=\"width: 600px\" class=\"wp-caption aligncenter\"><a href=\"https:\/\/www.upo.es\/diario\/wp-content\/uploads\/2014\/12\/conve_registradores.jpg\"><img loading=\"lazy\" decoding=\"async\" class=\"size-large wp-image-7306852\" alt=\"conve_registradores\" src=\"https:\/\/www.upo.es\/diario\/wp-content\/uploads\/2014\/12\/conve_registradores-600x400.jpg\" width=\"600\" height=\"400\" srcset=\"https:\/\/www.upo.es\/diario\/wp-content\/uploads\/2014\/12\/conve_registradores-600x400.jpg 600w, https:\/\/www.upo.es\/diario\/wp-content\/uploads\/2014\/12\/conve_registradores-320x213.jpg 320w\" sizes=\"auto, (max-width: 600px) 100vw, 600px\" \/><\/a><figcaption id=\"caption-attachment-730685\" class=\"wp-caption-text\">Firma del protocolo de colaboraci\u00f3n por Vicente Guzm\u00e1n Fluja y Juan Jos\u00e9 Pretel Serrano<\/figcaption><\/figure>\n<p style=\"text-align: left;\">El rector de la Universidad Pablo de Olavide, Vicente Guzm\u00e1n Fluja, y el decano territorial de Andaluc\u00eda occidental del Colegio de Registradores de la Propiedad y Mercantiles, Juan Jos\u00e9 Pretel Serrano, han firmado un protocolo de colaboraci\u00f3n que sienta las bases para la realizaci\u00f3n de actividades formativas que se llevar\u00e1n a cabo conjuntamente.<\/p>\n<p>La firma de este convenio tiene por objeto fijar el marco para las relaciones entre ambas instituciones, y responde al objetivo principal de, mediante convenios espec\u00edficos, desarrollar distintos \u00e1mbitos de cooperaci\u00f3n. As\u00ed, en el \u00e1mbito de este acuerdo est\u00e1 previsto el desarrollo de actividades conjuntas en el \u00e1rea formativa y de investigaci\u00f3n, as\u00ed como la realizaci\u00f3n de pr\u00e1cticas curriculares de estudiantes de grado y de postgrado en los distintos Registros adscritos al Colegio.<\/p>\n<p>Tanto el rector de la UPO como el decano territorial de Andaluc\u00eda occidental del Colegio de Registradores de la Propiedad y Mercantiles han mostrado su satisfacci\u00f3n por la firma de este convenio que permitir\u00e1 a ambas instituciones estrechar relaciones y organizar actividades de manera conjunta.<\/p>\n","protected":false},"excerpt":{"rendered":"<p>El rector de la Universidad Pablo de Olavide, Vicente Guzm\u00e1n Fluja, y el decano territorial de Andaluc\u00eda occidental del Colegio de Registradores de la Propiedad y Mercantiles, Juan Jos\u00e9 Pretel Serrano, han firmado un protocolo de colaboraci\u00f3n que sienta las bases para la realizaci\u00f3n de actividades formativas que se llevar\u00e1n a cabo conjuntamente.<\/p>\n","protected":false},"author":9,"featured_media":0,"comment_status":"closed","ping_status":"open","sticky":false,"template":"","format":"standard","meta":{"_monsterinsights_skip_tracking":false,"_monsterinsights_sitenote_active":false,"_monsterinsights_sitenote_note":"","_monsterinsights_sitenote_category":0,"footnotes":""},"categories":[6],"tags":[190,326,1425,2071,1657,491,1915],"class_list":["post-7306851","post","type-post","status-publish","format-standard","hentry","category-institucional","tag-andalucia","tag-convenio","tag-firma","tag-juan-jose-pretel","tag-universidad-pablo-de-olavide","tag-upo","tag-vicente-guzman-fluja"],"_links":{"self":[{"href":"https:\/\/www.upo.es\/diario\/wp-json\/wp\/v2\/posts\/7306851","targetHints":{"allow":["GET"]}}],"collection":[{"href":"https:\/\/www.upo.es\/diario\/wp-json\/wp\/v2\/posts"}],"about":[{"href":"https:\/\/www.upo.es\/diario\/wp-json\/wp\/v2\/types\/post"}],"author":[{"embeddable":true,"href":"https:\/\/www.upo.es\/diario\/wp-json\/wp\/v2\/users\/9"}],"replies":[{"embeddable":true,"href":"https:\/\/www.upo.es\/diario\/wp-json\/wp\/v2\/comments?post=7306851"}],"version-history":[{"count":3,"href":"https:\/\/www.upo.es\/diario\/wp-json\/wp\/v2\/posts\/7306851\/revisions"}],"predecessor-version":[{"id":7343337,"href":"https:\/\/www.upo.es\/diario\/wp-json\/wp\/v2\/posts\/7306851\/revisions\/7343337"}],"wp:attachment":[{"href":"https:\/\/www.upo.es\/diario\/wp-json\/wp\/v2\/media?parent=7306851"}],"wp:term":[{"taxonomy":"category","embeddable":true,"href":"https:\/\/www.upo.es\/diario\/wp-json\/wp\/v2\/categories?post=7306851"},{"taxonomy":"post_tag","embeddable":true,"href":"https:\/\/www.upo.es\/diario\/wp-json\/wp\/v2\/tags?post=7306851"}],"curies":[{"name":"wp","href":"https:\/\/api.w.org\/{rel}","templated":true}]}}