{"id":7306855,"date":"2014-12-15T00:44:55","date_gmt":"2014-12-15T00:44:55","guid":{"rendered":"https:\/\/www.upo.es\/diario\/?p=7306855"},"modified":"2014-12-17T08:00:07","modified_gmt":"2014-12-17T08:00:07","slug":"pedro-rodriguez-lopez-de-lemus-imparte-manana-en-la-upo-el-seminario-internet-y-derecho-al-olvido","status":"publish","type":"post","link":"https:\/\/www.upo.es\/diario\/institucional\/2014\/12\/pedro-rodriguez-lopez-de-lemus-imparte-manana-en-la-upo-el-seminario-internet-y-derecho-al-olvido\/","title":{"rendered":"Pedro Rodr\u00edguez L\u00f3pez de Lemus imparte ma\u00f1ana en la UPO el seminario \u201cInternet y derecho al olvido\u201d"},"content":{"rendered":"<p>Ma\u00f1ana martes, <strong>16 de diciembre, a las 17 horas en la sala de juntas del edificio 3<\/strong> de la Universidad Pablo de Olavide, se celebrar\u00e1 el seminario <strong>\u201cInternet y derecho al olvido. Cuestiones jur\u00eddicas\u201d<\/strong>, impartido por Pedro Rodr\u00edguez L\u00f3pez de Lemus, presidente de la Asociaci\u00f3n de Abogados Especialistas en Nuevas Tecnolog\u00edas de Andaluc\u00eda (AENTA) y de la Asociaci\u00f3n Andaluza de Comercio Electr\u00f3nico (ANDCE).<\/p>\n<p>Este seminario ha sido organizado por la Comisi\u00f3n Acad\u00e9mica del M\u00e1ster Oficial en Derecho de las Nuevas Tecnolog\u00edas de la Universidad Pablo de Olavide.<\/p>\n<p>La entrada al seminario es libre hasta completar aforo.<\/p>\n","protected":false},"excerpt":{"rendered":"<p>Ma\u00f1ana martes, 16 de diciembre, a las 17 horas en la sala de juntas del edificio 3 de la Universidad Pablo de Olavide, se celebrar\u00e1 el seminario \u201cInternet y derecho al olvido. Cuestiones jur\u00eddicas\u201d, impartido por Pedro Rodr\u00edguez L\u00f3pez de Lemus, presidente de la Asociaci\u00f3n de Abogados Especialistas en Nuevas Tecnolog\u00edas de Andaluc\u00eda (AENTA) y de la Asociaci\u00f3n Andaluza de Comercio Electr\u00f3nico (ANDCE).<\/p>\n","protected":false},"author":9,"featured_media":0,"comment_status":"closed","ping_status":"open","sticky":false,"template":"","format":"standard","meta":{"_monsterinsights_skip_tracking":false,"_monsterinsights_sitenote_active":false,"_monsterinsights_sitenote_note":"","_monsterinsights_sitenote_category":0,"footnotes":""},"categories":[6],"tags":[480,2072,1657,491],"class_list":["post-7306855","post","type-post","status-publish","format-standard","hentry","category-institucional","tag-internet","tag-pedro-rodriguez-lopez-de-lemus","tag-universidad-pablo-de-olavide","tag-upo"],"_links":{"self":[{"href":"https:\/\/www.upo.es\/diario\/wp-json\/wp\/v2\/posts\/7306855","targetHints":{"allow":["GET"]}}],"collection":[{"href":"https:\/\/www.upo.es\/diario\/wp-json\/wp\/v2\/posts"}],"about":[{"href":"https:\/\/www.upo.es\/diario\/wp-json\/wp\/v2\/types\/post"}],"author":[{"embeddable":true,"href":"https:\/\/www.upo.es\/diario\/wp-json\/wp\/v2\/users\/9"}],"replies":[{"embeddable":true,"href":"https:\/\/www.upo.es\/diario\/wp-json\/wp\/v2\/comments?post=7306855"}],"version-history":[{"count":5,"href":"https:\/\/www.upo.es\/diario\/wp-json\/wp\/v2\/posts\/7306855\/revisions"}],"predecessor-version":[{"id":7343339,"href":"https:\/\/www.upo.es\/diario\/wp-json\/wp\/v2\/posts\/7306855\/revisions\/7343339"}],"wp:attachment":[{"href":"https:\/\/www.upo.es\/diario\/wp-json\/wp\/v2\/media?parent=7306855"}],"wp:term":[{"taxonomy":"category","embeddable":true,"href":"https:\/\/www.upo.es\/diario\/wp-json\/wp\/v2\/categories?post=7306855"},{"taxonomy":"post_tag","embeddable":true,"href":"https:\/\/www.upo.es\/diario\/wp-json\/wp\/v2\/tags?post=7306855"}],"curies":[{"name":"wp","href":"https:\/\/api.w.org\/{rel}","templated":true}]}}