{"id":7327030,"date":"2014-12-16T13:30:45","date_gmt":"2014-12-16T13:30:45","guid":{"rendered":"https:\/\/www.upo.es\/diario\/?p=7327030"},"modified":"2014-12-18T08:37:35","modified_gmt":"2014-12-18T08:37:35","slug":"el-rector-de-la-upo-y-el-alcalde-de-sevilla-clausuran-la-celebracion-del-x-aniversario-de-la-flora-tristan","status":"publish","type":"post","link":"https:\/\/www.upo.es\/diario\/institucional\/2014\/12\/el-rector-de-la-upo-y-el-alcalde-de-sevilla-clausuran-la-celebracion-del-x-aniversario-de-la-flora-tristan\/","title":{"rendered":"El rector de la UPO y el alcalde de Sevilla clausuran la celebraci\u00f3n del X aniversario de la \u201cFlora Trist\u00e1n\u201d"},"content":{"rendered":"<figure id=\"attachment_732703\" aria-describedby=\"caption-attachment-732703\" style=\"width: 600px\" class=\"wp-caption aligncenter\"><a href=\"https:\/\/www.upo.es\/diario\/wp-content\/uploads\/2014\/12\/clausu_xaniverflora.jpg\"><img loading=\"lazy\" decoding=\"async\" class=\"size-large wp-image-7327031 \" alt=\"clausu_xaniverflora\" src=\"https:\/\/www.upo.es\/diario\/wp-content\/uploads\/2014\/12\/clausu_xaniverflora-600x400.jpg\" width=\"600\" height=\"400\" srcset=\"https:\/\/www.upo.es\/diario\/wp-content\/uploads\/2014\/12\/clausu_xaniverflora-600x400.jpg 600w, https:\/\/www.upo.es\/diario\/wp-content\/uploads\/2014\/12\/clausu_xaniverflora-320x213.jpg 320w, https:\/\/www.upo.es\/diario\/wp-content\/uploads\/2014\/12\/clausu_xaniverflora.jpg 1920w\" sizes=\"auto, (max-width: 600px) 100vw, 600px\" \/><\/a><figcaption id=\"caption-attachment-732703\" class=\"wp-caption-text\">El alcalde firma en el libro de honor de la residencia, acompa\u00f1ado por el rector de la UPO y por el director de la Flora Trist\u00e1n<\/figcaption><\/figure>\n<p>Esta ma\u00f1ana en la residencia universitaria Flora Trist\u00e1n, en el barrio de Las Letan\u00edas del Pol\u00edgono Sur, el rector de la Universidad Pablo de Olavide, Vicente Guzm\u00e1n, y el alcalde de Sevilla, Juan Ignacio Zoido, junto a la secretaria general de Pol\u00edticas Sociales de la Junta, Ana Rey Merino, han clausurado el programa de actividades de celebraci\u00f3n del X aniversario de esta residencia, una iniciativa pionera en Andaluc\u00eda que ha cumplido diez a\u00f1os con el fin de ofrecer una formaci\u00f3n integral a los estudiantes universitarios m\u00e1s all\u00e1 de la formaci\u00f3n acad\u00e9mica, adem\u00e1s de contribuir a la revitalizaci\u00f3n del Pol\u00edgono Sur a trav\u00e9s de la presencia cotidiana de los j\u00f3venes universitarios.<\/p>\n<figure id=\"attachment_732703\" aria-describedby=\"caption-attachment-732703\" style=\"width: 320px\" class=\"wp-caption alignright\"><a href=\"https:\/\/www.upo.es\/diario\/wp-content\/uploads\/2014\/12\/clausu_xaniverflora1.jpg\"><img loading=\"lazy\" decoding=\"async\" class=\"size-medium wp-image-7327032\" alt=\"clausu_xaniverflora1\" src=\"https:\/\/www.upo.es\/diario\/wp-content\/uploads\/2014\/12\/clausu_xaniverflora1-320x213.jpg\" width=\"320\" height=\"213\" srcset=\"https:\/\/www.upo.es\/diario\/wp-content\/uploads\/2014\/12\/clausu_xaniverflora1-320x213.jpg 320w, https:\/\/www.upo.es\/diario\/wp-content\/uploads\/2014\/12\/clausu_xaniverflora1-600x401.jpg 600w, https:\/\/www.upo.es\/diario\/wp-content\/uploads\/2014\/12\/clausu_xaniverflora1.jpg 1699w\" sizes=\"auto, (max-width: 320px) 100vw, 320px\" \/><\/a><figcaption id=\"caption-attachment-732703\" class=\"wp-caption-text\">El rector y el alcalde visitan la residencia junto a la secretaria general de Pol\u00edticas Sociales de la Junta y al director de la Flora Trist\u00e1n<\/figcaption><\/figure>\n<p>El rector, quien ha subrayado en este acto de clausura de las actividades que <strong>\u201cla Universidad Pablo de Olavide reafirma as\u00ed su compromiso de ser motor de transformaci\u00f3n social para luchar contra la exclusi\u00f3n\u201d<\/strong>, ha agradecido a las entidades p\u00fablicas y privadas su colaboraci\u00f3n activa en las actividades de la Residencia Flora Trist\u00e1n, \u201ccomo el Ayuntamiento de Sevilla, la Junta de Andaluc\u00eda, la Comisionada para el Pol\u00edgono Sur o la Obra Social la Caixa\u201d. Vicente Guzm\u00e1n tambi\u00e9n ha tenido\u00a0 palabras de agradecimiento para los directores, trabajadores y estudiantes de la Residencia por su compromiso con el Pol\u00edgono Sur, y para las asociaciones, colegios, institutos, y vecinos del barrio \u201cpor todo lo que hemos compartido en estos diez a\u00f1os\u201d.<\/p>\n<p>En la clausura se ha celebrado en el sal\u00f3n de actos de la residencia un acto en el que han intervenido, adem\u00e1s del rector, el alcalde y la secretaria general de Pol\u00edticas Sociales, la vicerrectora de Estudiantes, Cultura y Compromiso Social, Elodia Hern\u00e1ndez Le\u00f3n, y la estudiante de la UPO y residente en la Flora Trist\u00e1n, Silvia de la Herr\u00e1n Rosado. En este acto se ha proyectado un video sobre los diez a\u00f1os de la Flora Trist\u00e1n, residencia dirigida por Juan Blanco.<\/p>\n<p><b>M\u00c1S DE 2.000 RESIDENTES<\/b><\/p>\n<p>Desde que la residencia abri\u00f3 sus puertas el 26 de marzo de 2004, m\u00e1s de 2.000 estudiantes de la UPO han residido en ella, de los cuales 550 han sido becarios que han colaborado con los proyectos del barrio a trav\u00e9s del tejido asociativo del mismo.<\/p>\n<figure id=\"attachment_732703\" aria-describedby=\"caption-attachment-732703\" style=\"width: 320px\" class=\"wp-caption alignleft\"><a href=\"https:\/\/www.upo.es\/diario\/wp-content\/uploads\/2014\/12\/clausu_xaniverflora2.jpg\"><img loading=\"lazy\" decoding=\"async\" class=\"size-medium wp-image-7327033 \" alt=\"clausu_xaniverflora2\" src=\"https:\/\/www.upo.es\/diario\/wp-content\/uploads\/2014\/12\/clausu_xaniverflora2-320x213.jpg\" width=\"320\" height=\"213\" srcset=\"https:\/\/www.upo.es\/diario\/wp-content\/uploads\/2014\/12\/clausu_xaniverflora2-320x213.jpg 320w, https:\/\/www.upo.es\/diario\/wp-content\/uploads\/2014\/12\/clausu_xaniverflora2-600x400.jpg 600w, https:\/\/www.upo.es\/diario\/wp-content\/uploads\/2014\/12\/clausu_xaniverflora2.jpg 1920w\" sizes=\"auto, (max-width: 320px) 100vw, 320px\" \/><\/a><figcaption id=\"caption-attachment-732703\" class=\"wp-caption-text\">En la mesa de clausura, de izq. a dcha., la secretaria general de Pol\u00edticas Sociales, el rector, el alcalde y la vicerrectora de Estudiantes, Cultura y Compromiso Social de la UPO<\/figcaption><\/figure>\n<p>La residencia universitaria Flora Trist\u00e1n, dependiente del Vicerrectorado de Estudiantes, Cultura y Compromiso Social de la Universidad Pablo de Olavide, est\u00e1 presente en las plataformas vecinales de formaci\u00f3n, reivindicaci\u00f3n y de fomento de la cultura, continuando as\u00ed con la labor de cooperaci\u00f3n con los vecinos en sus procesos de cohesi\u00f3n social y superaci\u00f3n de los problemas que les aquejan. En estos 10 a\u00f1os, la residencia ha estado colaborando con una media de 24 entidades cada curso, habiendo actuado directamente en aproximadamente 32 proyectos por curso. Estos proyectos abarcan desde el trabajo con menores, al trabajo con j\u00f3venes, mujeres, personas adultas, comunidad gitana y personas mayores. A su vez, las intervenciones han estado orientadas desde el trabajo educativo al trabajo grupal, cohesi\u00f3n vecinal, trabajo comunitario, salud y mejora del entorno, y educaci\u00f3n de calle, como grandes l\u00edneas de actuaci\u00f3n, todos ellos concretados en proyectos y acciones concretas, tanto puntuales como a lo largo del tiempo.<\/p>\n<p>A lo largo de esta d\u00e9cada, la residencia universitaria Flora Trist\u00e1n ha sido galardonada con diferentes reconocimientos entre los que destacan el Premio Meridiana en la modalidad \u201cIniciativas contra la exclusi\u00f3n social\u201d por parte del Instituto Andaluz de la Mujer (2014); el Premio a una vida ejemplar en defensa del Distrito Sur en su modalidad de \u201cJuventud\u201d, otorgado por el Distrito Sur del Ayuntamiento de Sevilla (2014); el Premio al programa \u201cVenimos del Sur\u201d de Radio Abierta Sevilla, como \u201cMejor programa de sensibilizaci\u00f3n y fomento de la multiculturalidad en la radio\u201d por parte de la Asociaci\u00f3n de Emisoras Municipales y Ciudadanas de Andaluc\u00eda de Radio y Televisi\u00f3n (EMA-RTV) en su 30\u00ba aniversario (2014); XXVII edici\u00f3n del Premio \u201cPl\u00e1cido Fern\u00e1ndez Viagas\u201d de la Asociaci\u00f3n de Derecho y Democracia (2010); Premio Equal Atenea a Iniciativas de Especial Repercusi\u00f3n, de la Direcci\u00f3n General de Servicios Sociales e Inclusi\u00f3n de la Junta de Andaluc\u00eda (2007); Premios Sevilla Joven a la \u201cSolidaridad\u201d, del Instituto Andaluz de la Juventud (2005), \u00a0y Premio Iniciativas Universitarias en Andaluc\u00eda, de Gaceta Universitaria a la Universidad Pablo de Olavide por la \u201capertura de la residencia Flora Trist\u00e1n, recuperando as\u00ed uno de los barrios m\u00e1s deprimidos de la ciudad\u201d (2004).<\/p>\n<p>Para celebrar el d\u00e9cimo aniversario de la residencia Flora Trist\u00e1n, la UPO ha organizado diversas actividades a lo largo del a\u00f1o que se han desarrollado en la UPO, en la residencia y en el barrio.<\/p>\n<p>El programa incluye esta semana el descubrimiento, esta tarde a las 18 horas, de una placa en homenaje a Rafael Garc\u00eda Serrano, un guarda recientemente fallecido que hab\u00eda trabajado en la residencia desde su apertura. Ma\u00f1ana mi\u00e9rcoles, a las 16 horas, se impartir\u00e1 un taller de pesti\u00f1os y dulces navide\u00f1os y el jueves habr\u00e1 una comida navide\u00f1a.<\/p>\n<p>&nbsp;<\/p>\n","protected":false},"excerpt":{"rendered":"<p>La clausura se ha celebrado en el sal\u00f3n de actos de la residencia en un acto en el que han intervenido, adem\u00e1s del rector, el alcalde y la secretaria general de Pol\u00edticas Sociales, la vicerrectora de Estudiantes, Cultura y Compromiso Social, Elodia Hern\u00e1ndez Le\u00f3n, y la estudiante de la UPO y residente en la Flora Trist\u00e1n, Silvia de la Herr\u00e1n Rosado. En este acto se ha proyectado un video sobre los diez a\u00f1os de la Flora Trist\u00e1n, residencia dirigida por Juan Blanco.<\/p>\n","protected":false},"author":9,"featured_media":0,"comment_status":"closed","ping_status":"open","sticky":false,"template":"","format":"standard","meta":{"_monsterinsights_skip_tracking":false,"_monsterinsights_sitenote_active":false,"_monsterinsights_sitenote_note":"","_monsterinsights_sitenote_category":0,"footnotes":""},"categories":[6],"tags":[1791,621,1425,353,1792,357,38,796,161,106],"class_list":["post-7327030","post","type-post","status-publish","format-standard","hentry","category-institucional","tag-alcalde","tag-ayuntamiento-de-sevilla","tag-firma","tag-flora-tristan","tag-juan-ignacio-zoido","tag-poligono-sur","tag-rector","tag-residencia","tag-sevilla","tag-vicente-c-guzman"],"_links":{"self":[{"href":"https:\/\/www.upo.es\/diario\/wp-json\/wp\/v2\/posts\/7327030","targetHints":{"allow":["GET"]}}],"collection":[{"href":"https:\/\/www.upo.es\/diario\/wp-json\/wp\/v2\/posts"}],"about":[{"href":"https:\/\/www.upo.es\/diario\/wp-json\/wp\/v2\/types\/post"}],"author":[{"embeddable":true,"href":"https:\/\/www.upo.es\/diario\/wp-json\/wp\/v2\/users\/9"}],"replies":[{"embeddable":true,"href":"https:\/\/www.upo.es\/diario\/wp-json\/wp\/v2\/comments?post=7327030"}],"version-history":[{"count":6,"href":"https:\/\/www.upo.es\/diario\/wp-json\/wp\/v2\/posts\/7327030\/revisions"}],"predecessor-version":[{"id":7362063,"href":"https:\/\/www.upo.es\/diario\/wp-json\/wp\/v2\/posts\/7327030\/revisions\/7362063"}],"wp:attachment":[{"href":"https:\/\/www.upo.es\/diario\/wp-json\/wp\/v2\/media?parent=7327030"}],"wp:term":[{"taxonomy":"category","embeddable":true,"href":"https:\/\/www.upo.es\/diario\/wp-json\/wp\/v2\/categories?post=7327030"},{"taxonomy":"post_tag","embeddable":true,"href":"https:\/\/www.upo.es\/diario\/wp-json\/wp\/v2\/tags?post=7327030"}],"curies":[{"name":"wp","href":"https:\/\/api.w.org\/{rel}","templated":true}]}}