{"id":7344121,"date":"2014-12-17T09:32:29","date_gmt":"2014-12-17T09:32:29","guid":{"rendered":"https:\/\/www.upo.es\/diario\/?p=7344121"},"modified":"2014-12-17T09:33:00","modified_gmt":"2014-12-17T09:33:00","slug":"sobresaliente-cum-laude-para-la-tesis-la-formacion-de-profesores-y-la-educacion-intercultural-en-la-universidad-publica-del-caribe-colombiano-el-caso-de-la-facultad-de-educacion-de-la-univer","status":"publish","type":"post","link":"https:\/\/www.upo.es\/diario\/tesis\/2014\/12\/sobresaliente-cum-laude-para-la-tesis-la-formacion-de-profesores-y-la-educacion-intercultural-en-la-universidad-publica-del-caribe-colombiano-el-caso-de-la-facultad-de-educacion-de-la-univer\/","title":{"rendered":"Sobresaliente Cum Laude para la tesis \u201cLa formaci\u00f3n de profesores y la educaci\u00f3n intercultural en la universidad p\u00fablica del Caribe colombiano. El caso de la Facultad de Educaci\u00f3n de la Universidad del Atl\u00e1ntico\u201d"},"content":{"rendered":"<p>Ayer martes tuvo lugar en la sala de Grados del edificio 6 la defensa p\u00fablica de la tesis doctoral titulada \u00abLa formaci\u00f3n de profesores y la educaci\u00f3n intercultural en la universidad p\u00fablica del Caribe colombiano. El caso de la Facultad de Educaci\u00f3n de la Universidad del Atl\u00e1ntico\u201d, de la que es autora Celmira Josefa Castro Su\u00e1rez. Esta tesis doctoral, dirigida por la profesora Rosa Mar\u00eda Rodr\u00edguez Izquierdo, de la Universidad Pablo de Olavide, ha obtenido la calificaci\u00f3n de Sobresaliente Cum Laude.<\/p>\n<p>&nbsp;<\/p>\n","protected":false},"excerpt":{"rendered":"<p>Ayer martes tuvo lugar en la sala de Grados del edificio 6 la defensa p\u00fablica de la tesis doctoral titulada \u00abLa formaci\u00f3n de profesores y la educaci\u00f3n intercultural en la universidad p\u00fablica del Caribe colombiano. El caso de la Facultad de Educaci\u00f3n de la Universidad del Atl\u00e1ntico\u201d, de la que es autora Celmira Josefa Castro Su\u00e1rez. Esta tesis doctoral, dirigida por la profesora Rosa Mar\u00eda Rodr\u00edguez Izquierdo, de la Universidad Pablo de Olavide, ha obtenido la calificaci\u00f3n de Sobresaliente Cum Laude.<\/p>\n","protected":false},"author":5,"featured_media":0,"comment_status":"closed","ping_status":"open","sticky":false,"template":"","format":"standard","meta":{"_monsterinsights_skip_tracking":false,"_monsterinsights_sitenote_active":false,"_monsterinsights_sitenote_note":"","_monsterinsights_sitenote_category":0,"footnotes":""},"categories":[119],"tags":[946,465,2076],"class_list":["post-7344121","post","type-post","status-publish","format-standard","hentry","category-tesis","tag-colombia","tag-educacion","tag-universidad-publica"],"_links":{"self":[{"href":"https:\/\/www.upo.es\/diario\/wp-json\/wp\/v2\/posts\/7344121","targetHints":{"allow":["GET"]}}],"collection":[{"href":"https:\/\/www.upo.es\/diario\/wp-json\/wp\/v2\/posts"}],"about":[{"href":"https:\/\/www.upo.es\/diario\/wp-json\/wp\/v2\/types\/post"}],"author":[{"embeddable":true,"href":"https:\/\/www.upo.es\/diario\/wp-json\/wp\/v2\/users\/5"}],"replies":[{"embeddable":true,"href":"https:\/\/www.upo.es\/diario\/wp-json\/wp\/v2\/comments?post=7344121"}],"version-history":[{"count":2,"href":"https:\/\/www.upo.es\/diario\/wp-json\/wp\/v2\/posts\/7344121\/revisions"}],"predecessor-version":[{"id":7344123,"href":"https:\/\/www.upo.es\/diario\/wp-json\/wp\/v2\/posts\/7344121\/revisions\/7344123"}],"wp:attachment":[{"href":"https:\/\/www.upo.es\/diario\/wp-json\/wp\/v2\/media?parent=7344121"}],"wp:term":[{"taxonomy":"category","embeddable":true,"href":"https:\/\/www.upo.es\/diario\/wp-json\/wp\/v2\/categories?post=7344121"},{"taxonomy":"post_tag","embeddable":true,"href":"https:\/\/www.upo.es\/diario\/wp-json\/wp\/v2\/tags?post=7344121"}],"curies":[{"name":"wp","href":"https:\/\/api.w.org\/{rel}","templated":true}]}}