{"id":7439790,"date":"2014-12-18T22:00:34","date_gmt":"2014-12-18T22:00:34","guid":{"rendered":"https:\/\/www.upo.es\/diario\/?p=7439790"},"modified":"2014-12-22T09:40:16","modified_gmt":"2014-12-22T09:40:16","slug":"chiclana-acoge-la-reintroduccion-de-un-fosil-viviente-de-planta-cultivada-en-real-jardin-botanico-por-investigadores-de-la-upo-y-el-csic","status":"publish","type":"post","link":"https:\/\/www.upo.es\/diario\/ciencia\/2014\/12\/chiclana-acoge-la-reintroduccion-de-un-fosil-viviente-de-planta-cultivada-en-real-jardin-botanico-por-investigadores-de-la-upo-y-el-csic\/","title":{"rendered":"Chiclana acoge la reintroducci\u00f3n de un f\u00f3sil viviente de planta cultivada en Real Jard\u00edn Bot\u00e1nico por investigadores de la UPO y el CSIC"},"content":{"rendered":"<figure id=\"attachment_7439793\" aria-describedby=\"caption-attachment-7439793\" style=\"width: 317px\" class=\"wp-caption alignright\"><img loading=\"lazy\" decoding=\"async\" class=\"size-medium wp-image-7439793\" alt=\"Avellara fistulosa \/ Real Jard\u00edn Bot\u00e1nico (CSIC)\" src=\"https:\/\/www.upo.es\/diario\/wp-content\/uploads\/2014\/12\/Avellara-fistulosa-317x320.jpg\" width=\"317\" height=\"320\" srcset=\"https:\/\/www.upo.es\/diario\/wp-content\/uploads\/2014\/12\/Avellara-fistulosa-317x320.jpg 317w, https:\/\/www.upo.es\/diario\/wp-content\/uploads\/2014\/12\/Avellara-fistulosa-150x150.jpg 150w, https:\/\/www.upo.es\/diario\/wp-content\/uploads\/2014\/12\/Avellara-fistulosa.jpg 442w\" sizes=\"auto, (max-width: 317px) 100vw, 317px\" \/><figcaption id=\"caption-attachment-7439793\" class=\"wp-caption-text\">Avellara fistulosa \/ Real Jard\u00edn Bot\u00e1nico (CSIC)<\/figcaption><\/figure>\n<p>Investigadores de la Universidad Pablo de Olavide, de Sevilla, en colaboraci\u00f3n con el Real Jard\u00edn Bot\u00e1nico del Centro Superior de Investigaciones Cient\u00edficas (CSIC) de Madrid, van a proceder este viernes a la <strong>reintroducci\u00f3n experimental de la chicoria hueca (Avellara fistulosa L.) en la Laguna de la Paja<\/strong>, una reserva natural recuperada recientemente en el t\u00e9rmino municipal de Chiclana de la Frontera (C\u00e1diz).<\/p>\n<p>El Real Jard\u00edn Bot\u00e1nico indica que la chicoria hueca es una especie herb\u00e1cea perteneciente a la familia de las compuestas (Asteraceae) exclusiva de la pen\u00ednsula Ib\u00e9rica y que est\u00e1 incluida en la m\u00e1xima categor\u00eda de amenaza (en peligro cr\u00edtico de extinci\u00f3n). Adem\u00e1s, ha sido catalogada como \u2018f\u00f3sil viviente\u2019 por ser \u201cla \u00fanica especie del g\u00e9nero\u201d y por su \u201creducida \u00e1rea de distribuci\u00f3n y escas\u00edsimas poblaciones\u201d. Su \u00fanica poblaci\u00f3n espa\u00f1ola existente en la actualidad, en el Parque Nacional de Do\u00f1ana (Huelva), est\u00e1 amenazada \u201cprincipalmente por la fuerte herbivor\u00eda que sufren estas plantas en su h\u00e1bitat\u201d.<\/p>\n<p>La chicoria hueca crec\u00eda en la Laguna de la Paja a principios del siglo XX, de donde fue citada por el ilustre bot\u00e1nico P\u00edo Font Quer, que se\u00f1al\u00f3 su gran abundancia all\u00ed. La progresiva destrucci\u00f3n de su h\u00e1bitat hizo que desapareciera de la laguna desde hace casi un siglo.<\/p>\n<p>Esta actuaci\u00f3n pretende recuperar esta poblaci\u00f3n extinta para esta especie, que se encuentra \u201cextremadamente amenazada\u201d en el medio natural. La intervenci\u00f3n, autorizada y avalada por la Consejer\u00eda de Medio Ambiente y Ordenaci\u00f3n del Territorio de la Junta de Andaluc\u00eda y por el Ayuntamiento de Chiclana, consistir\u00e1 en plantar unas 30 plantas de la especie que se han aclimatado en las instalaciones de la UPO y que, a su vez, proceden de semillas de Do\u00f1ana germinadas y cultivadas en el Jard\u00edn Bot\u00e1nico de Madrid. Posteriormente se realizar\u00e1n tareas de seguimiento para velar por el futuro de las plantas a este ambiente lacustre que, en su momento, alberg\u00f3 poblaciones silvestres de la especie.<\/p>\n<p>Fuente: Europa Press<\/p>\n","protected":false},"excerpt":{"rendered":"<p>Investigadores de la Universidad Pablo de Olavide, de Sevilla, en colaboraci\u00f3n con el Real Jard\u00edn Bot\u00e1nico del Centro Superior de Investigaciones Cient\u00edficas (CSIC) de Madrid, van a proceder este viernes a la reintroducci\u00f3n experimental de la chicoria hueca (Avellara fistulosa L.) en la Laguna de la Paja, una reserva natural recuperada recientemente en el t\u00e9rmino municipal de Chiclana de la Frontera (C\u00e1diz).<\/p>\n","protected":false},"author":6,"featured_media":0,"comment_status":"closed","ping_status":"open","sticky":false,"template":"","format":"standard","meta":{"_monsterinsights_skip_tracking":false,"_monsterinsights_sitenote_active":false,"_monsterinsights_sitenote_note":"","_monsterinsights_sitenote_category":0,"footnotes":""},"categories":[3],"tags":[902,45,710,734,429,1630],"class_list":["post-7439790","post","type-post","status-publish","format-standard","hentry","category-ciencia","tag-botanica","tag-csic","tag-especies","tag-investigadores","tag-medio-ambiente","tag-plantas"],"_links":{"self":[{"href":"https:\/\/www.upo.es\/diario\/wp-json\/wp\/v2\/posts\/7439790","targetHints":{"allow":["GET"]}}],"collection":[{"href":"https:\/\/www.upo.es\/diario\/wp-json\/wp\/v2\/posts"}],"about":[{"href":"https:\/\/www.upo.es\/diario\/wp-json\/wp\/v2\/types\/post"}],"author":[{"embeddable":true,"href":"https:\/\/www.upo.es\/diario\/wp-json\/wp\/v2\/users\/6"}],"replies":[{"embeddable":true,"href":"https:\/\/www.upo.es\/diario\/wp-json\/wp\/v2\/comments?post=7439790"}],"version-history":[{"count":3,"href":"https:\/\/www.upo.es\/diario\/wp-json\/wp\/v2\/posts\/7439790\/revisions"}],"predecessor-version":[{"id":7439792,"href":"https:\/\/www.upo.es\/diario\/wp-json\/wp\/v2\/posts\/7439790\/revisions\/7439792"}],"wp:attachment":[{"href":"https:\/\/www.upo.es\/diario\/wp-json\/wp\/v2\/media?parent=7439790"}],"wp:term":[{"taxonomy":"category","embeddable":true,"href":"https:\/\/www.upo.es\/diario\/wp-json\/wp\/v2\/categories?post=7439790"},{"taxonomy":"post_tag","embeddable":true,"href":"https:\/\/www.upo.es\/diario\/wp-json\/wp\/v2\/tags?post=7439790"}],"curies":[{"name":"wp","href":"https:\/\/api.w.org\/{rel}","templated":true}]}}