{"id":744941,"date":"2013-04-05T12:25:03","date_gmt":"2013-04-05T12:25:03","guid":{"rendered":"https:\/\/www.upo.es\/diario\/?p=744941"},"modified":"2013-04-05T12:34:34","modified_gmt":"2013-04-05T12:34:34","slug":"manana-bernat-soria-imparte-en-la-upo-una-conferencia-sobre-salidas-profesionales-de-biotecnologia","status":"publish","type":"post","link":"https:\/\/www.upo.es\/diario\/institucional\/2013\/04\/manana-bernat-soria-imparte-en-la-upo-una-conferencia-sobre-salidas-profesionales-de-biotecnologia\/","title":{"rendered":"Bernat Soria imparte en la UPO una conferencia sobre Salidas Profesionales de Biotecnolog\u00eda"},"content":{"rendered":"<figure id=\"attachment_748233\" aria-describedby=\"caption-attachment-748233\" style=\"width: 320px\" class=\"wp-caption alignright\"><a href=\"https:\/\/www.upo.es\/diario\/wp-content\/uploads\/2013\/04\/jsalidasbiotecnologia2.jpg\"><img loading=\"lazy\" decoding=\"async\" class=\"size-medium wp-image-748233\" alt=\"Bernat Soria durante su conferencia\" src=\"https:\/\/www.upo.es\/diario\/wp-content\/uploads\/2013\/04\/jsalidasbiotecnologia2-320x216.jpg\" width=\"320\" height=\"216\" srcset=\"https:\/\/www.upo.es\/diario\/wp-content\/uploads\/2013\/04\/jsalidasbiotecnologia2-320x216.jpg 320w, https:\/\/www.upo.es\/diario\/wp-content\/uploads\/2013\/04\/jsalidasbiotecnologia2-1024x693.jpg 1024w, https:\/\/www.upo.es\/diario\/wp-content\/uploads\/2013\/04\/jsalidasbiotecnologia2-600x406.jpg 600w, https:\/\/www.upo.es\/diario\/wp-content\/uploads\/2013\/04\/jsalidasbiotecnologia2.jpg 1250w\" sizes=\"auto, (max-width: 320px) 100vw, 320px\" \/><\/a><figcaption id=\"caption-attachment-748233\" class=\"wp-caption-text\">Bernat Soria durante su conferencia<\/figcaption><\/figure>\n<p>Hoy viernes 5 de abril, a las 10 horas en el sal\u00f3n de grados del Centro Andaluz de Biolog\u00eda del Desarrollo (<a href=\"http:\/\/www.cabd.es\/\">CABD<\/a>) en la Universidad Pablo de Olavide, \u00a0Bernat Soria, catedr\u00e1tico de Fisiolog\u00eda y director del Departamento de C\u00e9lulas Troncales del Centro Andaluz de Biolog\u00eda Molecular y Medicina Regenerativa (<a href=\"http:\/\/www.cabimer.es\/web\/es\">CABIMER<\/a>), \u00a0ha impartido una conferencia sobre las salidas profesionales de Biotecnolog\u00eda. Esta actividad, organizada por la Facultad de Ciencias Experimentales, se enmarca dentro de la Jornada de Orientaci\u00f3n sobre Salidas Profesionales de Biotecnolog\u00eda de la UPO.<\/p>\n<p>La jornada, que ha sido inaugurada por el decano y el vicedecano de Ordenaci\u00f3n Acad\u00e9mica de la Facultad de Ciencias Experimentales de la UPO, Antonio Gallardo y Juan Rigoberto Tejeda, respectivamente, tiene como objetivo incentivar y aportar informaci\u00f3n relevante a los estudiantes que est\u00e9n pr\u00f3ximos a finalizar su carrera en Biotecnolog\u00eda para encauzar de una manera m\u00e1s eficiente sus esfuerzos en materia de inserci\u00f3n laboral.<\/p>\n<p>El grado en Biotecnolog\u00eda forma a futuros biotecn\u00f3logos en todo el proceso que separa un descubrimiento cient\u00edfico de una aplicaci\u00f3n biotecnol\u00f3gica a nivel industrial. De esta manera, la formaci\u00f3n se estructura en una parte m\u00e1s general centrada en las caracter\u00edsticas de los sistemas biol\u00f3gicos y sus posibles aplicaciones as\u00ed como la modificaci\u00f3n y la mejora de estos sistemas en el laboratorio; y una parte espec\u00edfica para dise\u00f1ar un curr\u00edculo a medida en campos como la biotecnolog\u00eda agroalimentaria, ambiental o biom\u00e9dica.<\/p>\n<p>Sus salidas profesionales abarcan la investigaci\u00f3n, desarrollo e innovaci\u00f3n en procesos biol\u00f3gicos con posibilidades de explotaci\u00f3n en los campos cient\u00edficos de la microbiolog\u00eda, gen\u00e9tica, biorremediaci\u00f3n, diagn\u00f3stico molecular, inmunolog\u00eda, control de plagas, producci\u00f3n animal y vegetal de ingenier\u00eda de prote\u00ednas; la explotaci\u00f3n de los recursos biol\u00f3gicos en centros de diagn\u00f3stico y en empresas del sector agroalimentario, ambiental, biom\u00e9dico y farmac\u00e9utico as\u00ed como en la industria qu\u00edmica, o la actividad empresarial para desarrollar proyectos empresariales propios en el campo de las empresas biotecnol\u00f3gicas.<\/p>\n<p>&nbsp;<\/p>\n<p><b>\u00a0<\/b><\/p>\n","protected":false},"excerpt":{"rendered":"<p>Esta ma\u00f1ana en el sal\u00f3n de grados del Centro Andaluz de Biolog\u00eda del Desarrollo (CABD) en la Universidad Pablo de Olavide,  Bernat Soria, catedr\u00e1tico de Fisiolog\u00eda y director del Departamento de C\u00e9lulas Troncales del Centro Andaluz de Biolog\u00eda Molecular y Medicina Regenerativa (CABIMER), ha impartido una conferencia sobre las salidas profesionales de Biotecnolog\u00eda. <\/p>\n","protected":false},"author":4,"featured_media":0,"comment_status":"closed","ping_status":"open","sticky":false,"template":"","format":"standard","meta":{"_monsterinsights_skip_tracking":false,"_monsterinsights_sitenote_active":false,"_monsterinsights_sitenote_note":"","_monsterinsights_sitenote_category":0,"footnotes":""},"categories":[6],"tags":[246,121,205,391],"class_list":["post-744941","post","type-post","status-publish","format-standard","hentry","category-institucional","tag-biologia","tag-biotecnologia","tag-orientacion-profesional","tag-salidas-profesionales"],"_links":{"self":[{"href":"https:\/\/www.upo.es\/diario\/wp-json\/wp\/v2\/posts\/744941","targetHints":{"allow":["GET"]}}],"collection":[{"href":"https:\/\/www.upo.es\/diario\/wp-json\/wp\/v2\/posts"}],"about":[{"href":"https:\/\/www.upo.es\/diario\/wp-json\/wp\/v2\/types\/post"}],"author":[{"embeddable":true,"href":"https:\/\/www.upo.es\/diario\/wp-json\/wp\/v2\/users\/4"}],"replies":[{"embeddable":true,"href":"https:\/\/www.upo.es\/diario\/wp-json\/wp\/v2\/comments?post=744941"}],"version-history":[{"count":9,"href":"https:\/\/www.upo.es\/diario\/wp-json\/wp\/v2\/posts\/744941\/revisions"}],"predecessor-version":[{"id":745197,"href":"https:\/\/www.upo.es\/diario\/wp-json\/wp\/v2\/posts\/744941\/revisions\/745197"}],"wp:attachment":[{"href":"https:\/\/www.upo.es\/diario\/wp-json\/wp\/v2\/media?parent=744941"}],"wp:term":[{"taxonomy":"category","embeddable":true,"href":"https:\/\/www.upo.es\/diario\/wp-json\/wp\/v2\/categories?post=744941"},{"taxonomy":"post_tag","embeddable":true,"href":"https:\/\/www.upo.es\/diario\/wp-json\/wp\/v2\/tags?post=744941"}],"curies":[{"name":"wp","href":"https:\/\/api.w.org\/{rel}","templated":true}]}}