{"id":748236,"date":"2013-04-05T12:40:13","date_gmt":"2013-04-05T12:40:13","guid":{"rendered":"https:\/\/www.upo.es\/diario\/?p=748236"},"modified":"2013-05-14T09:08:37","modified_gmt":"2013-05-14T09:08:37","slug":"manana-se-presenta-en-la-sala-espacio-vacio-la-exposicion-lo-invisible-de-la-escalera-teatro-de-la-upo","status":"publish","type":"post","link":"https:\/\/www.upo.es\/diario\/cultura\/2013\/04\/manana-se-presenta-en-la-sala-espacio-vacio-la-exposicion-lo-invisible-de-la-escalera-teatro-de-la-upo\/","title":{"rendered":"Ma\u00f1ana se presenta en la sala Espacio Vac\u00edo la exposici\u00f3n \u201cLo In\/Visible\u201d, de La Escalera Teatro de la UPO"},"content":{"rendered":"<div>\n<p>&nbsp;<\/p>\n<figure id=\"attachment_748237\" aria-describedby=\"caption-attachment-748237\" style=\"width: 226px\" class=\"wp-caption alignright\"><a href=\"https:\/\/www.upo.es\/diario\/wp-content\/uploads\/2013\/04\/loin-visible.jpg\"><img loading=\"lazy\" decoding=\"async\" class=\"size-medium wp-image-748237\" alt=\"Ma\u00f1ana s\u00e1bado en la Sala Espacio Vac\u00edo de 18 a 20 horas\" src=\"https:\/\/www.upo.es\/diario\/wp-content\/uploads\/2013\/04\/loin-visible-226x320.jpg\" width=\"226\" height=\"320\" srcset=\"https:\/\/www.upo.es\/diario\/wp-content\/uploads\/2013\/04\/loin-visible-226x320.jpg 226w, https:\/\/www.upo.es\/diario\/wp-content\/uploads\/2013\/04\/loin-visible-723x1024.jpg 723w, https:\/\/www.upo.es\/diario\/wp-content\/uploads\/2013\/04\/loin-visible-600x848.jpg 600w, https:\/\/www.upo.es\/diario\/wp-content\/uploads\/2013\/04\/loin-visible.jpg 1240w\" sizes=\"auto, (max-width: 226px) 100vw, 226px\" \/><\/a><figcaption id=\"caption-attachment-748237\" class=\"wp-caption-text\">Ma\u00f1ana s\u00e1bado, 6 de abril, en la Sala Espacio Vac\u00edo de 18 a 20 horas<\/figcaption><\/figure>\n<p><span style=\"text-decoration: underline;\" data-mce-mark=\"1\">Ma\u00f1ana s\u00e1bado 6 de abril, a las 18 horas en la sala Espacio Vac\u00edo (Plaza del Pel\u00edcano, local 22, Sevilla)<\/span>, la Escalera Teatro presenta su exposici\u00f3n de experimentos pl\u00e1sticos en torno al concepto \u201chabitar\u201d titulada \u201c<i>Lo In\/Visible<\/i>\u201d. ElAula de Teatro de la Universidad Pablo de Olavide expone esta propuesta como parte del proceso de creaci\u00f3n de su pr\u00f3ximo espect\u00e1culo, que se estrenar\u00e1 los d\u00edas 21 y 22 de mayo en la Sala Fundici\u00f3n de Sevilla. La entrada es libre.<\/p>\n<p>La Escalera Teatro de la UPO, despu\u00e9s de un periodo creativo de b\u00fasqueda, experimenta con materiales y est\u00edmulos a trav\u00e9s de su exposici\u00f3n \u201cLo In\/Visible\u201d. Un total de 21 obras de diferentes autores pretenden reflexionar sobre la vinculaci\u00f3n del teatro con las artes pl\u00e1sticas. Con este proyecto mantiene su apuesta por un teatro comprometido con las personas, con su tiempo y su contexto. Esta iniciativa est\u00e1 coordinada por Mat\u00edas Ripoll en el asesoramiento pl\u00e1stico y por Mariana Gonz\u00e1lez en la coordinaci\u00f3n esc\u00e9nica.<\/p>\n<p>El Aula de Teatro de la UPO forma parte del Programa ACTUA de la l\u00ednea de Extensi\u00f3n Cultural del Vicerrectorado de Cultura, Participaci\u00f3n y Compromiso Social de la Universidad Pablo de Olavide. Fundada en el a\u00f1o 1999, nace como una formaci\u00f3n alternativa a los estudiantes a la especializaci\u00f3n de su educaci\u00f3n acad\u00e9mica. Con m\u00e1s de 6 premios a su haber en varios festivales nacionales e internacionales, La Escalera Teatro de la UPO sigue apostando por un teatro de vanguardia como arma para cuestionar el mundo.<\/p>\n<p>&nbsp;<\/p>\n<\/div>\n<div>\n<p align=\"center\"><b>LO IN\/VISIBLE<\/b><\/p>\n<p align=\"center\"><b>Exposici\u00f3n de experimentos pl\u00e1sticos en torno al concepto de \u201cHabitar\u201d<\/b><\/p>\n<p align=\"center\"><b>S\u00e1bado, 6 de abril. De 18 a 20 horas.<\/b><\/p>\n<p align=\"center\"><b>Sala Espacio Vac\u00edo (Plaza del Pel\u00edcano, local 22. Sevilla)<\/b><\/p>\n<p align=\"center\">\n<\/div>\n<div>\n<p>1-\u00a0 <b>Una vela es el deseo<\/b><\/p>\n<p>Creador: Alejandro Cornejo<\/p>\n<p>2- <b>(enredando-desenredando-tejiendo)n<\/b><\/p>\n<p>Creadora: Lara Antonini<\/p>\n<p>3- <b>MANTEV\u00da (una mariposa de matequilla)<\/b><\/p>\n<p>Creadora: Carola San Mart\u00edn<\/p>\n<p>4- <b>No estoy de acuerdo<\/b><\/p>\n<p>Creadora: Ana Caro<\/p>\n<p>5- <b>\u00abENGRANAJES\u00bb<\/b><\/p>\n<p>Creadora: Mar\u00eda Jos\u00e9 Vicar\u00eda<\/p>\n<p>6- <b>coraz\u00f3n\/coraza<\/b><\/p>\n<p>Creadora: Rosa Navarro Jim\u00e9nez<\/p>\n<p>7- <b>Santuario<\/b><\/p>\n<p>Creador: Alejandro Chac\u00f3n de Castro<\/p>\n<p>8- <b>Transrum\u00ed<\/b><\/p>\n<p>Creadora: Beatriz Gomez Portillo<\/p>\n<p>9- <b>In Pectore.<\/b><\/p>\n<p>Creadora: Bel\u00e9n Martos Dom\u00ednguez<\/p>\n<p>10- <b>PACIENCIA-SPEED<\/b><\/p>\n<\/div>\n<p>Creadora: Olga Mart\u00ednez Puga<\/p>\n<p>11- <b>\u00abOverrated In This Goddamn World\u00bb<\/b><\/p>\n<p>Creadora: Bel\u00e9n Calder\u00f3n<\/p>\n<p>12- <b>Todo lugar es un lugar<\/b><\/p>\n<p>Creadora: Bruna Fontenele<\/p>\n<p>13- <b>EL MUNDO DE LOS SUE\u00d1OS<\/b><\/p>\n<p>Creadora: Marta Freire Ferrando<\/p>\n<p>14- <b>RENACER PARA FLORECER<\/b><\/p>\n<p>Creadora: Ver\u00f3nica Pastor Siscar<\/p>\n<p>15- <b>\u201eTanz mit mir\u201c\/\u201eBaila conmigo\u201c<\/b><\/p>\n<p>Creadora: Elke Puggl<\/p>\n<p>16- <b>\u00abSentimientos de colores\u00bb<\/b><\/p>\n<p>Francisco Baena Blanca<\/p>\n<p>17-\u00a0 <strong>Bienvenida al mundo real<\/strong><\/p>\n<p>Creadora: Isabel Garc\u00eda Lebreros<\/p>\n<p><strong>18- <\/strong><strong>Cercan\u00eda, Contacto, Control <\/strong><\/p>\n<p>Creadora: Laura T\u00e1vora de la Riva<\/p>\n<p><strong>19- <\/strong><strong>Sin T\u00edtulo<\/strong><\/p>\n<p>Creadora: Irene Bellido Florido<\/p>\n<p><strong>20- <\/strong><strong>Poema no numerado<\/strong><\/p>\n<p>Creador: Jose Cabrera Oliva<\/p>\n<p><strong>21- <\/strong><strong>El idioma de los dioses<\/strong><\/p>\n<p>Creador: Juan Carlos Campos Hinojosa<\/p>\n","protected":false},"excerpt":{"rendered":"<p>Ma\u00f1ana s\u00e1bado 6 de abril, a las 18 horas en la sala Espacio Vac\u00edo (Plaza del Pel\u00edcano, local 22, Sevilla), la Escalera Teatro presenta su exposici\u00f3n de experimentos pl\u00e1sticos en torno al concepto \u201chabitar\u201d titulada \u201cLo In\/Visible\u201d. ElAula de Teatro de la Universidad Pablo de Olavide expone esta propuesta como parte del proceso de creaci\u00f3n de su pr\u00f3ximo espect\u00e1culo, que se estrenar\u00e1 los d\u00edas 21 y 22 de mayo en la Sala Fundici\u00f3n de Sevilla. La entrada es libre.<\/p>\n","protected":false},"author":4,"featured_media":0,"comment_status":"closed","ping_status":"open","sticky":false,"template":"","format":"standard","meta":{"_monsterinsights_skip_tracking":false,"_monsterinsights_sitenote_active":false,"_monsterinsights_sitenote_note":"","_monsterinsights_sitenote_category":0,"footnotes":""},"categories":[7],"tags":[74,73,95],"class_list":["post-748236","post","type-post","status-publish","format-standard","hentry","category-cultura","tag-exposiciones","tag-la-escalera-teatro","tag-teatro"],"_links":{"self":[{"href":"https:\/\/www.upo.es\/diario\/wp-json\/wp\/v2\/posts\/748236","targetHints":{"allow":["GET"]}}],"collection":[{"href":"https:\/\/www.upo.es\/diario\/wp-json\/wp\/v2\/posts"}],"about":[{"href":"https:\/\/www.upo.es\/diario\/wp-json\/wp\/v2\/types\/post"}],"author":[{"embeddable":true,"href":"https:\/\/www.upo.es\/diario\/wp-json\/wp\/v2\/users\/4"}],"replies":[{"embeddable":true,"href":"https:\/\/www.upo.es\/diario\/wp-json\/wp\/v2\/comments?post=748236"}],"version-history":[{"count":2,"href":"https:\/\/www.upo.es\/diario\/wp-json\/wp\/v2\/posts\/748236\/revisions"}],"predecessor-version":[{"id":882615,"href":"https:\/\/www.upo.es\/diario\/wp-json\/wp\/v2\/posts\/748236\/revisions\/882615"}],"wp:attachment":[{"href":"https:\/\/www.upo.es\/diario\/wp-json\/wp\/v2\/media?parent=748236"}],"wp:term":[{"taxonomy":"category","embeddable":true,"href":"https:\/\/www.upo.es\/diario\/wp-json\/wp\/v2\/categories?post=748236"},{"taxonomy":"post_tag","embeddable":true,"href":"https:\/\/www.upo.es\/diario\/wp-json\/wp\/v2\/tags?post=748236"}],"curies":[{"name":"wp","href":"https:\/\/api.w.org\/{rel}","templated":true}]}}