{"id":748511,"date":"2013-04-04T10:05:17","date_gmt":"2013-04-04T10:05:17","guid":{"rendered":"https:\/\/www.upo.es\/diario\/?p=748511"},"modified":"2013-04-05T14:11:47","modified_gmt":"2013-04-05T14:11:47","slug":"homenaje-a-carmen-calleja-en-el-ateneo-de-sevilla","status":"publish","type":"post","link":"https:\/\/www.upo.es\/diario\/institucional\/2013\/04\/homenaje-a-carmen-calleja-en-el-ateneo-de-sevilla\/","title":{"rendered":"Homenaje a Carmen Calleja en el Ateneo de Sevilla"},"content":{"rendered":"<figure id=\"attachment_748512\" aria-describedby=\"caption-attachment-748512\" style=\"width: 320px\" class=\"wp-caption alignright\"><a href=\"https:\/\/www.upo.es\/diario\/wp-content\/uploads\/2013\/04\/30D_6412.jpg\"><img loading=\"lazy\" decoding=\"async\" class=\"size-medium wp-image-748512\" alt=\"En la imagen, de izquierda a derecha, Antonio Ojeda, Vicente Guzm\u00e1n, Alberto M\u00e1ximo P\u00e9rez, Lucas G. Callejas y Paco Robles.\" src=\"https:\/\/www.upo.es\/diario\/wp-content\/uploads\/2013\/04\/30D_6412-320x240.jpg\" width=\"320\" height=\"240\" srcset=\"https:\/\/www.upo.es\/diario\/wp-content\/uploads\/2013\/04\/30D_6412-320x240.jpg 320w, https:\/\/www.upo.es\/diario\/wp-content\/uploads\/2013\/04\/30D_6412-1024x768.jpg 1024w, https:\/\/www.upo.es\/diario\/wp-content\/uploads\/2013\/04\/30D_6412-600x450.jpg 600w\" sizes=\"auto, (max-width: 320px) 100vw, 320px\" \/><\/a><figcaption id=\"caption-attachment-748512\" class=\"wp-caption-text\">En la imagen, de izquierda a derecha, Antonio Ojeda, Vicente Guzm\u00e1n, Alberto M\u00e1ximo P\u00e9rez, Lucas G. Callejas y Paco Robles.<\/figcaption><\/figure>\n<p>El <a href=\"http:\/\/www.ateneodesevilla.es\/\">Ateneo de Sevilla<\/a> rindi\u00f3 el mi\u00e9rcoles 3 de abril un emotivo homenaje a Carmen Calleja de Pablo, quien fue durante dos etapas en esta instituci\u00f3n, 2000-2004 y 2010-2012, presidenta de la Secci\u00f3n de Ciencias Morales y Pol\u00edticas.<\/p>\n<p>El rector de la Universidad Pablo de Olavide, Vicente Guzm\u00e1n Fluja, particip\u00f3 en el acto en recuerdo de la que fue presidenta del Consejo Social de dicha universidad. \u201cCercana, preocupada, c\u00e1lida, humana, entusiasta, siendo severa y rigurosa, porque una cosa no quita la otra\u201d, la describi\u00f3 el rector, quien tambi\u00e9n manifest\u00f3 que \u201cen los tiempos tan dif\u00edciles que transcurren para la universidad p\u00fablica, se la echar\u00e1 muchos de menos. Contar con una persona de la categor\u00eda intelectual, hist\u00f3rica\u00a0 y jur\u00eddica de Carmen era un servicio impagable\u201d. Del mismo modo, Vicente Guzm\u00e1n exalt\u00f3 que el presente homenaje en el Ateneo era \u201cun ejemplo de foro de pensamiento democr\u00e1tico\u201d.<\/p>\n<p>En sus intervenciones, Antonio Ojeda, primer presidente del Consejo Social de la UPO, destac\u00f3 que ella \u201cdesde muy joven fue una persona muy comprometida con los problemas de su tiempo. Valiente\u201d. Vecina en la calle de Sevilla que lleva el nombre de quien fundara el Ateneo, Manuel Sales y Ferr\u00e9 en 1887, \u201cera inmensamente responsable, con una capacidad de trabajo y entrega, admirables. Desayunaba con ella los domingos y en la conversaci\u00f3n te contaba con toda la naturalidad del mundo que esa misma tarde viajaba Estambul para asistir a una reuni\u00f3n de la OTAN\u201d.<\/p>\n<p>Por su parte, el periodista Paco Robles, destac\u00f3 que \u201cCarmen no era una mujer polemista, sino una buscadora de la verdad, incluso, de la belleza. Y a\u00fan siendo una mujer que arrasaba ten\u00eda una capacidad de empat\u00eda y un sentido del humor que la hac\u00edan adorable\u201d. Pero sobre todo, su compa\u00f1ero en programas de televisi\u00f3n manifest\u00f3 que era la persona \u201cmenos sectaria que hab\u00eda conocido. Ten\u00eda un sentido de la lealtad fundamental y un compromiso de la verdad insobornables, aunque ello supusiera decir no a directivos o l\u00edderes pol\u00edticos\u201d. En las primeras incursiones de Carmen Calleja en los medios de comunicaci\u00f3n, Paco \u00a0Robles la bautiz\u00f3 como \u201cicono medi\u00e1tico de la Andaluc\u00eda de la segunda modernizaci\u00f3n\u201d. El periodista, que calific\u00f3 su amistad con la homenajeada de \u201cflechazo, por mucho que discutiera era imposible pelearse\u201d, y de haber pasado con ella momentos de inmensas risas por \u201cconspiraci\u00f3n\u201d, cerr\u00f3 su intervenci\u00f3n con unas emotivas palabras manifestando que all\u00e1 donde est\u00e9 no piensa \u201ccontar la relaci\u00f3n\u201d siendo su muerte \u201cs\u00f3lo un accidente\u201d.<\/p>\n<p>Y es que, \u201cla muerte no nos roba a los seres amados, muchas veces es la vida la que nos los roba\u201d, palabras de Fran\u00e7ois Mauriac con las que el hijo\u00a0 de Carmen, Lucas G. Callejas, manifest\u00f3 p\u00fablicamente el dolor por la ausencia de la \u201ccari\u00f1osa figura de su madre. Una mujer de matices, \u00e1vida lectora de los cl\u00e1sicos, amante del derecho y la arquitectura, y de la belleza de las tradiciones\u201d. Entre sus recuerdos, el ni\u00f1o de 14 a\u00f1os, Lucas, saliendo de penitente en Pasi\u00f3n, bajo la mirada de su madre, Carmen, y su abuela, Aurora. Con un emotivo viaje en el tiempo, el hijo adulto, mostr\u00f3 sentirse orgulloso del legado de su madre y ley\u00f3 un fragmento de un art\u00edculo period\u00edstico de la misma. Un art\u00edculo donde Carmen Calleja describ\u00eda el hecho de que grupo de universitarios sevillanos hab\u00edan ganado un proyecto cient\u00edfico entre centenares presentados desde todas partes del mundo, con concursantes competidores como la Universidad de Harvard. Con el art\u00edculo, Carmen Calleja, defend\u00eda la materia prima andaluza intelectual, cient\u00edfica y profesional, en contra de todo manido prejuicio sure\u00f1o, prototipo simplista de lo folcl\u00f3rico.<\/p>\n<p>El presidente del Ateneo fue quien termin\u00f3 las intervenciones. \u201cHabla Alberto M\u00e1ximo P\u00e9rez Calero, no solo como presidente del Ateneo de Sevilla y compa\u00f1ero en junta directiva de quien fuera la presidenta de la Secci\u00f3n de Ciencias Morales y Pol\u00edticas de la instituci\u00f3n. Habla el Alberto amigo de Carmen, y el Alberto que fue su m\u00e9dico de cabecera\u201d. Su m\u00e9dico, ante la sorpresa de los presentes, declar\u00f3 que \u201cal final, la enfermedad hab\u00eda sido muy cruel con ella\u201d, y que, en un pulso con la vida, \u201cCarmen Calleja estuvo trabajando casi hasta sus \u00faltimos d\u00edas en la medida de sus posibilidades\u201d. \u201cYo le dec\u00eda que se pasara a verme cuando finalizaran todas mis visitas m\u00e9dicas, y en la consulta manten\u00edamos tranquilamente largas conversaciones sobre lo humano y lo divino\u201d. Por su secreto profesional como m\u00e9dico, el presidente del Ateneo de Sevilla no dio m\u00e1s datos, salvo aquellos que pon\u00edan de manifiesto que Carmen fue una \u201cmujer fuerte en momentos muy duros\u201d. Y sobre su labor cultural en el Ateneo, \u201csiempre estuvo y la tuve como amiga\u201d, dijo.<\/p>\n","protected":false},"excerpt":{"rendered":"<p>El Ateneo de Sevilla rindi\u00f3 el mi\u00e9rcoles 3 de abril un emotivo homenaje a Carmen Calleja de Pablo, quien fue durante dos etapas en esta instituci\u00f3n, 2000-2004 y 2010-2012, presidenta de la Secci\u00f3n de Ciencias Morales y Pol\u00edticas. El rector de la Universidad Pablo de Olavide, Vicente Guzm\u00e1n Fluja, particip\u00f3 en el acto en recuerdo de la que fue presidenta<a class=\"read-more\" href=\"https:\/\/www.upo.es\/diario\/institucional\/2013\/04\/homenaje-a-carmen-calleja-en-el-ateneo-de-sevilla\/\">[Read More&#8230;]<\/a><\/p>\n","protected":false},"author":2,"featured_media":0,"comment_status":"closed","ping_status":"open","sticky":false,"template":"","format":"standard","meta":{"_monsterinsights_skip_tracking":false,"_monsterinsights_sitenote_active":false,"_monsterinsights_sitenote_note":"","_monsterinsights_sitenote_category":0,"footnotes":""},"categories":[6],"tags":[309,308,38],"class_list":["post-748511","post","type-post","status-publish","format-standard","hentry","category-institucional","tag-carmen-calleja","tag-homenaje","tag-rector"],"_links":{"self":[{"href":"https:\/\/www.upo.es\/diario\/wp-json\/wp\/v2\/posts\/748511","targetHints":{"allow":["GET"]}}],"collection":[{"href":"https:\/\/www.upo.es\/diario\/wp-json\/wp\/v2\/posts"}],"about":[{"href":"https:\/\/www.upo.es\/diario\/wp-json\/wp\/v2\/types\/post"}],"author":[{"embeddable":true,"href":"https:\/\/www.upo.es\/diario\/wp-json\/wp\/v2\/users\/2"}],"replies":[{"embeddable":true,"href":"https:\/\/www.upo.es\/diario\/wp-json\/wp\/v2\/comments?post=748511"}],"version-history":[{"count":4,"href":"https:\/\/www.upo.es\/diario\/wp-json\/wp\/v2\/posts\/748511\/revisions"}],"predecessor-version":[{"id":748516,"href":"https:\/\/www.upo.es\/diario\/wp-json\/wp\/v2\/posts\/748511\/revisions\/748516"}],"wp:attachment":[{"href":"https:\/\/www.upo.es\/diario\/wp-json\/wp\/v2\/media?parent=748511"}],"wp:term":[{"taxonomy":"category","embeddable":true,"href":"https:\/\/www.upo.es\/diario\/wp-json\/wp\/v2\/categories?post=748511"},{"taxonomy":"post_tag","embeddable":true,"href":"https:\/\/www.upo.es\/diario\/wp-json\/wp\/v2\/tags?post=748511"}],"curies":[{"name":"wp","href":"https:\/\/api.w.org\/{rel}","templated":true}]}}