{"id":764352,"date":"2013-04-11T05:35:54","date_gmt":"2013-04-11T05:35:54","guid":{"rendered":"https:\/\/www.upo.es\/diario\/?p=764352"},"modified":"2013-04-11T06:18:50","modified_gmt":"2013-04-11T06:18:50","slug":"participating-in-the-common-good-of-the-firm-seminario-de-organizacion-empresarial-manana-en-la-upo","status":"publish","type":"post","link":"https:\/\/www.upo.es\/diario\/institucional\/2013\/04\/participating-in-the-common-good-of-the-firm-seminario-de-organizacion-empresarial-manana-en-la-upo\/","title":{"rendered":"\u2018Participating in the Common Good of the Firm\u2019, seminario de organizaci\u00f3n empresarial hoy en la UPO"},"content":{"rendered":"<p>Hoy jueves 11 de abril<b>, a las 12.30 horas en el seminario 1 del edificio 6<\/b> de la Universidad Pablo de Olavide, el profesor de \u00e9tica empresarial <b>Joan Fontrodona<\/b> impartir\u00e1 una ponencia que bajo el t\u00edtulo <b>\u2018<i>Participating in the Common Good of the Firm<\/i>\u2019<\/b> abordar\u00e1 c\u00f3mo los miembros de una empresa, como comunidad, pueden participar en el bien com\u00fan de la misma teniendo en cuenta su funci\u00f3n social.<\/p>\n<p><b>Joan Fontrodona Felip <\/b>es director del Departamento de \u00c9tica Empresarial en la <b><a href=\"http:\/\/www.iese.edu\/\">IESE Business School<\/a> <\/b>(Universidad de Navarra). Ha publicado varios libros sobre la \u00e9tica empresarial y de los negocios y forma parte de <i>For\u00e9tica<\/i>, red de organizaciones y profesionales implicados en pos de la responsabilidad social, y del comit\u00e9 acad\u00e9mico de la <i>European Academy of Business in Society<\/i> (EABIS). El profesor Fontrodona ha sido invitado por el Departamento de Organizaci\u00f3n de Empresas y Marketing.<\/p>\n<p>&gt; <a href=\"http:\/\/blog.iese.edu\/empresaysociedad\/2013\/04\/04\/etica-como-llegar-a-tiempo\/\">Blog de Joan Fontrodona<\/a><\/p>\n","protected":false},"excerpt":{"rendered":"<p>Hoy jueves 11 de abril, a las 12.30 horas en el seminario 1 del edificio 6 de la Universidad Pablo de Olavide, el profesor de \u00e9tica empresarial Joan Fontrodona impartir\u00e1 una ponencia que bajo el t\u00edtulo \u2018Participating in the Common Good of the Firm\u2019 abordar\u00e1 c\u00f3mo los miembros de una empresa, como comunidad, pueden participar en el bien com\u00fan de la misma teniendo en cuenta su funci\u00f3n social.<\/p>\n","protected":false},"author":6,"featured_media":0,"comment_status":"closed","ping_status":"open","sticky":false,"template":"","format":"standard","meta":{"_monsterinsights_skip_tracking":false,"_monsterinsights_sitenote_active":false,"_monsterinsights_sitenote_note":"","_monsterinsights_sitenote_category":0,"footnotes":""},"categories":[6],"tags":[227,66,145,462],"class_list":["post-764352","post","type-post","status-publish","format-standard","hentry","category-institucional","tag-conferencia","tag-empresa","tag-etica","tag-responsabilidad-social"],"_links":{"self":[{"href":"https:\/\/www.upo.es\/diario\/wp-json\/wp\/v2\/posts\/764352","targetHints":{"allow":["GET"]}}],"collection":[{"href":"https:\/\/www.upo.es\/diario\/wp-json\/wp\/v2\/posts"}],"about":[{"href":"https:\/\/www.upo.es\/diario\/wp-json\/wp\/v2\/types\/post"}],"author":[{"embeddable":true,"href":"https:\/\/www.upo.es\/diario\/wp-json\/wp\/v2\/users\/6"}],"replies":[{"embeddable":true,"href":"https:\/\/www.upo.es\/diario\/wp-json\/wp\/v2\/comments?post=764352"}],"version-history":[{"count":3,"href":"https:\/\/www.upo.es\/diario\/wp-json\/wp\/v2\/posts\/764352\/revisions"}],"predecessor-version":[{"id":766442,"href":"https:\/\/www.upo.es\/diario\/wp-json\/wp\/v2\/posts\/764352\/revisions\/766442"}],"wp:attachment":[{"href":"https:\/\/www.upo.es\/diario\/wp-json\/wp\/v2\/media?parent=764352"}],"wp:term":[{"taxonomy":"category","embeddable":true,"href":"https:\/\/www.upo.es\/diario\/wp-json\/wp\/v2\/categories?post=764352"},{"taxonomy":"post_tag","embeddable":true,"href":"https:\/\/www.upo.es\/diario\/wp-json\/wp\/v2\/tags?post=764352"}],"curies":[{"name":"wp","href":"https:\/\/api.w.org\/{rel}","templated":true}]}}