{"id":767357,"date":"2013-04-12T06:40:59","date_gmt":"2013-04-12T06:40:59","guid":{"rendered":"https:\/\/www.upo.es\/diario\/?p=767357"},"modified":"2013-04-12T14:23:40","modified_gmt":"2013-04-12T14:23:40","slug":"artistas-y-deportistas-apoyan-en-la-upo-la-educacion-en-valores","status":"publish","type":"post","link":"https:\/\/www.upo.es\/diario\/institucional\/2013\/04\/artistas-y-deportistas-apoyan-en-la-upo-la-educacion-en-valores\/","title":{"rendered":"Artistas y deportistas apoyan en la UPO la educaci\u00f3n en valores"},"content":{"rendered":"<figure id=\"attachment_767358\" aria-describedby=\"caption-attachment-767358\" style=\"width: 320px\" class=\"wp-caption alignright\"><a href=\"https:\/\/www.upo.es\/diario\/wp-content\/uploads\/2013\/04\/jculturapaz1.jpg\"><img loading=\"lazy\" decoding=\"async\" class=\"size-medium wp-image-767358\" alt=\"entrega de premios por la paz \u201cPaloma de Plata\u201d\" src=\"https:\/\/www.upo.es\/diario\/wp-content\/uploads\/2013\/04\/jculturapaz1-320x213.jpg\" width=\"320\" height=\"213\" srcset=\"https:\/\/www.upo.es\/diario\/wp-content\/uploads\/2013\/04\/jculturapaz1-320x213.jpg 320w, https:\/\/www.upo.es\/diario\/wp-content\/uploads\/2013\/04\/jculturapaz1-1024x682.jpg 1024w, https:\/\/www.upo.es\/diario\/wp-content\/uploads\/2013\/04\/jculturapaz1-600x400.jpg 600w\" sizes=\"auto, (max-width: 320px) 100vw, 320px\" \/><\/a><figcaption id=\"caption-attachment-767358\" class=\"wp-caption-text\">Premios por la paz \u201cPaloma de Plata\u201d: la nadadora Teresa Perales, los cantantes Andy y Lucas, la c\u00f3nsul de EE.UU en Sevilla, Maritheresa Fran, el actor Pablo Pineda y la Fundaci\u00f3n Banco de Alimentos, junto al rector de la UPO y la presidenta de la Asociaci\u00f3n<\/figcaption><\/figure>\n<figure id=\"attachment_767359\" aria-describedby=\"caption-attachment-767359\" style=\"width: 320px\" class=\"wp-caption alignright\"><a href=\"https:\/\/www.upo.es\/diario\/wp-content\/uploads\/2013\/04\/jculturapaz.jpg\"><img loading=\"lazy\" decoding=\"async\" class=\"size-medium wp-image-767359\" alt=\"Paraninfo\" src=\"https:\/\/www.upo.es\/diario\/wp-content\/uploads\/2013\/04\/jculturapaz-320x213.jpg\" width=\"320\" height=\"213\" srcset=\"https:\/\/www.upo.es\/diario\/wp-content\/uploads\/2013\/04\/jculturapaz-320x213.jpg 320w, https:\/\/www.upo.es\/diario\/wp-content\/uploads\/2013\/04\/jculturapaz-1024x682.jpg 1024w, https:\/\/www.upo.es\/diario\/wp-content\/uploads\/2013\/04\/jculturapaz-600x400.jpg 600w\" sizes=\"auto, (max-width: 320px) 100vw, 320px\" \/><\/a><figcaption id=\"caption-attachment-767359\" class=\"wp-caption-text\">Las Jornadas, con el lema \u201cLa educaci\u00f3n en valores a trav\u00e9s del deporte, la m\u00fasica y el voluntariado\u201d, han sido inauguradas en el Paraninfo<\/figcaption><\/figure>\n<p>Artistas y deportistas como los cantantes Andy y Lucas, Arc\u00e1ngel, Hugo Salazar, Sergio Contreras, Jes\u00fas de Manuel, el actor Pablo Pineda, la nadadora paral\u00edmpica Teresa Perales o futbolistas veteranos como Juanito, Ca\u00f1as y Merino, se reunieron ayer en la Universidad Pablo de Olavide para apoyar la educaci\u00f3n en valores en las XIII Jornadas \u201cLa educaci\u00f3n en valores a trav\u00e9s del deporte, la m\u00fasica y el voluntariado\u201d, organizadas por la Asociaci\u00f3n Escuela Cultura de Paz, a las que han asistido cerca de dos mil j\u00f3venes.<\/p>\n<p>Estas jornadas, con el lema \u201cLa educaci\u00f3n en valores a trav\u00e9s del deporte, la m\u00fasica y el voluntariado\u201d, han contado con la presencia de artistas y deportistas que destacan por ser personas transmisoras de valores de paz y convivencia en \u00e1mbitos como la m\u00fasica, el deporte o la acci\u00f3n social y voluntariado. Entre ellos han participado la nadadora paral\u00edmpica Teresa Perales, qui\u00e9n ha ofrecido la conferencia inaugural bajo el t\u00edtulo \u201cQuerer es Poder\u201d, los cantantes Andy y Lucas, quienes han ofrecido un miniconcierto, o el actor Pablo Pineda, que ha participado en uno de los foros celebrados para subrayar la importancia del compromiso social. En estos foros han intervenido tambi\u00e9n la corresponsal internacional Rosa Mar\u00eda Calaf, el periodista deportivo \u00c1ngel Aci\u00e9n, las fiscales de Sevilla Teresa Vidal e Isabel V\u00e1zquez, y representantes de distintas organizaciones como Cruz Roja Espa\u00f1ola, Banco de Alimentos, Mensajeros por la Paz, Fundaci\u00f3n ONCE y Meridianos.<\/p>\n<p>El encuentro ha acogido la <b>entrega de premios<\/b> por la paz \u201cPaloma de Plata\u201d, otorgados por la asociaci\u00f3n a personas e instituciones que destacan por ser modelos a seguir por la juventud. Los premiados son la nadadora Teresa Perales, los cantantes Andy y Lucas, la c\u00f3nsul de Estados Unidos en Sevilla, Maritheresa Fran, en representaci\u00f3n del embajador en Espa\u00f1a, Alan Solomont, el actor Pablo Pineda y la Fundaci\u00f3n Banco de Alimentos.<\/p>\n<p>Tambi\u00e9n se han celebrado <b>partidos de f\u00fatbol por la Paz<\/b> entre futbolistas veteranos y j\u00f3venes, as\u00ed como cantantes y j\u00f3venes. Entre otros, han jugado los cantantes Andy y Lucas, David de Mar\u00eda, Arc\u00e1ngel, Hugo Salazar, Sergio Contreras, Kiko Gavi\u00f1o, Jes\u00fas de Manuel y el humorista Pepito el Caja. Y tambi\u00e9n futbolistas veteranos como Juanito, Ca\u00f1as, Merino, Diego Rodr\u00edguez y el seleccionador andaluz Adolfo Aldana.<\/p>\n<p>El acto de inauguraci\u00f3n ha contado con las intervenciones del rector de la UPO, Vicente Guzm\u00e1n; la presidenta de la Asociaci\u00f3n Escuela Cultura de Paz, Trinidad Lorenzo; el alcalde de Sevilla, Juan Ignacio Zoido; el Defensor del Pueblo Andaluz, Jos\u00e9 Chamizo; el director general del Instituto de la Juventud del Ministerio de Sanidad, Servicios Sociales e Igualdad, Rub\u00e9n Urosa; el delegado del Gobierno de la Junta de Andaluc\u00eda en Sevilla, Javier Fern\u00e1ndez;\u00a0 la c\u00f3nsul de Estados Unidos en Sevilla, Maritheresa Fran; el subdirector general deportivo del Sevilla F\u00fatbol Club, Ram\u00f3n Rodr\u00edguez Verdejo, Monchi, y la consejera del Real Betis Balompi\u00e9 Isabel Sim\u00f3.<\/p>\n<p><b>El rector de la Universidad Pablo de Olavide<\/b> ha mostrado su satisfacci\u00f3n por poder acoger estas jornadas ya que \u201ccomo universidad p\u00fablica, la UPO tiene como cometido defender y transmitir valores a los j\u00f3venes, unos valores basados en el respeto, el entendimiento y en la capacidad del individuo de realizar grandes cosas, ya que la suma de las acciones individuales constituyen las acciones colectivas\u201d.<\/p>\n<p>Por su parte, <b>el alcalde de Sevilla<\/b> ha resaltado la importancia de la educaci\u00f3n en valores, \u201caspecto fundamental para crear una sociedad m\u00e1s justa, m\u00e1s solidaria y m\u00e1s equilibrada\u201d. De la importancia de los valores en los j\u00f3venes tambi\u00e9n ha hablado <b>el Defensor del Pueblo Andaluz<\/b>, quien en su intervenci\u00f3n ha manifestado que \u201cla vida tiene sentido si uno hace algo por los dem\u00e1s. El mundo de los valores\u00a0 radica en los sentimientos y sin sentimientos no hay seres humanos. Por ello animo a todos los j\u00f3venes a que recuper\u00e9is esos sentimientos para conseguir despertar a una sociedad dormida\u201d.<\/p>\n<p><b>La presidenta de la Asociaci\u00f3n Escuela Cultura de Paz<\/b>, Trinidad Lorenzo, ha agradecido la multitudinaria asistencia a estas jornadas \u201cque son la punta del iceberg del trabajo realizado a lo largo de todo el a\u00f1o con el objetivo de fomentar los valores de compromiso social\u201d. Tambi\u00e9n ha destacado la labor de los profesores y los j\u00f3venes que forman parte de esta asociaci\u00f3n creada en el a\u00f1o 2000, en la que actualmente est\u00e1n implicados m\u00e1s de veinte mil j\u00f3venes, m\u00e1s de dos mil profesores y numerosas asociaciones de padres, todas ellas pertenecientes a m\u00e1s de cien centros de secundaria de Sevilla y provincia, con la representaci\u00f3n de toda Andaluc\u00eda, adem\u00e1s de un centro de El Ferrol, otro de A Coru\u00f1a, de Madrid, de Badajoz y un centro de T\u00e1nger.<\/p>\n<p>Estas jornadas est\u00e1n organizadas por la Asociaci\u00f3n <a href=\"http:\/\/www.escuelaculturadepaz.org\/\">Escuela Cultura de Paz<\/a> con la colaboraci\u00f3n de la Universidad Pablo de Olavide a trav\u00e9s de su Vicerrectorado de Cultura, Participaci\u00f3n y Compromiso Social, el <a href=\"http:\/\/www.injuve.es\/\">Instituto de la Juventud del Ministerio de Sanidad, Servicios Sociales e Igualdad<\/a>, <a href=\"https:\/\/www.meridianos.org\/\">Meridianos<\/a>, y Hesperia Sevilla.<\/p>\n","protected":false},"excerpt":{"rendered":"<p>Artistas y deportistas como los cantantes Andy y Lucas, Arc\u00e1ngel, Hugo Salazar, Sergio Contreras, Jes\u00fas de Manuel, el actor Pablo Pineda, la nadadora paral\u00edmpica Teresa Perales o futbolistas veteranos como Juanito, Ca\u00f1as y Merino, se reunieron ayer en la Universidad Pablo de Olavide para apoyar la educaci\u00f3n en valores en las XIII Jornadas \u201cLa educaci\u00f3n en valores a trav\u00e9s del deporte, la m\u00fasica y el voluntariado\u201d, organizadas por la Asociaci\u00f3n Escuela Cultura de Paz, a las que han asistido cerca de dos mil j\u00f3venes.<\/p>\n","protected":false},"author":6,"featured_media":0,"comment_status":"closed","ping_status":"open","sticky":false,"template":"","format":"standard","meta":{"_monsterinsights_skip_tracking":false,"_monsterinsights_sitenote_active":false,"_monsterinsights_sitenote_note":"","_monsterinsights_sitenote_category":0,"footnotes":""},"categories":[6],"tags":[465,21,46,84,464,58,38,106,86],"class_list":["post-767357","post","type-post","status-publish","format-standard","hentry","category-institucional","tag-educacion","tag-estudiantes","tag-futbol","tag-jornadas","tag-paz","tag-premio","tag-rector","tag-vicente-c-guzman","tag-voluntariado"],"_links":{"self":[{"href":"https:\/\/www.upo.es\/diario\/wp-json\/wp\/v2\/posts\/767357","targetHints":{"allow":["GET"]}}],"collection":[{"href":"https:\/\/www.upo.es\/diario\/wp-json\/wp\/v2\/posts"}],"about":[{"href":"https:\/\/www.upo.es\/diario\/wp-json\/wp\/v2\/types\/post"}],"author":[{"embeddable":true,"href":"https:\/\/www.upo.es\/diario\/wp-json\/wp\/v2\/users\/6"}],"replies":[{"embeddable":true,"href":"https:\/\/www.upo.es\/diario\/wp-json\/wp\/v2\/comments?post=767357"}],"version-history":[{"count":4,"href":"https:\/\/www.upo.es\/diario\/wp-json\/wp\/v2\/posts\/767357\/revisions"}],"predecessor-version":[{"id":767361,"href":"https:\/\/www.upo.es\/diario\/wp-json\/wp\/v2\/posts\/767357\/revisions\/767361"}],"wp:attachment":[{"href":"https:\/\/www.upo.es\/diario\/wp-json\/wp\/v2\/media?parent=767357"}],"wp:term":[{"taxonomy":"category","embeddable":true,"href":"https:\/\/www.upo.es\/diario\/wp-json\/wp\/v2\/categories?post=767357"},{"taxonomy":"post_tag","embeddable":true,"href":"https:\/\/www.upo.es\/diario\/wp-json\/wp\/v2\/tags?post=767357"}],"curies":[{"name":"wp","href":"https:\/\/api.w.org\/{rel}","templated":true}]}}