{"id":767774,"date":"2013-04-12T06:30:08","date_gmt":"2013-04-12T06:30:08","guid":{"rendered":"https:\/\/www.upo.es\/diario\/?p=767774"},"modified":"2013-04-12T06:52:35","modified_gmt":"2013-04-12T06:52:35","slug":"el-rector-de-la-upo-y-el-consejero-de-justicia-e-interior-clausuran-el-master-superior-en-abogacia","status":"publish","type":"post","link":"https:\/\/www.upo.es\/diario\/institucional\/2013\/04\/el-rector-de-la-upo-y-el-consejero-de-justicia-e-interior-clausuran-el-master-superior-en-abogacia\/","title":{"rendered":"El rector de la UPO y el consejero de Justicia e Interior clausuran el M\u00e1ster Superior en Abogac\u00eda"},"content":{"rendered":"<figure id=\"attachment_767775\" aria-describedby=\"caption-attachment-767775\" style=\"width: 320px\" class=\"wp-caption alignright\"><a href=\"https:\/\/www.upo.es\/diario\/wp-content\/uploads\/2013\/04\/master_abogacia.jpg\"><img loading=\"lazy\" decoding=\"async\" class=\"size-medium wp-image-767775\" alt=\"el consejero Emilio de Llera (izquierda) junto a Vicente C. Guzm\u00e1n y egresados del M\u00e1ster en Abogac\u00eda de la UPO\" src=\"https:\/\/www.upo.es\/diario\/wp-content\/uploads\/2013\/04\/master_abogacia-320x213.jpg\" width=\"320\" height=\"213\" srcset=\"https:\/\/www.upo.es\/diario\/wp-content\/uploads\/2013\/04\/master_abogacia-320x213.jpg 320w, https:\/\/www.upo.es\/diario\/wp-content\/uploads\/2013\/04\/master_abogacia-1024x682.jpg 1024w, https:\/\/www.upo.es\/diario\/wp-content\/uploads\/2013\/04\/master_abogacia-600x400.jpg 600w\" sizes=\"auto, (max-width: 320px) 100vw, 320px\" \/><\/a><figcaption id=\"caption-attachment-767775\" class=\"wp-caption-text\">El consejero Emilio de Llera (izquierda) junto a Vicente C. Guzm\u00e1n (derecha) y egresados del M\u00e1ster en Abogac\u00eda de la UPO<\/figcaption><\/figure>\n<p>Ayer jueves tuvo lugar en la sede de la Fundaci\u00f3n Cruzcampo el acto de clausura de la tercera edici\u00f3n del M\u00e1ster Superior en Abogac\u00eda de la Universidad Pablo de Olavide. El acto estuvo presidido por el rector de la UPO, Vicente Guzm\u00e1n Fluja, y por el consejero de Justicia e Interior de la Junta de Andaluc\u00eda, Emilio de Llera Su\u00e1rez-B\u00e1rcena, quienes estuvieron acompa\u00f1ados por el presidente de la Fundaci\u00f3n Cruzcampo, Julio Cuesta Dom\u00ednguez.<\/p>\n<p>Durante sus intervenciones, tanto el consejero como el rector han destacado la figura profesional del abogado, una pieza esencial en la administraci\u00f3n de la Justicia, como \u201cgarantes de la defensa de los derechos e intereses de los ciudadanos\u201d. Adem\u00e1s, el consejero ha subrayado la importancia que para la profesi\u00f3n supone la especializaci\u00f3n \u201calgo que los alumnos que hoy egresan han adquirido con la realizaci\u00f3n de este M\u00e1ster en el que destaca la diversidad de los temas y los ponentes\u201d.<\/p>\n<p>Tras la entrega de diplomas a los egresados de esta edici\u00f3n, el rector ha tomado la palabra para explicar la formaci\u00f3n jur\u00eddico-pr\u00e1ctica que la Universidad Pablo de Olavide prepara para el pr\u00f3ximo curso 2013\/2014 y en cuya oferta cabe destacar por un lado, el Master Universitario en Acceso a la Abogac\u00eda y por otro, el M\u00e1ster en Asesor\u00eda y Defensa Jur\u00eddica. Este \u00faltimo, es el t\u00edtulo propio que sustituir\u00e1 al actual M\u00e1ster Superior de Abogac\u00eda y en el que se potenciar\u00e1n las habilidades del idioma, las pr\u00e1cticas de estudiantes en despachos extranjeros y se combinar\u00e1n los m\u00f3dulos de docencia est\u00e1ndar con cursos de especializaci\u00f3n para marcar los itinerarios profesionales. Todos ello, con el objetivo de ampliar la formaci\u00f3n profesional del futuro letrado en ejercicio y para lo cual ser\u00e1 esencial de nuevo la colaboraci\u00f3n de los profesionales del \u00e1mbito jur\u00eddico andaluz y nacional.<\/p>\n<p>El M\u00e1ster Superior en Abogac\u00eda de la UPO nace como un proyecto de formaci\u00f3n profesional completo en asesor\u00eda jur\u00eddica, en el que participan, adem\u00e1s de las principales instituciones p\u00fablicas vinculadas con el ejercicio de la abogac\u00eda, m\u00e1s de 50 despachos y asesor\u00edas jur\u00eddicas de empresas, que aportan el profesorado del m\u00e1ster y acogen al alumnado en sus pr\u00e1cticas profesionales durante el segundo a\u00f1o del m\u00e1ster.<\/p>\n<p>Las entidades que han patrocinado este programa formativo son Unicaja, CNSJ Firma, Ilustre Colegio Notarial de Andaluc\u00eda, Garrigues, Montero-Aramburu Abogados, RZS, Deloitte, Abl Abogados, Cobre las Cruces, Suma Legal, Lener, la Fundaci\u00f3n Andaluc\u00eda Emprende, Fundaci\u00f3n P\u00fablica Andaluza de la Junta de Andaluc\u00eda y la Facultad de Derecho de la UPO.<\/p>\n<p>En el marco de la Escuela de Pr\u00e1ctica Jur\u00eddica, la Universidad Pablo de Olavide tiene car\u00e1cter pionero en Andaluc\u00eda al ser el primer curso de postgrado que desde 2008 viene trabajando en el acceso a la abogac\u00eda en sus diferentes vertientes profesionales. En la actualidad se desarrollan diversos programas de formaci\u00f3n en el ejercicio de la abogac\u00eda, todos ellos pr\u00e1cticos y con una visi\u00f3n dirigida a los futuros letrados que deseen ejercer con excelencia e innovaci\u00f3n su actividad profesional.<\/p>\n","protected":false},"excerpt":{"rendered":"<p>Ayer jueves tuvo lugar en la sede de la Fundaci\u00f3n Cruzcampo el acto de clausura de la tercera edici\u00f3n del M\u00e1ster Superior en Abogac\u00eda de la Universidad Pablo de Olavide. El acto estuvo presidido por el rector de la UPO, Vicente Guzm\u00e1n Fluja, y por el consejero de Justicia e Interior de la Junta de Andaluc\u00eda, Emilio de Llera Su\u00e1rez-B\u00e1rcena, quienes estuvieron acompa\u00f1ados por el presidente de la Fundaci\u00f3n Cruzcampo, Julio Cuesta Dom\u00ednguez.<\/p>\n","protected":false},"author":6,"featured_media":0,"comment_status":"closed","ping_status":"open","sticky":false,"template":"","format":"standard","meta":{"_monsterinsights_skip_tracking":false,"_monsterinsights_sitenote_active":false,"_monsterinsights_sitenote_note":"","_monsterinsights_sitenote_category":0,"footnotes":""},"categories":[6],"tags":[87,81,118,292,82,38,106],"class_list":["post-767774","post","type-post","status-publish","format-standard","hentry","category-institucional","tag-derecho","tag-facultad-de-derecho","tag-master","tag-master-superior-en-abogacia","tag-postgrado","tag-rector","tag-vicente-c-guzman"],"_links":{"self":[{"href":"https:\/\/www.upo.es\/diario\/wp-json\/wp\/v2\/posts\/767774","targetHints":{"allow":["GET"]}}],"collection":[{"href":"https:\/\/www.upo.es\/diario\/wp-json\/wp\/v2\/posts"}],"about":[{"href":"https:\/\/www.upo.es\/diario\/wp-json\/wp\/v2\/types\/post"}],"author":[{"embeddable":true,"href":"https:\/\/www.upo.es\/diario\/wp-json\/wp\/v2\/users\/6"}],"replies":[{"embeddable":true,"href":"https:\/\/www.upo.es\/diario\/wp-json\/wp\/v2\/comments?post=767774"}],"version-history":[{"count":3,"href":"https:\/\/www.upo.es\/diario\/wp-json\/wp\/v2\/posts\/767774\/revisions"}],"predecessor-version":[{"id":767777,"href":"https:\/\/www.upo.es\/diario\/wp-json\/wp\/v2\/posts\/767774\/revisions\/767777"}],"wp:attachment":[{"href":"https:\/\/www.upo.es\/diario\/wp-json\/wp\/v2\/media?parent=767774"}],"wp:term":[{"taxonomy":"category","embeddable":true,"href":"https:\/\/www.upo.es\/diario\/wp-json\/wp\/v2\/categories?post=767774"},{"taxonomy":"post_tag","embeddable":true,"href":"https:\/\/www.upo.es\/diario\/wp-json\/wp\/v2\/tags?post=767774"}],"curies":[{"name":"wp","href":"https:\/\/api.w.org\/{rel}","templated":true}]}}