{"id":770256,"date":"2013-04-12T06:30:27","date_gmt":"2013-04-12T06:30:27","guid":{"rendered":"https:\/\/www.upo.es\/diario\/?p=770256"},"modified":"2013-04-15T11:36:17","modified_gmt":"2013-04-15T11:36:17","slug":"una-ruta-de-senderismo-por-la-sierra-de-aznalcollar-pone-fin-a-la-semana-verde-de-la-upo","status":"publish","type":"post","link":"https:\/\/www.upo.es\/diario\/institucional\/2013\/04\/una-ruta-de-senderismo-por-la-sierra-de-aznalcollar-pone-fin-a-la-semana-verde-de-la-upo\/","title":{"rendered":"Una ruta de senderismo por la Sierra de Aznalc\u00f3llar pone fin a la Semana Verde de la UPO"},"content":{"rendered":"<figure id=\"attachment_770257\" aria-describedby=\"caption-attachment-770257\" style=\"width: 320px\" class=\"wp-caption alignright\"><a href=\"https:\/\/www.upo.es\/diario\/wp-content\/uploads\/2013\/04\/tallerplantas.jpg\"><img loading=\"lazy\" decoding=\"async\" class=\"size-medium wp-image-770257\" alt=\"Hoy se ha celebrado en la UPO un taller de plantas arom\u00e1ticas y sales de ba\u00f1o\" src=\"https:\/\/www.upo.es\/diario\/wp-content\/uploads\/2013\/04\/tallerplantas-320x213.jpg\" width=\"320\" height=\"213\" srcset=\"https:\/\/www.upo.es\/diario\/wp-content\/uploads\/2013\/04\/tallerplantas-320x213.jpg 320w, https:\/\/www.upo.es\/diario\/wp-content\/uploads\/2013\/04\/tallerplantas-1024x682.jpg 1024w, https:\/\/www.upo.es\/diario\/wp-content\/uploads\/2013\/04\/tallerplantas-600x399.jpg 600w\" sizes=\"auto, (max-width: 320px) 100vw, 320px\" \/><\/a><figcaption id=\"caption-attachment-770257\" class=\"wp-caption-text\">Hoy se ha celebrado en la UPO un taller de plantas arom\u00e1ticas y sales de ba\u00f1o<\/figcaption><\/figure>\n<p>Ma\u00f1ana s\u00e1bado 13 de abril concluye la <a href=\"http:\/\/www.upo.es\/semanaverde\/\">Semana Verde<\/a> de la Universidad Pablo de Olavide, en la que desde el pasado lunes 8 de abril se han celebrado numerosas actividades de concienciaci\u00f3n ambiental organizadas por el Vicerrectorado de Cultura, Participaci\u00f3n y Compromiso Social, a trav\u00e9s de su l\u00ednea de actuaci\u00f3n de Salud Integral y Medio Ambiente. El programa de actividades concluir\u00e1 ma\u00f1ana con una <b>ruta de senderismo<\/b> por la Sierra de Aznalc\u00f3llar. Los interesados partir\u00e1n en autob\u00fas a las 9 horas desde el Pabell\u00f3n de Portugal, en el Prado de San Sebasti\u00e1n.<\/p>\n<p>Esta ruta de senderismo forma parte a su vez de la segunda fase de la VIII Campa\u00f1a de Reforestaci\u00f3n \u201cRecuperando el Monte Mediterr\u00e1neo\u201d, iniciativa puesta en marcha por la asociaci\u00f3n Adecuna y el Vicerrectorado de Cultura, Participaci\u00f3n y Compromiso Social de la UPO. Esta jornada, dirigida a la comunidad universitaria y a personas que no pertenecen al \u00e1mbito universitario, tiene como finalidad recorrer la Sierra de Aznalc\u00f3llar para evaluar las plantaciones de las anteriores jornadas de reforestaci\u00f3n, as\u00ed como conocer el paisaje, la flora y la fauna de la zona. En esta actividad est\u00e1 incluido transporte y seguro. Se recomienda que las personas que asistan lleven comida, agua y calzado c\u00f3modo. Para participar en esta actividad es imprescindible inscribirse.<\/p>\n<p>Con esta salida de senderismo concluye la Semana Verde de la Universidad Pablo de Olavide, que este a\u00f1o ha contado con actividades tales como una gymkhana ambiental, mercadillo del trueque, exposiciones, talleres de esculturas ensambladas, de creaci\u00f3n con vidrios reciclados y de instrumentos musicales, de plantas arom\u00e1ticas y sales de ba\u00f1o, y charlas sobre la conservaci\u00f3n del \u00c1guila Imperial o sobre agricultura ecol\u00f3gica y vermicompostaje casero.<\/p>\n<p>Todas estas actividades, abiertas a la comunidad universitaria y a la poblaci\u00f3n en general, han sido organizadas por el Vicerrectorado de Cultura, Participaci\u00f3n y Compromiso Social, a trav\u00e9s de su l\u00ednea de actuaci\u00f3n de Salud Integral y Medio Ambiente, con el apoyo de la <a href=\"http:\/\/www.juntadeandalucia.es\/organismos\/agriculturapescaymedioambiente.html\">Consejer\u00eda de Agricultura, Pesca y Medio Ambiente<\/a> en el marco del Convenio Andaluc\u00eda Ecocampus firmado en el a\u00f1o 2010.<\/p>\n<p>M\u00e1s informaci\u00f3n: <a href=\"http:\/\/www.upo.es\/semanaverde\/\">http:\/\/www.upo.es\/semanaverde\/<\/a><\/p>\n","protected":false},"excerpt":{"rendered":"<p>Ma\u00f1ana s\u00e1bado 13 de abril concluye la Semana Verde de la Universidad Pablo de Olavide, en la que desde el pasado lunes 8 de abril se han celebrado numerosas actividades de concienciaci\u00f3n ambiental organizadas por el Vicerrectorado de Cultura, Participaci\u00f3n y Compromiso Social, a trav\u00e9s de su l\u00ednea de actuaci\u00f3n de Salud Integral y Medio Ambiente. El programa de actividades concluir\u00e1 ma\u00f1ana con una ruta de senderismo por la Sierra de Aznalc\u00f3llar. Los interesados partir\u00e1n en autob\u00fas a las 9 horas desde el Pabell\u00f3n de Portugal, en el Prado de San Sebasti\u00e1n.<\/p>\n","protected":false},"author":2,"featured_media":0,"comment_status":"closed","ping_status":"open","sticky":false,"template":"","format":"standard","meta":{"_monsterinsights_skip_tracking":false,"_monsterinsights_sitenote_active":false,"_monsterinsights_sitenote_note":"","_monsterinsights_sitenote_category":0,"footnotes":""},"categories":[6],"tags":[194,429,447,441,342,279],"class_list":["post-770256","post","type-post","status-publish","format-standard","hentry","category-institucional","tag-ecologia","tag-medio-ambiente","tag-reciclaje","tag-semana-verde","tag-senderismo","tag-taller"],"_links":{"self":[{"href":"https:\/\/www.upo.es\/diario\/wp-json\/wp\/v2\/posts\/770256","targetHints":{"allow":["GET"]}}],"collection":[{"href":"https:\/\/www.upo.es\/diario\/wp-json\/wp\/v2\/posts"}],"about":[{"href":"https:\/\/www.upo.es\/diario\/wp-json\/wp\/v2\/types\/post"}],"author":[{"embeddable":true,"href":"https:\/\/www.upo.es\/diario\/wp-json\/wp\/v2\/users\/2"}],"replies":[{"embeddable":true,"href":"https:\/\/www.upo.es\/diario\/wp-json\/wp\/v2\/comments?post=770256"}],"version-history":[{"count":8,"href":"https:\/\/www.upo.es\/diario\/wp-json\/wp\/v2\/posts\/770256\/revisions"}],"predecessor-version":[{"id":780095,"href":"https:\/\/www.upo.es\/diario\/wp-json\/wp\/v2\/posts\/770256\/revisions\/780095"}],"wp:attachment":[{"href":"https:\/\/www.upo.es\/diario\/wp-json\/wp\/v2\/media?parent=770256"}],"wp:term":[{"taxonomy":"category","embeddable":true,"href":"https:\/\/www.upo.es\/diario\/wp-json\/wp\/v2\/categories?post=770256"},{"taxonomy":"post_tag","embeddable":true,"href":"https:\/\/www.upo.es\/diario\/wp-json\/wp\/v2\/tags?post=770256"}],"curies":[{"name":"wp","href":"https:\/\/api.w.org\/{rel}","templated":true}]}}