{"id":7784742,"date":"2015-01-13T06:30:00","date_gmt":"2015-01-13T06:30:00","guid":{"rendered":"https:\/\/www.upo.es\/diario\/?p=7784742"},"modified":"2015-01-13T07:16:25","modified_gmt":"2015-01-13T07:16:25","slug":"el-lunes-leccion-inaugural-de-la-vi-edicion-del-master-conocimiento-actual-de-las-enfermedades-raras","status":"publish","type":"post","link":"https:\/\/www.upo.es\/diario\/institucional\/2015\/01\/el-lunes-leccion-inaugural-de-la-vi-edicion-del-master-conocimiento-actual-de-las-enfermedades-raras\/","title":{"rendered":"Comienza la VI edici\u00f3n del M\u00e1ster \u201cConocimiento Actual de las Enfermedades Raras\u201d"},"content":{"rendered":"<figure id=\"attachment_7845859\" aria-describedby=\"caption-attachment-7845859\" style=\"width: 600px\" class=\"wp-caption aligncenter\"><a href=\"https:\/\/www.upo.es\/diario\/wp-content\/uploads\/2015\/01\/Master-Enf-Raras_09.jpg\"><img loading=\"lazy\" decoding=\"async\" class=\"size-large wp-image-7845859\" alt=\"Desde la izquierda,Miguel \u00c1ngel Gual Font, F\u00e1tima Chac\u00f3n y Jos\u00e9 Antonio S\u00e1nchez Alc\u00e1zar\" src=\"https:\/\/www.upo.es\/diario\/wp-content\/uploads\/2015\/01\/Master-Enf-Raras_09-600x400.jpg\" width=\"600\" height=\"400\" srcset=\"https:\/\/www.upo.es\/diario\/wp-content\/uploads\/2015\/01\/Master-Enf-Raras_09-600x400.jpg 600w, https:\/\/www.upo.es\/diario\/wp-content\/uploads\/2015\/01\/Master-Enf-Raras_09-320x213.jpg 320w\" sizes=\"auto, (max-width: 600px) 100vw, 600px\" \/><\/a><figcaption id=\"caption-attachment-7845859\" class=\"wp-caption-text\">Desde la izquierda,Miguel \u00c1ngel Gual Font, F\u00e1tima Chac\u00f3n y Jos\u00e9 Antonio S\u00e1nchez Alc\u00e1zar<\/figcaption><\/figure>\n<p>Ayer lunes dio comienzo, en el sal\u00f3n de actos del Centro Andaluz de Biolog\u00eda del Desarrollo, \u00a0la<strong> VI edici\u00f3n del <a href=\"http:\/\/www.upo.es\/postgrado\/Master-Oficial-Conocimiento-Actual-de-las-Enfermedades-Raras\">M\u00e1ster \u201cConocimiento actual de las Enfermedades Raras\u201d<\/a><\/strong>, organizado por la Universidad Pablo de Olavide\u00a0 y la Universidad Internacional de Andaluc\u00eda. \u00a0Miguel \u00c1ngel Gual Font, vicerrector de Postgrado, Formaci\u00f3n Permanente y Empleo de la Universidad Pablo de Olavide; F\u00e1tima Chac\u00f3n, directora del Secretariado de Estudios de Postgrado de la <a href=\"http:\/\/www.unia.es\/\">Universidad Internacional de Andaluc\u00eda<\/a> y Jos\u00e9 Antonio S\u00e1nchez Alc\u00e1zar, profesor titular de la UPO y director del M\u00e1ster, fueron los encargados de inaugurar esta nueva edici\u00f3n de un m\u00e1ster que versa sobre la importancia de investigar en esta \u00e1rea del conocimiento y cuya lecci\u00f3n inaugural ha corrido a cargo de\u00a0Pl\u00e1cido Navas, catedr\u00e1tico de Biolog\u00eda Celular de la UPO.<\/p>\n<p>El M\u00e1ster Universitario \u201cConocimiento actual de las Enfermedades Raras\u201d, es un <strong>t\u00edtulo oficial cuyo objetivo fundamental es presentar el conocimiento que se tiene en la actualidad de este tipo de patolog\u00edas de baja frecuencia en la poblaci\u00f3n, con principal atenci\u00f3n en los recursos moleculares y bioqu\u00edmicos para la evaluaci\u00f3n, diagn\u00f3stico, seguimiento, pron\u00f3stico, y tratamiento<\/strong> de los pacientes y sus familias. El programa de estudios hace especial \u00e9nfasis en aquellos grupos de enfermedades relevantes por su prevalencia y por las discapacidades asociadas: enfermedades neurodegenerativas, trastornos metab\u00f3licos, enfermedades mitocondriales, enfermedades lisosomales y enfermedades peroxisomales m\u00e1s frecuentes.<\/p>\n<p>Dentro de las actividades del m\u00e1ster, el martes 20 de enero, a las 18:00 horas en el sal\u00f3n de actos del Real e Ilustre Colegio de Farmac\u00e9uticos de Sevilla (C\/ Alfonso XII, 51), tendr\u00e1 lugar la celebraci\u00f3n de la<strong> mesa redonda \u201cTrabajando juntos para impulsar el cambio en la vida de las personas con enfermedades poco frecuentes\u201d<\/strong>. El objetivo fundamental de esta mesa redonda es dar a conocer y analizar las conclusiones que sobre la situaci\u00f3n de las pol\u00edticas espa\u00f1olas en el campo de las enfermedades raras fueron presentadas en la conferencia EUROPLAN II, celebrada en el Ministerio de Sanidad, Servicios Sociales e Igualdad. EUROPLAN es un proyecto dirigido a proporcionar apoyo en el desarrollo de recomendaciones sobre c\u00f3mo definir un plan estrat\u00e9gico nacional para las enfermedades raras, as\u00ed como garantizar la transferibilidad de las recomendaciones europeas en cada uno de los pa\u00edses miembros. Esta mesa redonda tambi\u00e9n se celebra dentro de las actividades acad\u00e9micas del \u201cM\u00e1ster en Intervenci\u00f3n Psicol\u00f3gica Integral en Enfermedades Poco Frecuentes\u201d de la Universidad de Sevilla y FEDER.<\/p>\n<p>En este encuentro participar\u00e1n <b>Manuel Posada de la Paz<\/b>, director del \u00c1rea de Gen\u00e9tica Cl\u00ednica y Epidemiolog\u00eda Gen\u00e9tica del Instituto de Investigaci\u00f3n de Enfermedades Raras (Instituto de Salud Carlos III, Madrid) y presidente electo de la Conferencia Internacional de Enfermedades Raras y Medicamentos Hu\u00e9rfanos (International Conference on Rare Diseases and Orphan Drugs \u2013 ICORD); <b>Francesc Palau Mart\u00ednez<\/b>, director del Programa de Enfermedades Raras y Gen\u00e9ticas del Centro de Investigaci\u00f3n Pr\u00edncipe Felipe de Valencia, director del Centro de Investigaci\u00f3n Biom\u00e9dica en Red de Enfermedades Raras (CIBERER), coordinador Cient\u00edfico de la Estrategia en Enfermedades Raras del Sistema Nacional de Salud y miembro del Comit\u00e9 de Expertos Europeo en Enfermedades Raras, EUCERD; <b>Manuel P\u00e9rez Fern\u00e1ndez<\/b>, presidente del Real e Ilustre Colegio de Farmac\u00e9uticos de Sevilla y presidente de la Fundaci\u00f3n MEHUER (Medicamentos Hu\u00e9rfanos Enfermedades Raras); <b>Rafael Camino Le\u00f3n<\/b>, coordinador de la Unidad de Neuropediatr\u00eda del Hospital Reina Sof\u00eda de C\u00f3rdoba y actual director del Plan Andaluz de Atenci\u00f3n a Pacientes con Enfermedades Raras, y <b>Dolores Camero Melero<\/b>, coordinadora en Sevilla de la Federaci\u00f3n Espa\u00f1ola de Enfermedades Raras y presidenta de la Asociaci\u00f3n Andaluza de Hemofilia.<\/p>\n","protected":false},"excerpt":{"rendered":"<p>Comienza la VI edici\u00f3n del M\u00e1ster \u201cConocimiento actual de las Enfermedades Raras\u201d, un t\u00edtulo oficial de postgrado cuyo objetivo fundamental es presentar el conocimiento que se tiene en la actualidad de este tipo de patolog\u00edas de baja frecuencia en la poblaci\u00f3n, con principal atenci\u00f3n en los recursos moleculares y bioqu\u00edmicos para la evaluaci\u00f3n, diagn\u00f3stico, seguimiento, pron\u00f3stico, y tratamiento de los pacientes.<\/p>\n","protected":false},"author":2,"featured_media":0,"comment_status":"closed","ping_status":"open","sticky":false,"template":"","format":"standard","meta":{"_monsterinsights_skip_tracking":false,"_monsterinsights_sitenote_active":false,"_monsterinsights_sitenote_note":"","_monsterinsights_sitenote_category":0,"footnotes":""},"categories":[6],"tags":[246,43,117,56,734,118,221,82,218],"class_list":["post-7784742","post","type-post","status-publish","format-standard","hentry","category-institucional","tag-biologia","tag-cabd","tag-enfermedades-raras","tag-investigacion","tag-investigadores","tag-master","tag-mesa-redonda","tag-postgrado","tag-salud"],"_links":{"self":[{"href":"https:\/\/www.upo.es\/diario\/wp-json\/wp\/v2\/posts\/7784742","targetHints":{"allow":["GET"]}}],"collection":[{"href":"https:\/\/www.upo.es\/diario\/wp-json\/wp\/v2\/posts"}],"about":[{"href":"https:\/\/www.upo.es\/diario\/wp-json\/wp\/v2\/types\/post"}],"author":[{"embeddable":true,"href":"https:\/\/www.upo.es\/diario\/wp-json\/wp\/v2\/users\/2"}],"replies":[{"embeddable":true,"href":"https:\/\/www.upo.es\/diario\/wp-json\/wp\/v2\/comments?post=7784742"}],"version-history":[{"count":8,"href":"https:\/\/www.upo.es\/diario\/wp-json\/wp\/v2\/posts\/7784742\/revisions"}],"predecessor-version":[{"id":7785119,"href":"https:\/\/www.upo.es\/diario\/wp-json\/wp\/v2\/posts\/7784742\/revisions\/7785119"}],"wp:attachment":[{"href":"https:\/\/www.upo.es\/diario\/wp-json\/wp\/v2\/media?parent=7784742"}],"wp:term":[{"taxonomy":"category","embeddable":true,"href":"https:\/\/www.upo.es\/diario\/wp-json\/wp\/v2\/categories?post=7784742"},{"taxonomy":"post_tag","embeddable":true,"href":"https:\/\/www.upo.es\/diario\/wp-json\/wp\/v2\/tags?post=7784742"}],"curies":[{"name":"wp","href":"https:\/\/api.w.org\/{rel}","templated":true}]}}