{"id":7861540,"date":"2015-01-14T06:11:29","date_gmt":"2015-01-14T06:11:29","guid":{"rendered":"https:\/\/www.upo.es\/diario\/?p=7861540"},"modified":"2015-01-16T13:56:17","modified_gmt":"2015-01-16T13:56:17","slug":"la-casa-de-la-ciencia-acoge-una-exposicion-sobre-el-cambio-climatico-en-andalucia-organizada-por-cei-cambio","status":"publish","type":"post","link":"https:\/\/www.upo.es\/diario\/ciencia\/2015\/01\/la-casa-de-la-ciencia-acoge-una-exposicion-sobre-el-cambio-climatico-en-andalucia-organizada-por-cei-cambio\/","title":{"rendered":"La Casa de la Ciencia acoge una exposici\u00f3n sobre el cambio clim\u00e1tico en Andaluc\u00eda organizada por CEI CamBio"},"content":{"rendered":"<figure id=\"attachment_7861541\" aria-describedby=\"caption-attachment-7861541\" style=\"width: 600px\" class=\"wp-caption alignright\"><a href=\"https:\/\/www.upo.es\/diario\/wp-content\/uploads\/2015\/01\/ExpoCambioClimatico.jpg\"><img loading=\"lazy\" decoding=\"async\" class=\"size-large wp-image-7861541\" alt=\"La exposici\u00f3n aborda todos los aspectos e implicaciones del fen\u00f3meno del cambio clim\u00e1tico.\" src=\"https:\/\/www.upo.es\/diario\/wp-content\/uploads\/2015\/01\/ExpoCambioClimatico-600x400.jpg\" width=\"600\" height=\"400\" srcset=\"https:\/\/www.upo.es\/diario\/wp-content\/uploads\/2015\/01\/ExpoCambioClimatico-600x400.jpg 600w, https:\/\/www.upo.es\/diario\/wp-content\/uploads\/2015\/01\/ExpoCambioClimatico-320x213.jpg 320w, https:\/\/www.upo.es\/diario\/wp-content\/uploads\/2015\/01\/ExpoCambioClimatico.jpg 1700w\" sizes=\"auto, (max-width: 600px) 100vw, 600px\" \/><\/a><figcaption id=\"caption-attachment-7861541\" class=\"wp-caption-text\">La exposici\u00f3n aborda todos los aspectos e implicaciones del fen\u00f3meno del cambio clim\u00e1tico.<\/figcaption><\/figure>\n<p>CEI CamBio organiza, en colaboraci\u00f3n con el <a href=\"http:\/\/www.csic.es\/web\/guest\/home;jsessionid=85E859A8A66E9E193E3B150FEE742F2F\">Consejo Superior de Investigaciones Cient\u00edficas<\/a>, la exposici\u00f3n \u00a0\u201cEl Cambio Clim\u00e1tico en Andaluc\u00eda\u201d, una muestra que podr\u00e1 visitarse en el <a href=\"http:\/\/www.casadelaciencia.csic.es\/\">Museo Casa de la Ciencia de Sevilla<\/a>\u00a0 hasta el 15 de febrero.<\/p>\n<p>Se trata de una exposici\u00f3n temporal que aborda con profundidad de datos pr\u00e1cticamente todos los aspectos e implicaciones del fen\u00f3meno del cambio clim\u00e1tico, pero haciendo especial \u00e9nfasis en la regi\u00f3n andaluza. La muestra presenta un repaso por los principales conceptos asociados a este fen\u00f3meno ambiental, tales como efecto invernadero, la huella ecol\u00f3gica o la biodiversidad. Tambi\u00e9n se proponen las estrategias para mitigar el problema, tanto desde las administraciones, como desde la ciudadan\u00eda. El Plan Andaluz de Acci\u00f3n por el Clima es uno de los ejemplos.<\/p>\n<p>La exposici\u00f3n podr\u00e1 visitarse de martes a domingo de 10.00 horas a 21.00 horas.<\/p>\n<p>La muestra, producida por <a href=\"http:\/\/www.upo.es\/ceicambio\/\">CEI CamBio<\/a>, centro coordinado por la Universidad Pablo de Olavide (UPO), comienza con una certeza: los responsables de este fen\u00f3meno que pone en peligro la vida en el Planeta Tierra son los propios seres humanos a trav\u00e9s, b\u00e1sicamente, de la actividad industrial, que cada a\u00f1o arroja a la atm\u00f3sfera m\u00e1s de 26.000 millones de toneladas de di\u00f3xido de carbono, producto de la quema de combustibles f\u00f3siles como el petr\u00f3leo, el carb\u00f3n o el gas natural. Andaluc\u00eda no escapa a este fen\u00f3meno, ya que en el per\u00edodo desde 1990 al 2006, la regi\u00f3n aument\u00f3 en un 78,7 por ciento sus emisiones, para situarse en los 65 millones de toneladas anuales.<\/p>\n<p>A lo largo de la exposici\u00f3n no s\u00f3lo se explican conceptos claves para entender el fen\u00f3meno, como por ejemplo el conocido efecto invernadero, la biodiversidad o la huella ecol\u00f3gica, sino que tambi\u00e9n se aportan otros datos de inter\u00e9s como las diferentes especies de flora y fauna vulnerables. Es el caso del pinsapo, que desde comienzo de los a\u00f1os 90 viene observado cierto decaimiento, y que en la geograf\u00eda andaluza est\u00e1 presente en la serran\u00eda de Ronda y Sierra Bermeja (M\u00e1laga), y en la Sierra de Grazalema (C\u00e1diz). En el caso de la fauna, uno de los efectos m\u00e1s observables es la variaci\u00f3n de los calendarios de migraciones de determinadas aves. El \u00e1guila imperial o la alondra ricot\u00ed podr\u00edan, a medio plazo, trasladarse a otras latitudes con un clima que les resulte m\u00e1s benigno.<\/p>\n<p>La muestra tambi\u00e9n aborda los efectos del cambio clim\u00e1tico sobre la salud humana, el sector tur\u00edstico y el sector primario; y finaliza con algunas de las estrategias que desde las administraciones se est\u00e1n llevando a cabo para mitigar el problema, como el Plan Andaluz de Acci\u00f3n por el Clima, que propone 140 acciones para disminuir la emisi\u00f3n de gases de efecto invernadero. Pero como buena parte de la soluci\u00f3n tambi\u00e9n debe partir de la propia ciudadan\u00eda, se sugieren algunas ideas. Es el caso del transporte. Seg\u00fan estudios del Instituto de Estudios Sociales Avanzados (IESA), centro mixto del CSIC y de la Junta de Andaluc\u00eda, m\u00e1s del 60 por ciento de los propietarios de autom\u00f3viles en Andaluc\u00eda confiesa usarlo todos los d\u00edas, y un 28 por ciento reconoce que no hace, ni har\u00eda, un uso limitado de su veh\u00edculo por razones medioambientales. Opciones como el uso de bicicletas p\u00fablicas y transportes como el tranv\u00eda disminuyen de forma notable las emisiones de gases. Todo un reto las actuales generaciones.<\/p>\n<p>Con el objetivo de fomentar todas aquellas actuaciones que mejoren y favorezcan el conocimiento de aspectos relacionados con el Medio Ambiente, la Biodiversidad y el Cambio Global, CEI CamBio, pone en marcha este proyecto que apuesta por ofrecer una visi\u00f3n art\u00edstica y est\u00e9tica del Medio Ambiente y la Sostenibilidad haciendo especial \u00e9nfasis en la regi\u00f3n andaluza, creando un espacio innovador, un escenario cient\u00edfico-art\u00edstico que permita acercar a la sociedad visiones integradas e integradoras de nuestro entorno medioambiental. As\u00ed, los organizadores pretenden que esta exposici\u00f3n sea \u201cun magn\u00edfico motor y recurso p\u00fablico de divulgaci\u00f3n y sensibilizaci\u00f3n medioambiental\u201d.<\/p>\n<p>CEI CamBio es un proyecto estrat\u00e9gico, centrado en el desarrollo de la investigaci\u00f3n relacionada con el cambio global y sus repercusiones, tanto ecol\u00f3gicas como socioecon\u00f3micas, que a\u00fana los intereses de siete universidades p\u00fablicas andaluzas y del Consejo Superior de Investigaciones Cient\u00edficas. El proyecto CEI CamBio, del que forman parte las Universidades de Almer\u00eda, C\u00e1diz, C\u00f3rdoba, Huelva, Internacional de Andaluc\u00eda, Ja\u00e9n y Pablo de Olavide de Sevilla as\u00ed como el Consejo Superior de Investigaciones Cient\u00edficas, es un punto de encuentro en torno al Medio Ambiente, la Biodiversidad y el Cambio Global que participa en la consolidaci\u00f3n de Andaluc\u00eda como referente en estas \u00e1reas de conocimiento.<\/p>\n","protected":false},"excerpt":{"rendered":"<p>CEI CamBio organiza, en colaboraci\u00f3n con el Consejo Superior de Investigaciones Cient\u00edficas, la exposici\u00f3n  \u201cEl Cambio Clim\u00e1tico en Andaluc\u00eda\u201d, una muestra que podr\u00e1 visitarse en el Museo Casa de la Ciencia de Sevilla  hasta el 15 de febrero.<\/p>\n","protected":false},"author":2,"featured_media":0,"comment_status":"closed","ping_status":"open","sticky":false,"template":"","format":"standard","meta":{"_monsterinsights_skip_tracking":false,"_monsterinsights_sitenote_active":false,"_monsterinsights_sitenote_note":"","_monsterinsights_sitenote_category":0,"footnotes":""},"categories":[3],"tags":[190,593,224,45,74,1797],"class_list":["post-7861540","post","type-post","status-publish","format-standard","hentry","category-ciencia","tag-andalucia","tag-cambio-climatico","tag-cei-cambio","tag-csic","tag-exposiciones","tag-museo-casa-de-la-ciencia"],"_links":{"self":[{"href":"https:\/\/www.upo.es\/diario\/wp-json\/wp\/v2\/posts\/7861540","targetHints":{"allow":["GET"]}}],"collection":[{"href":"https:\/\/www.upo.es\/diario\/wp-json\/wp\/v2\/posts"}],"about":[{"href":"https:\/\/www.upo.es\/diario\/wp-json\/wp\/v2\/types\/post"}],"author":[{"embeddable":true,"href":"https:\/\/www.upo.es\/diario\/wp-json\/wp\/v2\/users\/2"}],"replies":[{"embeddable":true,"href":"https:\/\/www.upo.es\/diario\/wp-json\/wp\/v2\/comments?post=7861540"}],"version-history":[{"count":7,"href":"https:\/\/www.upo.es\/diario\/wp-json\/wp\/v2\/posts\/7861540\/revisions"}],"predecessor-version":[{"id":7915886,"href":"https:\/\/www.upo.es\/diario\/wp-json\/wp\/v2\/posts\/7861540\/revisions\/7915886"}],"wp:attachment":[{"href":"https:\/\/www.upo.es\/diario\/wp-json\/wp\/v2\/media?parent=7861540"}],"wp:term":[{"taxonomy":"category","embeddable":true,"href":"https:\/\/www.upo.es\/diario\/wp-json\/wp\/v2\/categories?post=7861540"},{"taxonomy":"post_tag","embeddable":true,"href":"https:\/\/www.upo.es\/diario\/wp-json\/wp\/v2\/tags?post=7861540"}],"curies":[{"name":"wp","href":"https:\/\/api.w.org\/{rel}","templated":true}]}}