{"id":7881174,"date":"2015-01-14T13:50:21","date_gmt":"2015-01-14T13:50:21","guid":{"rendered":"https:\/\/www.upo.es\/diario\/?p=7881174"},"modified":"2015-01-19T13:13:37","modified_gmt":"2015-01-19T13:13:37","slug":"el-55-de-los-jovenes-estan-sobrecualificados-para-sus-empleos-segun-un-estudio-del-profesor-antonio-villar","status":"publish","type":"post","link":"https:\/\/www.upo.es\/diario\/institucional\/2015\/01\/el-55-de-los-jovenes-estan-sobrecualificados-para-sus-empleos-segun-un-estudio-del-profesor-antonio-villar\/","title":{"rendered":"El 55% de los j\u00f3venes est\u00e1n sobrecualificados para sus empleos, seg\u00fan un estudio del profesor Antonio Villar"},"content":{"rendered":"<figure id=\"attachment_788196\" aria-describedby=\"caption-attachment-788196\" style=\"width: 320px\" class=\"wp-caption alignright\"><a href=\"https:\/\/www.upo.es\/diario\/wp-content\/uploads\/2015\/01\/antonio-villar.jpg\"><img loading=\"lazy\" decoding=\"async\" class=\"size-medium wp-image-7881963\" title=\"antonio villar\" alt=\"Antonio Villar en su despacho\" src=\"https:\/\/www.upo.es\/diario\/wp-content\/uploads\/2015\/01\/antonio-villar-320x223.jpg\" width=\"320\" height=\"223\" srcset=\"https:\/\/www.upo.es\/diario\/wp-content\/uploads\/2015\/01\/antonio-villar-320x223.jpg 320w, https:\/\/www.upo.es\/diario\/wp-content\/uploads\/2015\/01\/antonio-villar-600x418.jpg 600w, https:\/\/www.upo.es\/diario\/wp-content\/uploads\/2015\/01\/antonio-villar.jpg 1734w\" sizes=\"auto, (max-width: 320px) 100vw, 320px\" \/><\/a><figcaption id=\"caption-attachment-788196\" class=\"wp-caption-text\">Antonio Villar, autor del estudio &#8216;No es pa\u00eds para j\u00f3venes&#8217;, encargado por FUNCAS<\/figcaption><\/figure>\n<p>El <a title=\"'No es pa\u00eds para j\u00f3venes', Antonio Villar\" href=\"https:\/\/www.upo.es\/diario\/wp-content\/uploads\/2015\/01\/no-es-pais-para-jovenes.pdf\" target=\"_blank\">estudio<strong> \u201cNo es pa\u00eds para j\u00f3venes<\/strong>\u201d<\/a> que acaba de publicar para la <strong>Fundaci\u00f3n de Cajas de Ahorro (FUNCAS)<\/strong> el profesor de An\u00e1lisis Econ\u00f3mico de la Universidad Pablo de Olavide (UPO), Antonio Villar, se\u00f1ala que actualmente el 55% de los j\u00f3venes espa\u00f1oles est\u00e1 sobrecualificado para su trabajo. El trabajo incide en que la crisis \u201cest\u00e1 planteando un conflicto social profundo, que redimensiona las relaciones entre diversos grupos sociales en funci\u00f3n de su cualificaci\u00f3n, situaci\u00f3n geogr\u00e1fica, tipo de ocupaci\u00f3n y edad\u201d, y subraya que la juventud ha sido la m\u00e1s afectada.<\/p>\n<p>Las condiciones laborales y de renta precarias de los menores de 30 a\u00f1os se manifiesta en las bajas cifras de emancipaci\u00f3n recogidas en el estudio: casi 8 de cada 10 j\u00f3venes a\u00fan vive con sus padres. Asimismo, la tasa de desempleo del colectivo asciende a m\u00e1s del 50%, y su nivel de renta desde 2006 ha descendido m\u00e1s del 38%, 21% por encima de la media.<\/p>\n<p>En este estudio, <strong>Antonio Villar afirma que \u201clas pol\u00edticas propuestas, por parte de todos los sectores, coinciden en dar primac\u00eda absoluta al presente frente al futuro<\/strong>, proteger a los mayores frente a los j\u00f3venes y prestar poca atenci\u00f3n a las generaciones venideras. Una estrategia que no presagia nada bueno\u201d.<\/p>\n<p>El trabajo recoge asimismo que los problemas de los j\u00f3venes, \u201clos principales paganos de esta crisis\u201d, son muy serios y \u201cno se van a solucionar por s\u00ed mismos aunque el pa\u00eds salga de la crisis, porque se trata de problemas estructurales que ya exist\u00edan con anterioridad y persistir\u00e1n si no se abordan adecuadamente\u00bb.<\/p>\n<p>El catedr\u00e1tico de la UPO augura un mayor problema a ra\u00edz de la combinaci\u00f3n de empleo, renta y educaci\u00f3n, porque a los j\u00f3venes \u201cse les carga con un enorme d\u00e9ficit p\u00fablico y del sistema de pensiones, y se les priva de perspectivas de futuro releg\u00e1ndoles a los m\u00e1rgenes del mercado de trabajo\u201d. Aunque esta situaci\u00f3n \u201cno es exclusiva de Espa\u00f1a, se manifiesta con mucha mayor intensidad en aspectos clave\u201d, como son el desempleo, los contratos temporales, el desajuste de la educaci\u00f3n con el mercado laboral y el elevado porcentaje de ninis.<\/p>\n<figure id=\"attachment_7881964\" aria-describedby=\"caption-attachment-7881964\" style=\"width: 600px\" class=\"wp-caption aligncenter\"><a href=\"https:\/\/www.upo.es\/diario\/wp-content\/uploads\/2015\/01\/trabajadores-sobrecualificados-esp-UE-grafico.png\"><img loading=\"lazy\" decoding=\"async\" class=\"size-large wp-image-7881964 \" alt=\"Trabajadores sobrecualificados en Espa\u00f1a y la UE-27 (2000-2013) - gr\u00e1fico\" src=\"https:\/\/www.upo.es\/diario\/wp-content\/uploads\/2015\/01\/trabajadores-sobrecualificados-esp-UE-grafico-600x375.png\" width=\"600\" height=\"375\" srcset=\"https:\/\/www.upo.es\/diario\/wp-content\/uploads\/2015\/01\/trabajadores-sobrecualificados-esp-UE-grafico-600x375.png 600w, https:\/\/www.upo.es\/diario\/wp-content\/uploads\/2015\/01\/trabajadores-sobrecualificados-esp-UE-grafico-320x200.png 320w, https:\/\/www.upo.es\/diario\/wp-content\/uploads\/2015\/01\/trabajadores-sobrecualificados-esp-UE-grafico.png 685w\" sizes=\"auto, (max-width: 600px) 100vw, 600px\" \/><\/a><figcaption id=\"caption-attachment-7881964\" class=\"wp-caption-text\">Trabajadores con estudios superiores que desempe\u00f1an trabajos no altamente cualificados. Comparativa Espa\u00f1a-UE 27<\/figcaption><\/figure>\n","protected":false},"excerpt":{"rendered":"<p>El estudio \u201cNo es pa\u00eds para j\u00f3venes\u201d que acaba de publicar para la Fundaci\u00f3n de Cajas de Ahorro (FUNCAS) el profesor de An\u00e1lisis Econ\u00f3mico de la Universidad Pablo de Olavide (UPO), Antonio Villar, se\u00f1ala que actualmente el 55% de los j\u00f3venes espa\u00f1oles est\u00e1 sobrecualificado para su trabajo. El trabajo incide en que la crisis \u201cest\u00e1 planteando un conflicto social profundo, que redimensiona las relaciones entre diversos grupos sociales en funci\u00f3n de su cualificaci\u00f3n, situaci\u00f3n geogr\u00e1fica, tipo de ocupaci\u00f3n y edad\u201d, y subraya que la juventud ha sido la m\u00e1s afectada. <\/p>\n","protected":false},"author":6,"featured_media":0,"comment_status":"closed","ping_status":"open","sticky":false,"template":"","format":"standard","meta":{"_monsterinsights_skip_tracking":false,"_monsterinsights_sitenote_active":false,"_monsterinsights_sitenote_note":"","_monsterinsights_sitenote_category":0,"footnotes":""},"categories":[6],"tags":[553,576,144,191,63,465,438,285,859,47,930,567,88],"class_list":["post-7881174","post","type-post","status-publish","format-standard","hentry","category-institucional","tag-analisis-economico","tag-antonio-villar","tag-crisis","tag-desempleo","tag-economia","tag-educacion","tag-empleo","tag-espana","tag-estudio","tag-fundaciones","tag-jovenes","tag-mercado-laboral","tag-relaciones-laborales-y-recursos-humanos"],"_links":{"self":[{"href":"https:\/\/www.upo.es\/diario\/wp-json\/wp\/v2\/posts\/7881174","targetHints":{"allow":["GET"]}}],"collection":[{"href":"https:\/\/www.upo.es\/diario\/wp-json\/wp\/v2\/posts"}],"about":[{"href":"https:\/\/www.upo.es\/diario\/wp-json\/wp\/v2\/types\/post"}],"author":[{"embeddable":true,"href":"https:\/\/www.upo.es\/diario\/wp-json\/wp\/v2\/users\/6"}],"replies":[{"embeddable":true,"href":"https:\/\/www.upo.es\/diario\/wp-json\/wp\/v2\/comments?post=7881174"}],"version-history":[{"count":7,"href":"https:\/\/www.upo.es\/diario\/wp-json\/wp\/v2\/posts\/7881174\/revisions"}],"predecessor-version":[{"id":7881968,"href":"https:\/\/www.upo.es\/diario\/wp-json\/wp\/v2\/posts\/7881174\/revisions\/7881968"}],"wp:attachment":[{"href":"https:\/\/www.upo.es\/diario\/wp-json\/wp\/v2\/media?parent=7881174"}],"wp:term":[{"taxonomy":"category","embeddable":true,"href":"https:\/\/www.upo.es\/diario\/wp-json\/wp\/v2\/categories?post=7881174"},{"taxonomy":"post_tag","embeddable":true,"href":"https:\/\/www.upo.es\/diario\/wp-json\/wp\/v2\/tags?post=7881174"}],"curies":[{"name":"wp","href":"https:\/\/api.w.org\/{rel}","templated":true}]}}