{"id":7899290,"date":"2015-01-15T06:36:23","date_gmt":"2015-01-15T06:36:23","guid":{"rendered":"https:\/\/www.upo.es\/diario\/?p=7899290"},"modified":"2015-01-16T13:57:42","modified_gmt":"2015-01-16T13:57:42","slug":"la-universidad-pablo-de-olavide-estrena-el-proyecto-de-innovacion-docente-laudabilis","status":"publish","type":"post","link":"https:\/\/www.upo.es\/diario\/institucional\/2015\/01\/la-universidad-pablo-de-olavide-estrena-el-proyecto-de-innovacion-docente-laudabilis\/","title":{"rendered":"La Universidad Pablo de Olavide estrena el proyecto de innovaci\u00f3n docente \u00abLaudabilis\u00bb"},"content":{"rendered":"<figure id=\"attachment_7899295\" aria-describedby=\"caption-attachment-7899295\" style=\"width: 600px\" class=\"wp-caption alignnone\"><a href=\"https:\/\/www.upo.es\/diario\/institucional\/2015\/01\/la-universidad-pablo-de-olavide-estrena-el-proyecto-de-innovacion-docente-laudabilis\/attachment\/laudabilis\/\" rel=\"attachment wp-att-7899295\"><img loading=\"lazy\" decoding=\"async\" class=\"size-large wp-image-7899295 \" alt=\"Presentaci\u00f3n del Trabajo de Fin de Grado \" src=\"https:\/\/www.upo.es\/diario\/wp-content\/uploads\/2015\/01\/laudabilis-600x400.jpg\" width=\"600\" height=\"400\" srcset=\"https:\/\/www.upo.es\/diario\/wp-content\/uploads\/2015\/01\/laudabilis-600x400.jpg 600w, https:\/\/www.upo.es\/diario\/wp-content\/uploads\/2015\/01\/laudabilis-320x213.jpg 320w\" sizes=\"auto, (max-width: 600px) 100vw, 600px\" \/><\/a><figcaption id=\"caption-attachment-7899295\" class=\"wp-caption-text\">La Facultad de Derecho ha divulgado la presentaci\u00f3n p\u00fablica de los trabajos de fin de grado de sus estudiantes entre los diferentes despachos que colaboran con la UPO<\/figcaption><\/figure>\n<p>&nbsp;<\/p>\n<p>Esta ma\u00f1ana se ha presentado en la Universidad Pablo de Olavide el nuevo proyecto de innovaci\u00f3n docente \u201cLaudabilis alumnus\u201d que consiste en la presentaci\u00f3n, que ser\u00e1 retransmitida en directo a trav\u00e9s de UPOtv, del Trabajo de Fin de Grado de los estudiantes de los dobles grados en Derecho y Administraci\u00f3n de Empresas, en Derecho y Ciencias Pol\u00edticas, y en Derecho y Finanzas y Contabilidad.<\/p>\n<p>El equipo docente est\u00e1 coordinado por la profesora doctora Mar\u00eda Dolores Rego Blanco, junto con los profesores L\u00f3pez Gonz\u00e1lez, Toscano Gil, Blasco Rodr\u00edguez, Hern\u00e1ndez Jim\u00e9nez, P\u00e9rez de Andr\u00e9s y Rodr\u00edguez L\u00f3pez de Lemus. Debido a que en los a\u00f1os anteriores la asignatura ha demostrado ser un acierto por la satisfacci\u00f3n de alumnos y profesores implicados, y tambi\u00e9n por el cumplimiento de los objetivos de la asignatura respecto de la adquisici\u00f3n de las competencias globales de los estudios y de facilitar el acceso al mundo profesional, este grupo de profesores ha decidido poner en marcha este proyecto, cuya presentaci\u00f3n tiene lugar en la UPO hoy y ma\u00f1ana viernes.<\/p>\n<p>El objetivo principal de este proyecto es difundir los resultados de la asignatura y dar a conocer la capacitaci\u00f3n de los estudiantes de la Universidad. Se ofrece la oportunidad de retransmitir en directo a trav\u00e9s de la web de la UPO la exposici\u00f3n ante el tribunal del ejercicio oral del examen, pues de este modo se mejorar\u00e1n las posibilidades de acceder al \u00e1mbito profesional.<\/p>\n<p>La participaci\u00f3n en este proyecto es voluntaria para los estudiantes y puede acudir cualquier interesado, con lo que se prev\u00e9 atraer entre el p\u00fablico a los oteadores de Recursos Humanos o a los cazatalentos y, en este sentido, se cuenta con el apoyo de la Facultad de Derecho, que ha divulgado la iniciativa entre los diferentes despachos y entidades que colaboran con la UPO. Asimismo, los participantes podr\u00e1n grabar la retransmisi\u00f3n e incorporarla a su curr\u00edculum electr\u00f3nico o a su perfil profesional en Internet.<\/p>\n<p>Por \u00faltimo, los alumnos que se hayan inscrito en este proyecto de innovaci\u00f3n docente pueden optar a la distinci\u00f3n honor\u00edfica \u201cLaudabilis\u201d, recientemente creada por la Facultad de Derecho para significar a aquellos alumnos que, habiendo retransmitido su intervenci\u00f3n, opten a la calificaci\u00f3n de matr\u00edcula de honor en la asignatura Trabajo de Fin de Grado.<\/p>\n<p>En este primer a\u00f1o se han inscrito 18 estudiantes, de los cuales 9 presentan su Trabajo de fin de Grado hoy jueves 15 de enero, y los otros 9 lo har\u00e1n ma\u00f1ana viernes 16 de enero.<\/p>\n<p align=\"center\"><b>\u00a0<\/b><\/p>\n","protected":false},"excerpt":{"rendered":"<p>Esta ma\u00f1ana se ha presentado en la Universidad Pablo de Olavide el nuevo proyecto de innovaci\u00f3n docente \u201cLaudabilis alumnus\u201d que consiste en la presentaci\u00f3n, que ser\u00e1 retransmitida en directo a trav\u00e9s de UPOtv, del Trabajo de Fin de Grado de los estudiantes de los dobles grados en Derecho y Administraci\u00f3n de Empresas, en Derecho y Ciencias Pol\u00edticas, y en Derecho y Finanzas y Contabilidad. <\/p>\n","protected":false},"author":10,"featured_media":0,"comment_status":"closed","ping_status":"open","sticky":false,"template":"","format":"standard","meta":{"_monsterinsights_skip_tracking":false,"_monsterinsights_sitenote_active":false,"_monsterinsights_sitenote_note":"","_monsterinsights_sitenote_category":0,"footnotes":""},"categories":[6],"tags":[81,2082,2081],"class_list":["post-7899290","post","type-post","status-publish","format-standard","hentry","category-institucional","tag-facultad-de-derecho","tag-proyecto-laudabilis-alumnus","tag-trabajo-fin-de-grado"],"_links":{"self":[{"href":"https:\/\/www.upo.es\/diario\/wp-json\/wp\/v2\/posts\/7899290","targetHints":{"allow":["GET"]}}],"collection":[{"href":"https:\/\/www.upo.es\/diario\/wp-json\/wp\/v2\/posts"}],"about":[{"href":"https:\/\/www.upo.es\/diario\/wp-json\/wp\/v2\/types\/post"}],"author":[{"embeddable":true,"href":"https:\/\/www.upo.es\/diario\/wp-json\/wp\/v2\/users\/10"}],"replies":[{"embeddable":true,"href":"https:\/\/www.upo.es\/diario\/wp-json\/wp\/v2\/comments?post=7899290"}],"version-history":[{"count":13,"href":"https:\/\/www.upo.es\/diario\/wp-json\/wp\/v2\/posts\/7899290\/revisions"}],"predecessor-version":[{"id":7915892,"href":"https:\/\/www.upo.es\/diario\/wp-json\/wp\/v2\/posts\/7899290\/revisions\/7915892"}],"wp:attachment":[{"href":"https:\/\/www.upo.es\/diario\/wp-json\/wp\/v2\/media?parent=7899290"}],"wp:term":[{"taxonomy":"category","embeddable":true,"href":"https:\/\/www.upo.es\/diario\/wp-json\/wp\/v2\/categories?post=7899290"},{"taxonomy":"post_tag","embeddable":true,"href":"https:\/\/www.upo.es\/diario\/wp-json\/wp\/v2\/tags?post=7899290"}],"curies":[{"name":"wp","href":"https:\/\/api.w.org\/{rel}","templated":true}]}}