{"id":7915883,"date":"2015-01-19T00:53:18","date_gmt":"2015-01-19T00:53:18","guid":{"rendered":"https:\/\/www.upo.es\/diario\/?p=7915883"},"modified":"2015-01-20T13:53:43","modified_gmt":"2015-01-20T13:53:43","slug":"el-lunes-comienza-en-la-upo-el-seminario-estatal-de-investigacion-en-resiliencia-perspectiva-psicosocial","status":"publish","type":"post","link":"https:\/\/www.upo.es\/diario\/institucional\/2015\/01\/el-lunes-comienza-en-la-upo-el-seminario-estatal-de-investigacion-en-resiliencia-perspectiva-psicosocial\/","title":{"rendered":"La UPO acoge el \u201cSeminario Estatal de Investigaci\u00f3n en Resiliencia. Perspectiva Psicosocial\u201d"},"content":{"rendered":"<figure id=\"attachment_7972509\" aria-describedby=\"caption-attachment-7972509\" style=\"width: 600px\" class=\"wp-caption aligncenter\"><a href=\"https:\/\/www.upo.es\/diario\/institucional\/2015\/01\/el-lunes-comienza-en-la-upo-el-seminario-estatal-de-investigacion-en-resiliencia-perspectiva-psicosocial\/attachment\/img_4084\/\" rel=\"attachment wp-att-7972509\"><img loading=\"lazy\" decoding=\"async\" class=\"size-large wp-image-7972509\" alt=\"En la imagen, de izquierda a derecha, Mar\u00eda Rosa Herrera y Cristina Villalba, en un momento de la inauguraci\u00f3n.\" src=\"https:\/\/www.upo.es\/diario\/wp-content\/uploads\/2015\/01\/IMG_4084-600x400.jpg\" width=\"600\" height=\"400\" srcset=\"https:\/\/www.upo.es\/diario\/wp-content\/uploads\/2015\/01\/IMG_4084-600x400.jpg 600w, https:\/\/www.upo.es\/diario\/wp-content\/uploads\/2015\/01\/IMG_4084-320x213.jpg 320w\" sizes=\"auto, (max-width: 600px) 100vw, 600px\" \/><\/a><figcaption id=\"caption-attachment-7972509\" class=\"wp-caption-text\">En la imagen, de izquierda a derecha, Mar\u00eda Rosa Herrera y Cristina Villalba, en un momento de la inauguraci\u00f3n.<\/figcaption><\/figure>\n<p>La Universidad Pablo de Olavide acoge hoy lunes \u00a0y ma\u00f1ana martes\u00a0 el<strong> \u201cSeminario Estatal de Investigaci\u00f3n en Resiliencia. Perspectiva Psicosocial\u201d<\/strong>, un encuentro organizado por el Departamento de Trabajo Social y Servicios Sociales de la UPO \u00a0cuyo objetivo es abordar esta materia desde los \u00e1mbitos psicosocioeducativos.<\/p>\n<p>El encuentro ha sido inaugurado esta ma\u00f1ana por Mar\u00eda Rosa Herrera, directora del Departamento de Trabajo Social y Servicios Sociales de la UPO.<\/p>\n<p>El seminario re\u00fane durante dos d\u00edas a investigadores procedentes de la <a href=\"http:\/\/www.ull.es\/\">Universidad de La Laguna<\/a> (Tenerife), <a href=\"http:\/\/www.uma.es\/\">Universidad de M\u00e1laga<\/a>, <a href=\"https:\/\/www.ehu.eus\/\">Universidad del Pa\u00eds Vasco<\/a>, <a href=\"http:\/\/www.il3.ub.edu\/es\/Home.html?gclid=CKnk7KacmMMCFYjKtAodX1wAbg\">Universidad de Barcelona<\/a>, <a href=\"http:\/\/ujiapps.uji.es\/\">Universidad Jaume I<\/a> (Castell\u00f3n) y Universidad Pablo de Olavide implicados en el estudio de la capacidad humana de sobreponerse a situaciones l\u00edmite, desde las \u00e1reas de Psicolog\u00eda, Trabajo Social y Educaci\u00f3n Social. Se estructura en seis presentaciones con propuestas de reflexi\u00f3n y debate en las que se abordar\u00e1n, entre otros temas, investigaciones en resiliencia desde el Trabajo Social, las investigaciones en resiliencia familiar, en acogimiento y adopci\u00f3n o investigaciones en resiliencia en contextos educativos.<\/p>\n<p>Con ocasi\u00f3n de este simposio, hoy lunes a las 17.30 horas, en la Casa del Libro (C\/ Vel\u00e1zquez 8. Sevilla) se presentar\u00e1 el libro <b>\u201cNuevas Miradas sobre la Resiliencia\u201d<\/b>, que re\u00fane las principales ponencias y aportaciones del II Congreso Europeo de Resiliencia celebrado en Bilbao en el a\u00f1o 2013.<\/p>\n<p>Tambi\u00e9n en el marco del seminario, ma\u00f1ana martes 20 a las 13 horas en la sala de grados del edificio 6 de la UPO, se presentar\u00e1 la Asociaci\u00f3n de Investigaci\u00f3n en Resiliencia AIRE as\u00ed como el Postgrado de Promoci\u00f3n de Resiliencia que est\u00e1 liderando la Universidad de Barcelona y en el que participan el resto de universidades de este encuentro.<\/p>\n<p>&nbsp;<\/p>\n<p align=\"center\"><b>PROGRAMA<\/b><\/p>\n<p align=\"center\"><b>\u201cSeminario Estatal de Investigaci\u00f3n en Resiliencia. Perspectiva Psicosocial\u201d<\/b><\/p>\n<p align=\"center\"><b>Sala de grados del edificio 6<\/b><\/p>\n<p align=\"center\"><b>Universidad Pablo de Olavide<\/b><\/p>\n<p align=\"center\"><b>19 y 20 de enero de 2015<\/b><\/p>\n<p>&nbsp;<\/p>\n<p>&nbsp;<\/p>\n<p><b>LUNES 19 DE ENERO<\/b><\/p>\n<p><b>12h \u2013 12,15h<\/b>. \u00a0Acogida e Inauguraci\u00f3n.<\/p>\n<p>Mar\u00eda Rosa Herrera. Directora del Departamento de Trabajo Social y Servicios Sociales. Universidad Pablo de Olavide.<\/p>\n<p><b>12,15h \u2013 12,30h<\/b>. \u00a0Presentaci\u00f3n del\u00a0 Seminario.<\/p>\n<p>Cristina Villalba. Universidad Pablo de Olavide.<\/p>\n<p><b>12,30h \u2013 13,15h<\/b>.\u00a0\u00a0 Primera presentaci\u00f3n. Investigaciones en resiliencia desde el Trabajo Social.<\/p>\n<p>Mar\u00eda de las Olas Palma.\u00a0 Universidad de M\u00e1laga.<\/p>\n<p>Presenta y dinamiza el debate: Gloria Gil. Universidad de La Laguna. Tenerife.<\/p>\n<p><b>13,15h \u2013 14h.<\/b>\u00a0 Segunda presentaci\u00f3n. Investigaciones en resiliencia familiar.<\/p>\n<p>Presentan, exponen\u00a0 y dinamizan el debate:<\/p>\n<p>Jos\u00e9 M.\u00aa Madariaga (Universidad del Pa\u00eds Vasco) y Oscar P\u00e9rez-Muga, psic\u00f3logo, terapeuta infantil y familiar.<\/p>\n<p><b>14h \u2013 14,45h<\/b>. Tercera\u00a0 Presentaci\u00f3n. Investigaciones sobre resiliencia en\u00a0 acogimiento y adopci\u00f3n.<\/p>\n<p>Nuria Fuentes. Universidad de Barcelona.<\/p>\n<p>Presenta y dinamiza: Mar\u00eda de las Olas Palma. Universidad de M\u00e1laga.<\/p>\n<p><b>15h <\/b>\u00a0Almuerzo<\/p>\n<p><b>17,30h.<\/b> Presentaci\u00f3n del libro \u201cNuevas Miradas sobre la Resiliencia\u201d coordinado por Jos\u00e9 Mar\u00eda Madariaga. ED. Gedisa. Casa del Libro C\/ Vel\u00e1zquez, 8. Sevilla.<\/p>\n<p><b>MARTES 20 DE ENERO<\/b><\/p>\n<p><b>9h \u2013 9,45h<\/b>.\u00a0 Cuarta presentaci\u00f3n. El modelo hol\u00edstico de investigaci\u00f3n en resiliencia.<\/p>\n<p>Gloria Gil. Universidad de La Laguna. Tenerife.<\/p>\n<p>Presenta y dinamiza: Cristina Villalba. Universidad Pablo de Olavide.<\/p>\n<p><b>9,45h\u2013 10,30h<\/b>. Quinta presentaci\u00f3n. Investigaci\u00f3n aplicada de resiliencia en contextos educativos.<\/p>\n<p>Rosa Mateu. Universidad Jaume I\u00a0 (OPSIDE).<\/p>\n<p>Presenta y dinamiza: \u00d3scar P\u00e9rez-Muga. Psic\u00f3logo. Terapeuta infantil y familiar.<\/p>\n<p><b>10,30h \u2013 11,45h.<\/b> Espacio de intercambio de estudios y experiencias de los participantes.<\/p>\n<p><b>11,45h \u2013 12,30h.<\/b>\u00a0 Sexta presentaci\u00f3n\u00a0 Resiliencia. Generando posibilidades entre la academia y la vida<\/p>\n<p>Anna For\u00e9s. Universidad de Barcelona<\/p>\n<p>Presenta y dinamiza: Gloria Gil. Universidad de La Laguna. Tenerife<\/p>\n<p><b>12,30h \u2013 13h.<\/b>\u00a0 Caf\u00e9<\/p>\n<p><b>13h \u2013 14h<\/b>.\u00a0 Presentaci\u00f3n de la Asociaci\u00f3n AIRE de Investigaci\u00f3n en Resiliencia. Presentaci\u00f3n del Postgrado oficial de Promoci\u00f3n de la Resiliencia.<\/p>\n<p>Anna For\u00e9s. Presidenta de la Asociaci\u00f3n AIRE y directora del Postgrado Universidad de Barcelona\u00a0 Jos\u00e9 Mar\u00eda Madariaga. Tesorero de la Asociaci\u00f3n AIRE\u00a0 y coordinador del\u00a0 libro \u201cNuevas Miradas sobre la Resiliencia\u201d. Universidad del Pa\u00eds Vasco<\/p>\n<p>Pilar Surjo. Educadora Social. Dinamizadora de redes sociales de resiliencia y coordinadora del Postgrado de Promoci\u00f3n de la Resiliencia.<\/p>\n<p><b>14h \u2013 14,30h<\/b>\u00a0\u00a0 Propuestas para el futuro y aportaciones del seminario.<\/p>\n<p>Cristina Villalba. Universidad Pablo de Olavide.<\/p>\n","protected":false},"excerpt":{"rendered":"<p>La Universidad Pablo de Olavide acoge hoy lunes  y ma\u00f1ana martes  el \u201cSeminario Estatal de Investigaci\u00f3n en Resiliencia. Perspectiva Psicosocial\u201d, un encuentro organizado por el Departamento de Trabajo Social y Servicios Sociales de la UPO  cuyo objetivo es abordar esta materia desde los \u00e1mbitos psicosocioeducativos.<\/p>\n","protected":false},"author":2,"featured_media":0,"comment_status":"closed","ping_status":"open","sticky":false,"template":"","format":"standard","meta":{"_monsterinsights_skip_tracking":false,"_monsterinsights_sitenote_active":false,"_monsterinsights_sitenote_note":"","_monsterinsights_sitenote_category":0,"footnotes":""},"categories":[6],"tags":[628,333,334,142,2085,78,2086,103],"class_list":["post-7915883","post","type-post","status-publish","format-standard","hentry","category-institucional","tag-educacion-social","tag-libro","tag-presentacion","tag-psicologia","tag-resiliencia","tag-seminario","tag-servici","tag-trabajo-social"],"_links":{"self":[{"href":"https:\/\/www.upo.es\/diario\/wp-json\/wp\/v2\/posts\/7915883","targetHints":{"allow":["GET"]}}],"collection":[{"href":"https:\/\/www.upo.es\/diario\/wp-json\/wp\/v2\/posts"}],"about":[{"href":"https:\/\/www.upo.es\/diario\/wp-json\/wp\/v2\/types\/post"}],"author":[{"embeddable":true,"href":"https:\/\/www.upo.es\/diario\/wp-json\/wp\/v2\/users\/2"}],"replies":[{"embeddable":true,"href":"https:\/\/www.upo.es\/diario\/wp-json\/wp\/v2\/comments?post=7915883"}],"version-history":[{"count":11,"href":"https:\/\/www.upo.es\/diario\/wp-json\/wp\/v2\/posts\/7915883\/revisions"}],"predecessor-version":[{"id":7993832,"href":"https:\/\/www.upo.es\/diario\/wp-json\/wp\/v2\/posts\/7915883\/revisions\/7993832"}],"wp:attachment":[{"href":"https:\/\/www.upo.es\/diario\/wp-json\/wp\/v2\/media?parent=7915883"}],"wp:term":[{"taxonomy":"category","embeddable":true,"href":"https:\/\/www.upo.es\/diario\/wp-json\/wp\/v2\/categories?post=7915883"},{"taxonomy":"post_tag","embeddable":true,"href":"https:\/\/www.upo.es\/diario\/wp-json\/wp\/v2\/tags?post=7915883"}],"curies":[{"name":"wp","href":"https:\/\/api.w.org\/{rel}","templated":true}]}}