{"id":7973304,"date":"2015-01-19T06:30:56","date_gmt":"2015-01-19T06:30:56","guid":{"rendered":"https:\/\/www.upo.es\/diario\/?p=7973304"},"modified":"2015-01-21T08:33:34","modified_gmt":"2015-01-21T08:33:34","slug":"cepes-a-inaugura-manana-en-la-upo-la-exposicion-20-anos-por-la-economia-social-andaluza-construyendo-juntos","status":"publish","type":"post","link":"https:\/\/www.upo.es\/diario\/institucional\/2015\/01\/cepes-a-inaugura-manana-en-la-upo-la-exposicion-20-anos-por-la-economia-social-andaluza-construyendo-juntos\/","title":{"rendered":"CEPES-A inaugura ma\u00f1ana en la UPO la exposici\u00f3n \u201c20 a\u00f1os  por la Econom\u00eda Social Andaluza: Construyendo juntos\u201d"},"content":{"rendered":"<p>Jos\u00e9 Mar\u00eda Algora, presidente de CEPES-A, Vicente Guzm\u00e1n, rector de la UPO, y Angelina Mar\u00eda Ortiz del R\u00edo, directora general de Econom\u00eda Social, inauguran ma\u00f1ana martes 20 de enero, a las 20.15 horas en la sala de exposiciones de la Biblioteca de la Universidad Pablo de Olavide, la<strong> exposici\u00f3n \u201c20 a\u00f1os por la Econom\u00eda Social Andaluza: Construyendo juntos\u201d<\/strong>.<\/p>\n<p>La exposici\u00f3n, que <strong>podr\u00e1 visitarse hasta el 6 de febrero de 2015 en la Universidad Pablo de Olavide<\/strong> de Sevilla, ha sido organizada por CEPES-A para conmemorar los m\u00e1s de 20 a\u00f1os de actuaci\u00f3n responsable que respaldan a la entidad, trabajando por una econom\u00eda m\u00e1s sostenible, de valores sociales y principios cooperativos, que potencien el desarrollo econ\u00f3mico, social, medioambiental y con clara vocaci\u00f3n de servicio a sus empresas y a la sociedad andaluza.<\/p>\n<p>La exposici\u00f3n tiene un <strong>car\u00e1cter pedag\u00f3gico y documental, con un hilo conductor que se centra en mostrar los principios y valores de la Econom\u00eda Social<\/strong> as\u00ed como destacar los logros que la entidad ha llevado y est\u00e1 llevando a cabo en Andaluc\u00eda. Asimismo, esta exposici\u00f3n es un reconocimiento a todas las personas que han contribuido a que CEPES-A se haya consolidado como un proyecto asociativo empresarial de actuaci\u00f3n responsable.<\/p>\n<p>Con motivo de la inauguraci\u00f3n de la exposici\u00f3n, CEPES-A celebrar\u00e1 las jornadas: <a href=\"http:\/\/www.cepes-andalucia.es\/?id=1445\">\u201c20 a\u00f1os de CEPES-A: Di\u00e1logos de la Econom\u00eda Social Andaluza\u201d<\/a>, un espacio de conocimiento y de reflexi\u00f3n sobre nuestro pasado, presente y futuro, a trav\u00e9s de conversaciones con personas referentes del sector de la Econom\u00eda Social Andaluza.<\/p>\n","protected":false},"excerpt":{"rendered":"<p>Jos\u00e9 Mar\u00eda Algora, presidente de CEPES-A, Vicente Guzm\u00e1n, rector de la UPO, y Angelina Mar\u00eda Ortiz del R\u00edo, directora general de Econom\u00eda Social, inauguran ma\u00f1ana martes 20 de enero, a las 20.15 horas en la sala de exposiciones de la Biblioteca de la Universidad Pablo de Olavide, la exposici\u00f3n \u201c20 a\u00f1os por la Econom\u00eda Social Andaluza: Construyendo juntos\u201d. La exposici\u00f3n,<a class=\"read-more\" href=\"https:\/\/www.upo.es\/diario\/institucional\/2015\/01\/cepes-a-inaugura-manana-en-la-upo-la-exposicion-20-anos-por-la-economia-social-andaluza-construyendo-juntos\/\">[Read More&#8230;]<\/a><\/p>\n","protected":false},"author":6,"featured_media":0,"comment_status":"closed","ping_status":"open","sticky":false,"template":"","format":"standard","meta":{"_monsterinsights_skip_tracking":false,"_monsterinsights_sitenote_active":false,"_monsterinsights_sitenote_note":"","_monsterinsights_sitenote_category":0,"footnotes":""},"categories":[6],"tags":[1063,190,568,125,63,66,74,38],"class_list":["post-7973304","post","type-post","status-publish","format-standard","hentry","category-institucional","tag-accion-social","tag-andalucia","tag-aniversario","tag-biblioteca","tag-economia","tag-empresa","tag-exposiciones","tag-rector"],"_links":{"self":[{"href":"https:\/\/www.upo.es\/diario\/wp-json\/wp\/v2\/posts\/7973304","targetHints":{"allow":["GET"]}}],"collection":[{"href":"https:\/\/www.upo.es\/diario\/wp-json\/wp\/v2\/posts"}],"about":[{"href":"https:\/\/www.upo.es\/diario\/wp-json\/wp\/v2\/types\/post"}],"author":[{"embeddable":true,"href":"https:\/\/www.upo.es\/diario\/wp-json\/wp\/v2\/users\/6"}],"replies":[{"embeddable":true,"href":"https:\/\/www.upo.es\/diario\/wp-json\/wp\/v2\/comments?post=7973304"}],"version-history":[{"count":18,"href":"https:\/\/www.upo.es\/diario\/wp-json\/wp\/v2\/posts\/7973304\/revisions"}],"predecessor-version":[{"id":8008865,"href":"https:\/\/www.upo.es\/diario\/wp-json\/wp\/v2\/posts\/7973304\/revisions\/8008865"}],"wp:attachment":[{"href":"https:\/\/www.upo.es\/diario\/wp-json\/wp\/v2\/media?parent=7973304"}],"wp:term":[{"taxonomy":"category","embeddable":true,"href":"https:\/\/www.upo.es\/diario\/wp-json\/wp\/v2\/categories?post=7973304"},{"taxonomy":"post_tag","embeddable":true,"href":"https:\/\/www.upo.es\/diario\/wp-json\/wp\/v2\/tags?post=7973304"}],"curies":[{"name":"wp","href":"https:\/\/api.w.org\/{rel}","templated":true}]}}