{"id":8012873,"date":"2015-01-22T06:30:57","date_gmt":"2015-01-22T06:30:57","guid":{"rendered":"https:\/\/www.upo.es\/diario\/?p=8012873"},"modified":"2015-01-22T06:56:51","modified_gmt":"2015-01-22T06:56:51","slug":"manana-jueves-se-presenta-la-revista-de-estudios-americanos-de-la-universidad-pablo-de-olavide-americania","status":"publish","type":"post","link":"https:\/\/www.upo.es\/diario\/institucional\/2015\/01\/manana-jueves-se-presenta-la-revista-de-estudios-americanos-de-la-universidad-pablo-de-olavide-americania\/","title":{"rendered":"Hoy jueves se presenta la revista de estudios americanos de la Universidad Pablo de Olavide \u00abAmerican\u00eda\u00bb"},"content":{"rendered":"<p><a href=\"https:\/\/www.upo.es\/diario\/wp-content\/uploads\/2015\/01\/portada.jpg\"><img loading=\"lazy\" decoding=\"async\" class=\"alignright size-medium wp-image-8012874\" alt=\"portada\" src=\"https:\/\/www.upo.es\/diario\/wp-content\/uploads\/2015\/01\/portada-226x320.jpg\" width=\"226\" height=\"320\" srcset=\"https:\/\/www.upo.es\/diario\/wp-content\/uploads\/2015\/01\/portada-226x320.jpg 226w, https:\/\/www.upo.es\/diario\/wp-content\/uploads\/2015\/01\/portada-424x600.jpg 424w, https:\/\/www.upo.es\/diario\/wp-content\/uploads\/2015\/01\/portada-600x848.jpg 600w\" sizes=\"auto, (max-width: 226px) 100vw, 226px\" \/><\/a>Hoy jueves 22 de enero, a las 20:00 horas en la Escuela de Estudios Hispano Americanos \u00a0(Calle Alfonso XII, 16), tendr\u00e1 lugar la presentaci\u00f3n de la revista de estudios americanos de la Universidad Pablo de Olavide <a href=\"http:\/\/www.upo.es\/revistas\/index.php\/americania\">\u201cAmerican\u00eda\u201d<\/a>, a cargo de su director, Juan Marchena Fern\u00e1ndez, catedr\u00e1tico de Historia de Am\u00e9rica de la <a href=\"http:\/\/www.upo.es\/portal\/impe\/web\/portada\">UPO<\/a>, y de Antonio Guti\u00e9rrez Escudero, director de la <a href=\"http:\/\/www.eeha.csic.es\/\">EEHA<\/a>.<\/p>\n<p>\u201cAmerican\u00eda\u201d es una revista de \u00e1mbito acad\u00e9mico y publicaci\u00f3n online que surge como prolongaci\u00f3n del programa de m\u00e1ster y doctorado en Historia Latinoamericana de la Universidad Pablo de Olavide. Tras su creaci\u00f3n en el a\u00f1o 2011, esta revista de estudios latinoamericanos retoma ahora sus actividades con la publicaci\u00f3n de un nuevo n\u00famero que estar\u00e1 disponible a partir de la primera semana del pr\u00f3ximo mes de febrero.<\/p>\n<p>De periodicidad semestral, esta publicaci\u00f3n se presenta con la intenci\u00f3n de ofrecer un espacio de debate y participaci\u00f3n a los estudiantes e investigadores del mencionado programa de postgrado, y desde \u00e9l se abre al marco del americanismo nacional e internacional con la colaboraci\u00f3n de otros investigadores que quieran publicar sus trabajos. En este sentido, \u201cAmerican\u00eda\u201d pretende continuar la labor de conexi\u00f3n entre la ciudad de Sevilla y el continente americano que en las \u00faltimas d\u00e9cadas viene realizando el programa de Historia de Am\u00e9rica de la UPO, sus profesores, estudiantes e investigadores vinculados al mismo.<\/p>\n<p>En el acto de presentaci\u00f3n intervendr\u00e1n tambi\u00e9n expertos internacionales que forman parte del comit\u00e9 cient\u00edfico de la revista \u201cAmerican\u00eda\u201d, como <b>Tristan Platt<\/b>, de la Universidad de Saint Andrews (Reino Unido); <b>Enrique Ayala Mora<\/b>, rector de la Universidad Andina Sim\u00f3n Bol\u00edvar de Quito (Ecuador); <b>George Lovell<\/b>, de la Queen&#8217;s University (Canad\u00e1); <b>Luis Millones<\/b>, de la Universidad Nacional Mayor de San Marcos de Lima (Per\u00fa); <b>Santiago Uceda<\/b>, director de las excavaciones de los complejos arqueol\u00f3gicos de las Huacas del Sol y de la Luna en Trujillo (Per\u00fa), y <b>Fernando Caj\u00edas<\/b>, vicepresidente de la Academia de la Historia de Bolivia.<\/p>\n<p>El programa de m\u00e1ster y doctorado en Historia Latinoamericana ha sido reconocido desde sus inicios como programa de Excelencia del Ministerio de Educaci\u00f3n y obtuvo en el 2013 el premio al mejor programa de postgrado de la Asociaci\u00f3n Iberoamericana de Estudios de Postgrado. Este programa acumula 300 alumnos y m\u00e1s de 30 tesis presentadas.<\/p>\n","protected":false},"excerpt":{"rendered":"<p>Hoy jueves 22 de enero, a las 20:00 horas en la Escuela de Estudios Hispano Americanos  (Calle Alfonso XII, 16), tendr\u00e1 lugar la presentaci\u00f3n de la revista de estudios americanos de la Universidad Pablo de Olavide \u201cAmerican\u00eda\u201d, a cargo de su director, Juan Marchena Fern\u00e1ndez, catedr\u00e1tico de Historia de Am\u00e9rica de la UPO, y de Antonio Guti\u00e9rrez Escudero, director de la EEHA.<\/p>\n","protected":false},"author":2,"featured_media":0,"comment_status":"closed","ping_status":"open","sticky":false,"template":"","format":"standard","meta":{"_monsterinsights_skip_tracking":false,"_monsterinsights_sitenote_active":false,"_monsterinsights_sitenote_note":"","_monsterinsights_sitenote_category":0,"footnotes":""},"categories":[6],"tags":[269,1114,334,405],"class_list":["post-8012873","post","type-post","status-publish","format-standard","hentry","category-institucional","tag-america","tag-historia-de-america","tag-presentacion","tag-revista"],"_links":{"self":[{"href":"https:\/\/www.upo.es\/diario\/wp-json\/wp\/v2\/posts\/8012873","targetHints":{"allow":["GET"]}}],"collection":[{"href":"https:\/\/www.upo.es\/diario\/wp-json\/wp\/v2\/posts"}],"about":[{"href":"https:\/\/www.upo.es\/diario\/wp-json\/wp\/v2\/types\/post"}],"author":[{"embeddable":true,"href":"https:\/\/www.upo.es\/diario\/wp-json\/wp\/v2\/users\/2"}],"replies":[{"embeddable":true,"href":"https:\/\/www.upo.es\/diario\/wp-json\/wp\/v2\/comments?post=8012873"}],"version-history":[{"count":3,"href":"https:\/\/www.upo.es\/diario\/wp-json\/wp\/v2\/posts\/8012873\/revisions"}],"predecessor-version":[{"id":8012876,"href":"https:\/\/www.upo.es\/diario\/wp-json\/wp\/v2\/posts\/8012873\/revisions\/8012876"}],"wp:attachment":[{"href":"https:\/\/www.upo.es\/diario\/wp-json\/wp\/v2\/media?parent=8012873"}],"wp:term":[{"taxonomy":"category","embeddable":true,"href":"https:\/\/www.upo.es\/diario\/wp-json\/wp\/v2\/categories?post=8012873"},{"taxonomy":"post_tag","embeddable":true,"href":"https:\/\/www.upo.es\/diario\/wp-json\/wp\/v2\/tags?post=8012873"}],"curies":[{"name":"wp","href":"https:\/\/api.w.org\/{rel}","templated":true}]}}