{"id":8032100,"date":"2015-01-22T13:46:48","date_gmt":"2015-01-22T13:46:48","guid":{"rendered":"https:\/\/www.upo.es\/diario\/?p=8032100"},"modified":"2015-01-22T13:53:26","modified_gmt":"2015-01-22T13:53:26","slug":"se-acelera-la-creacion-de-empleo-y-cae-por-fin-el-desempleo-de-larga-duracion","status":"publish","type":"post","link":"https:\/\/www.upo.es\/diario\/institucional\/2015\/01\/se-acelera-la-creacion-de-empleo-y-cae-por-fin-el-desempleo-de-larga-duracion\/","title":{"rendered":"Se acelera la creaci\u00f3n de empleo y cae, por fin, el desempleo de larga duraci\u00f3n"},"content":{"rendered":"<p>La C\u00e1tedra BBVA de An\u00e1lisis Econ\u00f3mico de la Universidad Pablo de Olavide, dirigida por el profesor Jos\u00e9 Ignacio Garc\u00eda P\u00e9rez, ha realizado el an\u00e1lisis del mercado de trabajo de Espa\u00f1a y Andaluc\u00eda de acuerdo a los datos ofrecidos por la Encuesta de Poblaci\u00f3n Activa (EPA) del \u00faltimo trimestre de 2014. <strong>La econom\u00eda espa\u00f1ola ha creado empleo, por primera vez desde 2006, en el cuarto trimestre del a\u00f1o<\/strong>. Los datos son a\u00fan m\u00e1s positivos cuando se descuenta el impacto negativo de la coyuntura t\u00edpica de este trimestre. As\u00ed, en t\u00e9rminos desestacionalizados, el empleo ha avanzado en los \u00faltimos trimestres en m\u00e1s de 175.000 personas (un 1% m\u00e1s que a finales de septiembre de 2014 y un 2.53% m\u00e1s que a finales de 2013). En Andaluc\u00eda, por el contrario, la coyuntura es m\u00e1s favorable en el \u00faltimo trimestre de cada a\u00f1o debido b\u00e1sicamente a la campa\u00f1a ole\u00edcola. Por eso, los 70.830 puestos de trabajo creados en los \u00faltimos tres meses se reducen, cuando se ajusta la serie estacionalmente, en algo m\u00e1s de 29.000 para dejar la tasa de variaci\u00f3n intertrimestral del empleo en Andaluc\u00eda en el 1.53%, frente al 2.7% observado. No obstante, esta tasa es casi medio punto porcentual superior a la observada en el conjunto de Espa\u00f1a.<\/p>\n<p><strong>La novedad en este trimestre, tanto en Andaluc\u00eda como sobre todo en el conjunto de Espa\u00f1a, es que se acelera, tambi\u00e9n, la ca\u00edda del desempleo de larga duraci\u00f3n<\/strong>. En efecto, hay 251.859 parados de larga duraci\u00f3n menos que hace un a\u00f1o en el conjunto de Espa\u00f1a (43.673 menos en Andaluc\u00eda) lo que supone una magn\u00edfica noticia para aqu\u00e9llos con m\u00e1s dificultades para encontrar empleo. Donde ya no se encuentran tan buenas noticias es en el tipo de empleo que se est\u00e1 creando. Aunque en el conjunto de Espa\u00f1a parece haberse acelerado, por fin, la creaci\u00f3n de empleo indefinido (ver tablas adjuntas), en Andaluc\u00eda la mayor parte del empleo creado sigue siendo temporal: mientras que en el conjunto de Espa\u00f1a la totalidad del empleo creado es de car\u00e1cter indefinido, en Andaluc\u00eda solo uno de cada tres nuevos puestos de trabajo lo es.<\/p>\n<p>Como continuaci\u00f3n al an\u00e1lisis de flujos laborales que se inici\u00f3 el trimestre pasado, el informe analiza los movimientos entre empleo, desempleo e inactividad tanto para el conjunto de Espa\u00f1a como para la regi\u00f3n andaluza. Como confirmaci\u00f3n de la mejora en la coyuntura laboral descrita por las grandes cifras de empleo y desempleo,se observa que en este trimestre se reduce de manera apreciable la probabilidad de despido de los actualmente empleados, sobre todo si estos cuentan con un contrato indefinido.<\/p>\n<p>Asimismo, se acelera el ritmo de salida del desempleo, especialmente para los parados de corta duraci\u00f3n. Si bien todav\u00eda falta mucho para llegar a las tasas observadas antes de la crisis, la velocidad de salida del desempleo en Andaluc\u00eda es ya de casi el 20% al trimestre. La mayor incidencia del empleo temporal en Andaluc\u00eda se refleja en los altos ritmos de despido que se siguen observando (7.6% en media para el conjunto de andaluces empleados, mientras esta tasa es 4.7% en el conjunto de Espa\u00f1a). La conclusi\u00f3n es clara: sin una apuesta decidida por el empleo de calidad, Andaluc\u00eda no lograr\u00e1 cambiar su paradigma de crecimiento y, por ende, su modelo productivo.<\/p>\n<p><strong>La tasa de paro se ha reducido tanto en Espa\u00f1a como en Andaluc\u00eda en algo m\u00e1s de dos puntos porcentuales en el \u00faltimo a\u00f1o<\/strong>, <strong>llegando al 23,7% en el conjunto de Espa\u00f1a y al 34.2% en Andaluc\u00eda<\/strong>. El crecimiento de la poblaci\u00f3n activa que se viene observando desde hace meses y que recoge el cambio de percepci\u00f3n de los agentes econ\u00f3micos har\u00e1 cada vez m\u00e1s dif\u00edcil seguir reduciendo estas tasas si no se adoptan nuevas medidas de pol\u00edtica econ\u00f3micaque animen a la creaci\u00f3n de empleo m\u00e1s estable y con salarios m\u00e1s acordes a la nueva situaci\u00f3n econ\u00f3mica.<\/p>\n<p><a href=\"https:\/\/www.upo.es\/diario\/wp-content\/uploads\/2015\/01\/grafico-EPA-2014-T4.png\"><img loading=\"lazy\" decoding=\"async\" class=\"aligncenter size-large wp-image-8032903\" alt=\"Situaci\u00f3n del mercado de trabajo en Espa\u00f1a y Andaluc\u00eda\" src=\"https:\/\/www.upo.es\/diario\/wp-content\/uploads\/2015\/01\/grafico-EPA-2014-T4-600x256.png\" width=\"600\" height=\"256\" srcset=\"https:\/\/www.upo.es\/diario\/wp-content\/uploads\/2015\/01\/grafico-EPA-2014-T4-600x256.png 600w, https:\/\/www.upo.es\/diario\/wp-content\/uploads\/2015\/01\/grafico-EPA-2014-T4-320x136.png 320w, https:\/\/www.upo.es\/diario\/wp-content\/uploads\/2015\/01\/grafico-EPA-2014-T4.png 1270w\" sizes=\"auto, (max-width: 600px) 100vw, 600px\" \/><\/a><\/p>\n<p>A nivel provincial, el empleo sigue creciendo en M\u00e1laga a ritmos muy importantes y en esta \u00faltima parte del a\u00f1o destaca tambi\u00e9n el avance experimentado por el empleo industrial y en el sector servicios de la provincia de Sevilla, donde se han creado 66.700 empleos entre diciembre de 2013 y 2014. Por el contrario, C\u00e1diz y, sobre todo, Huelva siguen destruyendo empleo, si bien a ritmos algo inferiores a los observados en el pasado reciente. Sin duda la apuesta a nivel provincial est\u00e1 en el crecimiento del sector industrial y de servicios avanzados. La industria representa todav\u00eda menos del 9% del total de empleo en Andaluc\u00eda, casi al mismo nivel que el sector primario. La principal conclusi\u00f3n de este informe es que mientras no se constituya un sector industrial en Andaluc\u00eda con al menos el 15% de la poblaci\u00f3n ocupada ser\u00e1 dif\u00edcil que el cambio de modelo productivo sea una realidad en esta tierra. Para ello, tambi\u00e9n es crucial que las pol\u00edticas de empleo se centren en el empleo estable y en la formaci\u00f3n dual (en el aula y en la empresa).<\/p>\n<p>&gt; <a title=\"An\u00e1lisis EPA 4\u00ba Trimestre 2014\" href=\"http:\/\/riemann.upo.es\/econ\/wp-content\/uploads\/2015\/01\/informe_epa_2014T4.pdf\" target=\"_blank\"><strong>EPA 2014, 4\u00ba Trimestre. C\u00e1tedra BBVA de An\u00e1lisis Econ\u00f3mico de la UPO &#8211; \u00a0PDF<\/strong><\/a><\/p>\n","protected":false},"excerpt":{"rendered":"<p>La C\u00e1tedra BBVA de An\u00e1lisis Econ\u00f3mico de la Universidad Pablo de Olavide, dirigida por el profesor Jos\u00e9 Ignacio Garc\u00eda P\u00e9rez, ha realizado el an\u00e1lisis del mercado de trabajo de Espa\u00f1a y Andaluc\u00eda de acuerdo a los datos ofrecidos por la Encuesta de Poblaci\u00f3n Activa (EPA) del \u00faltimo trimestre de 2014. La econom\u00eda espa\u00f1ola ha creado empleo, por primera vez desde 2006, en el cuarto trimestre del a\u00f1o. Los datos son a\u00fan m\u00e1s positivos cuando se descuenta el impacto negativo de la coyuntura t\u00edpica de este trimestre.<\/p>\n","protected":false},"author":6,"featured_media":0,"comment_status":"closed","ping_status":"open","sticky":false,"template":"","format":"standard","meta":{"_monsterinsights_skip_tracking":false,"_monsterinsights_sitenote_active":false,"_monsterinsights_sitenote_note":"","_monsterinsights_sitenote_category":0,"footnotes":""},"categories":[6],"tags":[553,358,552,688,144,191,63,438,66,238],"class_list":["post-8032100","post","type-post","status-publish","format-standard","hentry","category-institucional","tag-analisis-economico","tag-catedra","tag-catedra-bbva","tag-creacion-de-empleo","tag-crisis","tag-desempleo","tag-economia","tag-empleo","tag-empresa","tag-encuesta"],"_links":{"self":[{"href":"https:\/\/www.upo.es\/diario\/wp-json\/wp\/v2\/posts\/8032100","targetHints":{"allow":["GET"]}}],"collection":[{"href":"https:\/\/www.upo.es\/diario\/wp-json\/wp\/v2\/posts"}],"about":[{"href":"https:\/\/www.upo.es\/diario\/wp-json\/wp\/v2\/types\/post"}],"author":[{"embeddable":true,"href":"https:\/\/www.upo.es\/diario\/wp-json\/wp\/v2\/users\/6"}],"replies":[{"embeddable":true,"href":"https:\/\/www.upo.es\/diario\/wp-json\/wp\/v2\/comments?post=8032100"}],"version-history":[{"count":6,"href":"https:\/\/www.upo.es\/diario\/wp-json\/wp\/v2\/posts\/8032100\/revisions"}],"predecessor-version":[{"id":8032908,"href":"https:\/\/www.upo.es\/diario\/wp-json\/wp\/v2\/posts\/8032100\/revisions\/8032908"}],"wp:attachment":[{"href":"https:\/\/www.upo.es\/diario\/wp-json\/wp\/v2\/media?parent=8032100"}],"wp:term":[{"taxonomy":"category","embeddable":true,"href":"https:\/\/www.upo.es\/diario\/wp-json\/wp\/v2\/categories?post=8032100"},{"taxonomy":"post_tag","embeddable":true,"href":"https:\/\/www.upo.es\/diario\/wp-json\/wp\/v2\/tags?post=8032100"}],"curies":[{"name":"wp","href":"https:\/\/api.w.org\/{rel}","templated":true}]}}