{"id":812728,"date":"2013-04-24T16:43:03","date_gmt":"2013-04-24T16:43:03","guid":{"rendered":"https:\/\/www.upo.es\/diario\/?p=812728"},"modified":"2013-04-25T09:59:45","modified_gmt":"2013-04-25T09:59:45","slug":"convocadas-elecciones-a-representantes-estudiantiles-en-el-consejo-de-gobierno","status":"publish","type":"post","link":"https:\/\/www.upo.es\/diario\/infoupo\/2013\/04\/convocadas-elecciones-a-representantes-estudiantiles-en-el-consejo-de-gobierno\/","title":{"rendered":"Convocadas elecciones a representantes estudiantiles en el Consejo de Gobierno"},"content":{"rendered":"<p>La Mesa del Claustro de la Universidad Pablo de Olavide ha convocado <b>elecciones para cubrir las tres vacantes existentes en la representaci\u00f3n estudiantil en el Consejo de Gobierno<\/b>. As\u00ed, y tal como se\u00f1alan los Estatutos de la UPO, <b>cualquier estudiante puede presentar su candidatura<\/b>, siendo los representantes claustrales del sector estudiantes qui\u00e9nes elijan en su sesi\u00f3n prevista para el 14 de mayo de 2013 a los alumnos que pasar\u00e1n a formar parte del Consejo de Gobierno.<\/p>\n<p>El Censo ser\u00e1 publicado el viernes d\u00eda 26 y el per\u00edodo para presentar candidaturas se abrir\u00e1 del 2 al 6 de mayo. Los estudiantes que detecten cualquier posible error en el censo, podr\u00e1n realizar reclamaciones hasta el pr\u00f3ximo lunes d\u00eda 29.<\/p>\n<p>M\u00e1s informaci\u00f3n: <a title=\"web informativa sobre procesos electorales de la UPO\" href=\"http:\/\/www.upo.es\/elecciones\/\">www.upo.es\/elecciones\u00a0<\/a><\/p>\n","protected":false},"excerpt":{"rendered":"<p>La Mesa del Claustro de la Universidad Pablo de Olavide ha convocado elecciones para cubrir las tres vacantes existentes en la representaci\u00f3n estudiantil en el Consejo de Gobierno. As\u00ed, y tal como se\u00f1alan los Estatutos de la UPO, cualquier estudiante puede presentar su candidatura, siendo los representantes claustrales del sector estudiantes qui\u00e9nes elijan en su sesi\u00f3n prevista para el 14 de mayo de 2013 a los alumnos que pasar\u00e1n a formar parte del Consejo de Gobierno.<\/p>\n","protected":false},"author":6,"featured_media":0,"comment_status":"closed","ping_status":"open","sticky":false,"template":"","format":"standard","meta":{"_monsterinsights_skip_tracking":false,"_monsterinsights_sitenote_active":false,"_monsterinsights_sitenote_note":"","_monsterinsights_sitenote_category":0,"footnotes":""},"categories":[5],"tags":[70,102,69,21],"class_list":["post-812728","post","type-post","status-publish","format-standard","hentry","category-infoupo","tag-claustro","tag-consejo-de-gobierno","tag-elecciones","tag-estudiantes"],"_links":{"self":[{"href":"https:\/\/www.upo.es\/diario\/wp-json\/wp\/v2\/posts\/812728","targetHints":{"allow":["GET"]}}],"collection":[{"href":"https:\/\/www.upo.es\/diario\/wp-json\/wp\/v2\/posts"}],"about":[{"href":"https:\/\/www.upo.es\/diario\/wp-json\/wp\/v2\/types\/post"}],"author":[{"embeddable":true,"href":"https:\/\/www.upo.es\/diario\/wp-json\/wp\/v2\/users\/6"}],"replies":[{"embeddable":true,"href":"https:\/\/www.upo.es\/diario\/wp-json\/wp\/v2\/comments?post=812728"}],"version-history":[{"count":3,"href":"https:\/\/www.upo.es\/diario\/wp-json\/wp\/v2\/posts\/812728\/revisions"}],"predecessor-version":[{"id":812730,"href":"https:\/\/www.upo.es\/diario\/wp-json\/wp\/v2\/posts\/812728\/revisions\/812730"}],"wp:attachment":[{"href":"https:\/\/www.upo.es\/diario\/wp-json\/wp\/v2\/media?parent=812728"}],"wp:term":[{"taxonomy":"category","embeddable":true,"href":"https:\/\/www.upo.es\/diario\/wp-json\/wp\/v2\/categories?post=812728"},{"taxonomy":"post_tag","embeddable":true,"href":"https:\/\/www.upo.es\/diario\/wp-json\/wp\/v2\/tags?post=812728"}],"curies":[{"name":"wp","href":"https:\/\/api.w.org\/{rel}","templated":true}]}}