{"id":813040,"date":"2013-04-25T11:43:25","date_gmt":"2013-04-25T11:43:25","guid":{"rendered":"https:\/\/www.upo.es\/diario\/?p=813040"},"modified":"2013-04-29T07:47:39","modified_gmt":"2013-04-29T07:47:39","slug":"la-universidad-pablo-de-olavide-y-la-fundacion-vodafone-colaboran-para-avanzar-en-su-modelo-de-campus-accesible","status":"publish","type":"post","link":"https:\/\/www.upo.es\/diario\/institucional\/2013\/04\/la-universidad-pablo-de-olavide-y-la-fundacion-vodafone-colaboran-para-avanzar-en-su-modelo-de-campus-accesible\/","title":{"rendered":"La Universidad Pablo de Olavide y la Fundaci\u00f3n Vodafone colaboran para avanzar en su modelo de campus accesible"},"content":{"rendered":"<figure id=\"attachment_813041\" aria-describedby=\"caption-attachment-813041\" style=\"width: 320px\" class=\"wp-caption alignright\"><a href=\"https:\/\/www.upo.es\/diario\/wp-content\/uploads\/2013\/04\/puestosinfoadaptados.jpg\"><img loading=\"lazy\" decoding=\"async\" class=\"size-medium wp-image-813041\" alt=\"una estudiante de la UPO utiliza uno de los puestos inform\u00e1ticos infoadaptados del campus\" src=\"https:\/\/www.upo.es\/diario\/wp-content\/uploads\/2013\/04\/puestosinfoadaptados-320x212.jpg\" width=\"320\" height=\"212\" srcset=\"https:\/\/www.upo.es\/diario\/wp-content\/uploads\/2013\/04\/puestosinfoadaptados-320x212.jpg 320w, https:\/\/www.upo.es\/diario\/wp-content\/uploads\/2013\/04\/puestosinfoadaptados-1024x680.jpg 1024w, https:\/\/www.upo.es\/diario\/wp-content\/uploads\/2013\/04\/puestosinfoadaptados-600x398.jpg 600w\" sizes=\"auto, (max-width: 320px) 100vw, 320px\" \/><\/a><figcaption id=\"caption-attachment-813041\" class=\"wp-caption-text\">Una estudiante de la UPO utiliza uno de los puestos inform\u00e1ticos infoadaptados del campus<\/figcaption><\/figure>\n<p>La Universidad Pablo de Olavide de Sevilla \u00a0ha suscrito un convenio de colaboraci\u00f3n con la Fundaci\u00f3n Vodafone Espa\u00f1a, por el cual recibir\u00e1 30.250 euros que se destinar\u00e1n a la adquisici\u00f3n de un servicio de integraci\u00f3n de software Verbio en los diferentes portales de la Universidad, as\u00ed como la mejora de la accesibilidad mediante el acercamiento a est\u00e1ndares WCGA 2.0.<\/p>\n<p>El proyecto presentado por el Vicerrectorado de TIC, Calidad e Innovaci\u00f3n de la Universidad de Pablo de Olavide, fue seleccionado entre un total de 39 propuestas presentadas por diferentes universidades a la comisi\u00f3n de seguimiento de la Fundaci\u00f3n Vodafone Espa\u00f1a. El mismo result\u00f3 elegido, ya que cumple con el requisito de potenciar la igualdad de oportunidades de las personas con discapacidad\u00a0 durante su estancia en la Universidad.<\/p>\n<p>Este proyecto pretende mejorar de manera significativa la informaci\u00f3n accesible mediante la puesta en marcha de un servicio tecnol\u00f3gico para la conversi\u00f3n de texto a voz, que permita a las personas con discapacidad visual una mayor accesibilidad a toda la informaci\u00f3n de los portales web de la universidad. De esta forma, esta soluci\u00f3n tecnol\u00f3gica permitir\u00e1 que los portales web de la Universidad Pablo de Olavide sean navegables por voz. Adem\u00e1s, este proyecto para la mejora de la accesibilidad permitir\u00e1 a la Universidad Pablo de Olavide un acercamiento a los est\u00e1ndares exigibles recogidos en la WCAG 2.0, que giran en torno a los principios de perceptibilidad, operabilidad, comprensibilidad y robustez, acercamiento que sin duda alguna contribuir\u00e1 por otro lado a la obtenci\u00f3n de la certificaci\u00f3n europea de accesibilidad mediante metodolog\u00edas de evaluaci\u00f3n ya existentes que han sido desarrolladas en el seno del proyecto Support-EAM del sexto programa marco de la Comisi\u00f3n Europea.<\/p>\n<p>Se pretende con ello consolidar la UPO como modelo de innovaci\u00f3n y progreso a trav\u00e9s de la excelencia en la docencia, la investigaci\u00f3n y la transferencia del conocimiento, todo ello adem\u00e1s desde una perspectiva de campus accesible, como verdadero entorno de vida universitaria y ecosistema del conocimiento.<\/p>\n<p>La firma del convenio de colaboraci\u00f3n entre ambas entidades que hoy se realiza,\u00a0 ha sido posible por el acuerdo previamente alcanzado entre la Fundaci\u00f3n Vodafone Espa\u00f1a, el Ministerio de Educaci\u00f3n, Cultura y Deporte y Fundaci\u00f3n para la Proyecci\u00f3n Internacional de las Universidades Espa\u00f1olas, con el fin de impulsar la competitividad e internacionalizaci\u00f3n de las universidades espa\u00f1olas y es financiado en exclusiva por la Fundaci\u00f3n Vodafone Espa\u00f1a.<\/p>\n","protected":false},"excerpt":{"rendered":"<p>La Universidad Pablo de Olavide de Sevilla ha suscrito un convenio de colaboraci\u00f3n con la Fundaci\u00f3n Vodafone Espa\u00f1a, por el cual recibir\u00e1 30.250 euros que se destinar\u00e1n a la adquisici\u00f3n de un servicio de integraci\u00f3n de software Verbio en los diferentes portales de la Universidad, as\u00ed como la mejora de la accesibilidad mediante el acercamiento a est\u00e1ndares WCGA 2.0.<\/p>\n","protected":false},"author":6,"featured_media":0,"comment_status":"closed","ping_status":"open","sticky":false,"template":"","format":"standard","meta":{"_monsterinsights_skip_tracking":false,"_monsterinsights_sitenote_active":false,"_monsterinsights_sitenote_note":"","_monsterinsights_sitenote_category":0,"footnotes":""},"categories":[6],"tags":[448,107,326,47,393],"class_list":["post-813040","post","type-post","status-publish","format-standard","hentry","category-institucional","tag-accesibilidad","tag-campus","tag-convenio","tag-fundaciones","tag-tics"],"_links":{"self":[{"href":"https:\/\/www.upo.es\/diario\/wp-json\/wp\/v2\/posts\/813040","targetHints":{"allow":["GET"]}}],"collection":[{"href":"https:\/\/www.upo.es\/diario\/wp-json\/wp\/v2\/posts"}],"about":[{"href":"https:\/\/www.upo.es\/diario\/wp-json\/wp\/v2\/types\/post"}],"author":[{"embeddable":true,"href":"https:\/\/www.upo.es\/diario\/wp-json\/wp\/v2\/users\/6"}],"replies":[{"embeddable":true,"href":"https:\/\/www.upo.es\/diario\/wp-json\/wp\/v2\/comments?post=813040"}],"version-history":[{"count":4,"href":"https:\/\/www.upo.es\/diario\/wp-json\/wp\/v2\/posts\/813040\/revisions"}],"predecessor-version":[{"id":813191,"href":"https:\/\/www.upo.es\/diario\/wp-json\/wp\/v2\/posts\/813040\/revisions\/813191"}],"wp:attachment":[{"href":"https:\/\/www.upo.es\/diario\/wp-json\/wp\/v2\/media?parent=813040"}],"wp:term":[{"taxonomy":"category","embeddable":true,"href":"https:\/\/www.upo.es\/diario\/wp-json\/wp\/v2\/categories?post=813040"},{"taxonomy":"post_tag","embeddable":true,"href":"https:\/\/www.upo.es\/diario\/wp-json\/wp\/v2\/tags?post=813040"}],"curies":[{"name":"wp","href":"https:\/\/api.w.org\/{rel}","templated":true}]}}