{"id":8130693,"date":"2015-01-28T06:55:12","date_gmt":"2015-01-28T06:55:12","guid":{"rendered":"https:\/\/www.upo.es\/diario\/?p=8130693"},"modified":"2015-01-28T07:17:14","modified_gmt":"2015-01-28T07:17:14","slug":"el-rector-de-la-upo-asiste-a-la-presentacion-de-los-proyectos-de-accion-social-de-la-obra-social-la-caixa","status":"publish","type":"post","link":"https:\/\/www.upo.es\/diario\/institucional\/2015\/01\/el-rector-de-la-upo-asiste-a-la-presentacion-de-los-proyectos-de-accion-social-de-la-obra-social-la-caixa\/","title":{"rendered":"El rector de la UPO asiste a la presentaci\u00f3n de los proyectos de acci\u00f3n social de la Obra Social \u00abLa Caixa\u00bb"},"content":{"rendered":"<p>Hoy mi\u00e9rcoles 28 de enero, a las 11 horas, en la sede del Servicio Andaluz de Salud (Avda. de la Constituci\u00f3n n.\u00ba 18), la <a href=\"http:\/\/obrasocial.lacaixa.es\/\">Obra Social \u201cla Caixa\u201d<\/a>, la <a href=\"http:\/\/www.juntadeandalucia.es\/organismos\/igualdadsaludypoliticassociales.html\">Consejer\u00eda de Igualdad, Salud y Pol\u00edticas Sociales<\/a> de la Junta de Andaluc\u00eda y la <a href=\"http:\/\/www.cajasol.es\/\">Fundaci\u00f3n Cajasol<\/a> presentan, en el marco del Programa de Ayudas a Proyectos de Iniciativas Sociales, los 17 proyectos sevillanos seleccionados en la Convocatoria de iniciativas sociales de Andaluc\u00eda \u2013 2014.<\/p>\n<p>El acto estar\u00e1 presentado por Rafael Herrador, director territorial de \u201cla Caixa\u201d en Andaluc\u00eda Occidental; Mar\u00eda Jos\u00e9 S\u00e1nchez Rubio, consejera de Igualdad, Salud y Pol\u00edticas Sociales de la Junta de Andaluc\u00eda, y Antonio Pulido, presidente de la Fundaci\u00f3n Cajasol. El rector de la <a href=\"http:\/\/www.upo.es\/portal\/impe\/web\/portada\">Universidad Pablo de Olavide<\/a>, Vicente Guzm\u00e1n Fluja, asistir\u00e1 a este acto, puesto que uno de los proyectos concedidos est\u00e1 relacionado con la Residencia Universitaria Flora Trist\u00e1n.<\/p>\n<p>Esta convocatoria tiene como finalidad apoyar a las organizaciones no lucrativas que desarrollan proyectos en Andaluc\u00eda encaminados a dar respuesta a los retos sociales con mayor incidencia en la actualidad y dirigidos a aquellas personas que se encuentran en riesgo o en situaci\u00f3n de vulnerabilidad y exclusi\u00f3n social.<\/p>\n<p>&nbsp;<\/p>\n","protected":false},"excerpt":{"rendered":"<p>Hoy mi\u00e9rcoles 28 de enero, en la sede del Servicio Andaluz de Salud (Avda. de la Constituci\u00f3n n.\u00ba 18), la Obra Social \u201cla Caixa\u201d, la Consejer\u00eda de Igualdad, Salud y Pol\u00edticas Sociales de la Junta de Andaluc\u00eda y la Fundaci\u00f3n Cajasol presentan, en el marco del Programa de Ayudas a Proyectos de Iniciativas Sociales, los 17 proyectos sevillanos seleccionados en la Convocatoria de iniciativas sociales de Andaluc\u00eda \u2013 2014. <\/p>\n","protected":false},"author":2,"featured_media":0,"comment_status":"closed","ping_status":"open","sticky":false,"template":"","format":"standard","meta":{"_monsterinsights_skip_tracking":false,"_monsterinsights_sitenote_active":false,"_monsterinsights_sitenote_note":"","_monsterinsights_sitenote_category":0,"footnotes":""},"categories":[6],"tags":[326,455,793,933,38,1340],"class_list":["post-8130693","post","type-post","status-publish","format-standard","hentry","category-institucional","tag-convenio","tag-exclusion-social","tag-intervencion-social","tag-proyecto","tag-rector","tag-vicente-guzman"],"_links":{"self":[{"href":"https:\/\/www.upo.es\/diario\/wp-json\/wp\/v2\/posts\/8130693","targetHints":{"allow":["GET"]}}],"collection":[{"href":"https:\/\/www.upo.es\/diario\/wp-json\/wp\/v2\/posts"}],"about":[{"href":"https:\/\/www.upo.es\/diario\/wp-json\/wp\/v2\/types\/post"}],"author":[{"embeddable":true,"href":"https:\/\/www.upo.es\/diario\/wp-json\/wp\/v2\/users\/2"}],"replies":[{"embeddable":true,"href":"https:\/\/www.upo.es\/diario\/wp-json\/wp\/v2\/comments?post=8130693"}],"version-history":[{"count":3,"href":"https:\/\/www.upo.es\/diario\/wp-json\/wp\/v2\/posts\/8130693\/revisions"}],"predecessor-version":[{"id":8130695,"href":"https:\/\/www.upo.es\/diario\/wp-json\/wp\/v2\/posts\/8130693\/revisions\/8130695"}],"wp:attachment":[{"href":"https:\/\/www.upo.es\/diario\/wp-json\/wp\/v2\/media?parent=8130693"}],"wp:term":[{"taxonomy":"category","embeddable":true,"href":"https:\/\/www.upo.es\/diario\/wp-json\/wp\/v2\/categories?post=8130693"},{"taxonomy":"post_tag","embeddable":true,"href":"https:\/\/www.upo.es\/diario\/wp-json\/wp\/v2\/tags?post=8130693"}],"curies":[{"name":"wp","href":"https:\/\/api.w.org\/{rel}","templated":true}]}}