{"id":813192,"date":"2013-04-26T06:00:29","date_gmt":"2013-04-26T06:00:29","guid":{"rendered":"https:\/\/www.upo.es\/diario\/?p=813192"},"modified":"2013-04-26T07:58:37","modified_gmt":"2013-04-26T07:58:37","slug":"investigadores-y-empresas-se-dan-cita-manana-viernes-en-las-ii-jornadas-de-biotecnologia-de-los-masters-de-la-upo","status":"publish","type":"post","link":"https:\/\/www.upo.es\/diario\/institucional\/2013\/04\/investigadores-y-empresas-se-dan-cita-manana-viernes-en-las-ii-jornadas-de-biotecnologia-de-los-masters-de-la-upo\/","title":{"rendered":"Investigadores y empresas se dan cita hoy viernes en las II Jornadas de Biotecnolog\u00eda de los Masters de la UPO"},"content":{"rendered":"<figure id=\"attachment_816252\" aria-describedby=\"caption-attachment-816252\" style=\"width: 320px\" class=\"wp-caption alignright\"><a href=\"https:\/\/www.upo.es\/diario\/wp-content\/uploads\/2013\/04\/jbiotecnologiamasters.jpg\"><img loading=\"lazy\" decoding=\"async\" class=\"size-medium wp-image-816252\" alt=\"De izq. a dcha.: Bel\u00e9n Floriano, directora general de Seguimiento y Garant\u00eda  de Calidad; Francisca Reyes, directora del master de Biotecnolog\u00eda Ambiental, Industrial y Alimentaria, y Antonio J. P\u00e9rez, director del master de Biotecnolog\u00eda Sanitaria\" src=\"https:\/\/www.upo.es\/diario\/wp-content\/uploads\/2013\/04\/jbiotecnologiamasters-320x183.jpg\" width=\"320\" height=\"183\" srcset=\"https:\/\/www.upo.es\/diario\/wp-content\/uploads\/2013\/04\/jbiotecnologiamasters-320x183.jpg 320w, https:\/\/www.upo.es\/diario\/wp-content\/uploads\/2013\/04\/jbiotecnologiamasters-1024x587.jpg 1024w, https:\/\/www.upo.es\/diario\/wp-content\/uploads\/2013\/04\/jbiotecnologiamasters-600x344.jpg 600w\" sizes=\"auto, (max-width: 320px) 100vw, 320px\" \/><\/a><figcaption id=\"caption-attachment-816252\" class=\"wp-caption-text\">De izq. a dcha.: Bel\u00e9n Floriano, directora general de Seguimiento y Garant\u00eda de Calidad; Francisca Reyes, directora del master de Biotecnolog\u00eda Ambiental, Industrial y Alimentaria, y Antonio J. P\u00e9rez, director del master de Biotecnolog\u00eda Sanitaria<\/figcaption><\/figure>\n<p>Hoy viernes, 26 de abril, a las 9 horas en la sala B11 del edificio 45\u00a0 de la Universidad Pablo de Olavide, la directora general de Seguimiento y Garant\u00eda de Calidad de la UPO, Bel\u00e9n Floriano; la directora del m\u00e1ster en Biotecnolog\u00eda Ambiental, Industrial y Alimentaria, Francisca Reyes, y el director del m\u00e1ster en Biotecnolog\u00eda Sanitaria, Antonio J. P\u00e9rez, han inaugurado la <b>II edici\u00f3n de la Jornada de Biotecnolog\u00eda de los Masters de la UPO.<\/b><\/p>\n<p>Esta jornada, organizada por los masters en Biotecnolog\u00eda Ambiental, Industrial y Alimentaria y en Biotecnolog\u00eda Sanitaria de la UPO, surge como punto de encuentro entre investigadores, estudiantes y empresas de biotecnolog\u00eda para presentar lo que se est\u00e1 desarrollando en este sector en Andaluc\u00eda.<\/p>\n<p>Tras la inauguraci\u00f3n, se ha presentado el n\u00famero 2 de la revista sobre biotecnolog\u00eda \u201c<b>Biosaia\u201d<\/b>, que naci\u00f3 en el a\u00f1o 2012 en el marco de las comisiones acad\u00e9micas de los masters en Biotecnolog\u00eda de la UPO y cuyos editores son los directores de los postgrados, Francisca Reyes Ram\u00edrez y Antonio J. P\u00e9rez Pulido. El segundo n\u00famero de la revista recoge art\u00edculos de investigaci\u00f3n, revisiones, entrevistas a investigadores, y art\u00edculos sobre la empleabilidad de los masters.<\/p>\n<p>\u201cBiosaia\u201d tiene como finalidad convertirse en una herramienta docente de entrenamiento para los nuevos investigadores y emprendedores en biotecnolog\u00eda, as\u00ed como un punto de encuentro para estudiantes, investigadores y empresas de biotecnolog\u00eda.<\/p>\n<p>La jornada se estructura en cuatro conferencias impartidas por investigadores y especialistas en biotecnolog\u00eda, tales como Pilar Blanco, del Instituto de Biomedicina de Sevilla, que abordar\u00e1 las enfermedades infecciosas; el profesor David C\u00e1novas, del Departamento de Gen\u00e9tica de la Universidad de Sevilla; Raquel Fern\u00e1ndez Garc\u00eda, de la Unidad de Gesti\u00f3n Cl\u00ednica de Gen\u00e9tica, Reproducci\u00f3n y Medicina Fetal del Instituto de Biomedicina de Sevilla, e Ignacio Rodr\u00edguez, profesor de Microbiolog\u00eda de la Universidad de Sevilla. Dentro del programa de actividades, se ofrecer\u00e1n comunicaciones orales de los trabajos de fin de master de los estudiantes, sesiones de posters y una mesa redonda en la que participar\u00e1n representantes de tres empresas biotecnol\u00f3gicas andaluzas: G\u00e9nova, NBT y Bionaturis.<\/p>\n<p>&nbsp;<\/p>\n","protected":false},"excerpt":{"rendered":"<p>Hoy viernes, 26 de abril, a las 9 horas en la sala B11 del edificio 45  de la Universidad Pablo de Olavide, la directora general de Seguimiento y Garant\u00eda de Calidad de la UPO, Bel\u00e9n Floriano; la directora del m\u00e1ster en Biotecnolog\u00eda Ambiental, Industrial y Alimentaria, Francisca Reyes, y el director del m\u00e1ster en Biotecnolog\u00eda Sanitaria, Antonio J. P\u00e9rez, han inaugurado la II edici\u00f3n de la Jornada de Biotecnolog\u00eda de los Masters de la UPO.<\/p>\n","protected":false},"author":4,"featured_media":0,"comment_status":"closed","ping_status":"open","sticky":false,"template":"","format":"standard","meta":{"_monsterinsights_skip_tracking":false,"_monsterinsights_sitenote_active":false,"_monsterinsights_sitenote_note":"","_monsterinsights_sitenote_category":0,"footnotes":""},"categories":[6],"tags":[516,121,514,515],"class_list":["post-813192","post","type-post","status-publish","format-standard","hentry","category-institucional","tag-biosaia","tag-biotecnologia","tag-jornada","tag-masters"],"_links":{"self":[{"href":"https:\/\/www.upo.es\/diario\/wp-json\/wp\/v2\/posts\/813192","targetHints":{"allow":["GET"]}}],"collection":[{"href":"https:\/\/www.upo.es\/diario\/wp-json\/wp\/v2\/posts"}],"about":[{"href":"https:\/\/www.upo.es\/diario\/wp-json\/wp\/v2\/types\/post"}],"author":[{"embeddable":true,"href":"https:\/\/www.upo.es\/diario\/wp-json\/wp\/v2\/users\/4"}],"replies":[{"embeddable":true,"href":"https:\/\/www.upo.es\/diario\/wp-json\/wp\/v2\/comments?post=813192"}],"version-history":[{"count":4,"href":"https:\/\/www.upo.es\/diario\/wp-json\/wp\/v2\/posts\/813192\/revisions"}],"predecessor-version":[{"id":815955,"href":"https:\/\/www.upo.es\/diario\/wp-json\/wp\/v2\/posts\/813192\/revisions\/815955"}],"wp:attachment":[{"href":"https:\/\/www.upo.es\/diario\/wp-json\/wp\/v2\/media?parent=813192"}],"wp:term":[{"taxonomy":"category","embeddable":true,"href":"https:\/\/www.upo.es\/diario\/wp-json\/wp\/v2\/categories?post=813192"},{"taxonomy":"post_tag","embeddable":true,"href":"https:\/\/www.upo.es\/diario\/wp-json\/wp\/v2\/tags?post=813192"}],"curies":[{"name":"wp","href":"https:\/\/api.w.org\/{rel}","templated":true}]}}