{"id":8148385,"date":"2015-01-28T07:00:09","date_gmt":"2015-01-28T07:00:09","guid":{"rendered":"https:\/\/www.upo.es\/diario\/?p=8148385"},"modified":"2015-01-29T13:40:19","modified_gmt":"2015-01-29T13:40:19","slug":"manana-mesa-redonda-de-los-responsables-de-los-colegios-y-asociaciones-de-ciencias-experimentales","status":"publish","type":"post","link":"https:\/\/www.upo.es\/diario\/institucional\/2015\/01\/manana-mesa-redonda-de-los-responsables-de-los-colegios-y-asociaciones-de-ciencias-experimentales\/","title":{"rendered":"Ma\u00f1ana, mesa redonda de los responsables de los colegios y asociaciones de Ciencias Experimentales"},"content":{"rendered":"<figure id=\"attachment_8127446\" aria-describedby=\"caption-attachment-8127446\" style=\"width: 600px\" class=\"wp-caption aligncenter\"><a href=\"https:\/\/www.upo.es\/diario\/institucional\/2015\/01\/arranca-la-semana-de-orientacion-profesional-de-la-faculta-de-ciencias-experimentales-de-la-upo\/attachment\/_mg_4304\/\" rel=\"attachment wp-att-8127446\"><img loading=\"lazy\" decoding=\"async\" class=\"size-large wp-image-8127446\" alt=\"Segundo d\u00eda de la Semana de Orientaci\u00f3n Profesional \" src=\"https:\/\/www.upo.es\/diario\/wp-content\/uploads\/2015\/01\/MG_4304-600x405.jpg\" width=\"600\" height=\"405\" srcset=\"https:\/\/www.upo.es\/diario\/wp-content\/uploads\/2015\/01\/MG_4304-600x405.jpg 600w, https:\/\/www.upo.es\/diario\/wp-content\/uploads\/2015\/01\/MG_4304-320x216.jpg 320w\" sizes=\"auto, (max-width: 600px) 100vw, 600px\" \/><\/a><figcaption id=\"caption-attachment-8127446\" class=\"wp-caption-text\">Segundo d\u00eda de la Semana de Orientaci\u00f3n Profesional<\/figcaption><\/figure>\n<p>Ma\u00f1ana <strong>jueves 29 de enero, a las 9 horas, en la Sala de Grados de la Biblioteca<\/strong>,\u00a0 se celebrar\u00e1 un taller conjunto para los estudiantes y egresados de los tres grados de la Facultad de Ciencias Experimentales de la Universidad Pablo de Olavide. En el taller \u201cLos colegios y asociaciones de mi especialidad y experiencia de los alumnos de mi facultad\u201d, el decano del Colegio Profesional de Dietistas; Luis. J Mor\u00e1n Fag\u00fandez, la vocal interterritorial del Colegio Profesional de Licenciados y Graduados en Ciencias Ambientales en Andaluc\u00eda; Ana Delia Sotelo Molero, el representante de la junta directiva de AsBAn y Asociaci\u00f3n de Biotecn\u00f3logos de Andaluc\u00eda y FEBiotec; Vicente Roca Agujetas, el director del centro integral La B\u00e1scula del Hospital Nisa y profesor de nutrici\u00f3n deportiva de la empresa Orthos; Alejandro Hernica, la t\u00e9cnico de medio ambiente del Ayuntamiento de Sanl\u00facar la Mayor; Rosario Vargas y un investigador CSIC informar\u00e1n sobre sus respectivos colegios y asociaciones.<\/p>\n<p>Por la tarde, <strong>a las 18 horas, se impartir\u00e1n dos talleres simult\u00e1neos<\/strong>. El primero de ellos, \u201cOrientaci\u00f3n profesional para ambient\u00f3logos y ambient\u00f3logas\u201d y espec\u00edfico del grado en Ciencias Ambientales, tendr\u00e1 lugar en la Sala de Grados de la Biblioteca, donde el presidente del Colegio Profesional de Licenciados y Graduados en Ciencias Ambientales de Andaluc\u00eda, Manuel Barrera Viera, y el vicepresidente tercero de Relaciones Institucionales, Daniel Casta\u00f1eda S\u00e1nchez, explicar\u00e1n c\u00f3mo planificar la carrera profesional de los ambient\u00f3logos, as\u00ed como atribuciones profesionales, oportunidades de trabajo y las claves del \u00e9xito. Paralelamente, en la Sala de Grados de CABD, el decano del Colegio Profesional de Dietistas-Nutricionistas de Andaluc\u00eda, Luis J. Mor\u00e1n Fag\u00fandez,\u00a0\u00a0 impartir\u00e1 otro taller af\u00edn al grado en Nutrici\u00f3n Humana y Diet\u00e9tica. Al final de ambos actos se realizar\u00e1n intercambios de experiencias entre los alumnos y\u00a0 egresados asistentes.<\/p>\n<p>De otro lado, esta ma\u00f1ana, personal del Centro de Estudios de Postgrado, Formaci\u00f3n Permanente y Empleo ha impartido un taller com\u00fan a los tres grados,<strong> \u201cContinuar form\u00e1ndonos: Master oficiales, M\u00e1steres propios, Cursos de mejora profesional y Doctorados\u201d<\/strong>, donde se ha asesorado a los alumnos sobre las posibilidades que se presentan tras finalizar sus estudios universitarios. Por otra parte, el taller espec\u00edfico al grado en Biotecnolog\u00eda, previsto para las 18 horas en la Sala de Grados de la Biblioteca a cargo de Bernat Soria, ha sido cancelado.<\/p>\n<p>Ayer<strong> martes d\u00eda 27 el tema de las Jornadas estuvo centrado en el<\/strong> <strong>emprendimiento<\/strong> como alternativa al empleo por cuenta ajena. As\u00ed moderado por Susana Ortega, de la Unidad de gesti\u00f3n UPOemprende, cuya labor consiste en fomentar el emprendimiento entre la comunidad universitaria de la UPO, disfrutamos de la mesa redonda \u00ab\u00bfPuedo montar mi propio\u00a0empresa desde la universidad?\u00bb, en la que participaron cuatro emprendedores de la UPO: Ana Delia Sotelo, licenciada en Ciencias Ambientales por la UPO y fundadora de la empresa de consultor\u00eda y formaci\u00f3n <a href=\"mailbox:\/\/\/D|\/Correo\/aarrmae\/4yd9fufv.slt\/Mail\/mail.upo.es\/www.gaia21.es\/\">GAIA21<\/a> , Tamara Mu\u00f1oz, Licenciadas en Ciencias de la Actividad F\u00edsica y Deporte por la UPO y copromotora de <a href=\"http:\/\/www.entreenate.es\/\" target=\"_blank\">Entre\u00e9nate<\/a>, empresa de entrenamientos al aire libre, David Guill\u00e9n, Licenciado en CC. Ambientales por la UPO y cofundador de <a href=\"http:\/\/naturanda.com\/\">Naturanda<\/a>, empresa de turismo ambiental y por \u00faltimo, Juan Bardallo, cofundador de <a href=\"http:\/\/www.phpro.es\/\">PHPRO<\/a>, portal web para la estimulaci\u00f3n precoz y atenci\u00f3n temprana infantil.\u00a0Asimismo, por la tarde tuvo lugar un taller conjunto para los tres grados titulado \u00abCreatividad. \u00bfC\u00f3mo organizar mi idea?\u00bb, impartido por la empresa especializada en emprendimiento Endogenous.<\/p>\n<p>De este modo, llega a su fin en la UPO la <strong>III Semana de Orientaci\u00f3n Profesional<\/strong>, organizada anualmente por la<strong> Facultad de Ciencias Experimentales<\/strong>, y cuyo objetivo es asesorar acerca del mercado laboral una vez finalizados los estudios universitarios.<\/p>\n<p><b>&gt;\u00a0<a href=\"http:\/\/crisantemo.upo.es\/export\/portal\/com\/bin\/portal\/fcex\/noticias\/Salidas_Profesionales\/1421763798847_anuncio-semana_de_orientacixn.pdf\">Programa<\/a><\/b><\/p>\n","protected":false},"excerpt":{"rendered":"<p>Ma\u00f1ana jueves 29 de enero, a las 9 horas, en la Sala de Grados de la Biblioteca,  se celebrar\u00e1 un taller conjunto para los tres grados, \u201cLos colegios y asociaciones de mi especialidad y experiencia de los alumnos de mi facultad\u201d, en el que los responsables de los principales colegios y asociaciones informar\u00e1n sobre estas organizaciones.<\/p>\n","protected":false},"author":6,"featured_media":0,"comment_status":"closed","ping_status":"open","sticky":false,"template":"","format":"standard","meta":{"_monsterinsights_skip_tracking":false,"_monsterinsights_sitenote_active":false,"_monsterinsights_sitenote_note":"","_monsterinsights_sitenote_category":0,"footnotes":""},"categories":[6],"tags":[121,438,80,122,221,391,2097,242],"class_list":["post-8148385","post","type-post","status-publish","format-standard","hentry","category-institucional","tag-biotecnologia","tag-empleo","tag-emprendedores","tag-facultad-ciencias-experimentales","tag-mesa-redonda","tag-salidas-profesionales","tag-semana-de-orientacion-profesional","tag-upoemprende"],"_links":{"self":[{"href":"https:\/\/www.upo.es\/diario\/wp-json\/wp\/v2\/posts\/8148385","targetHints":{"allow":["GET"]}}],"collection":[{"href":"https:\/\/www.upo.es\/diario\/wp-json\/wp\/v2\/posts"}],"about":[{"href":"https:\/\/www.upo.es\/diario\/wp-json\/wp\/v2\/types\/post"}],"author":[{"embeddable":true,"href":"https:\/\/www.upo.es\/diario\/wp-json\/wp\/v2\/users\/6"}],"replies":[{"embeddable":true,"href":"https:\/\/www.upo.es\/diario\/wp-json\/wp\/v2\/comments?post=8148385"}],"version-history":[{"count":14,"href":"https:\/\/www.upo.es\/diario\/wp-json\/wp\/v2\/posts\/8148385\/revisions"}],"predecessor-version":[{"id":8148387,"href":"https:\/\/www.upo.es\/diario\/wp-json\/wp\/v2\/posts\/8148385\/revisions\/8148387"}],"wp:attachment":[{"href":"https:\/\/www.upo.es\/diario\/wp-json\/wp\/v2\/media?parent=8148385"}],"wp:term":[{"taxonomy":"category","embeddable":true,"href":"https:\/\/www.upo.es\/diario\/wp-json\/wp\/v2\/categories?post=8148385"},{"taxonomy":"post_tag","embeddable":true,"href":"https:\/\/www.upo.es\/diario\/wp-json\/wp\/v2\/tags?post=8148385"}],"curies":[{"name":"wp","href":"https:\/\/api.w.org\/{rel}","templated":true}]}}