{"id":816846,"date":"2013-04-29T23:55:13","date_gmt":"2013-04-29T23:55:13","guid":{"rendered":"https:\/\/www.upo.es\/diario\/?p=816846"},"modified":"2013-04-30T06:18:56","modified_gmt":"2013-04-30T06:18:56","slug":"undecima-edicion-de-los-cursos-de-verano-de-la-universidad-pablo-de-olavide-en-su-sede-de-carmona","status":"publish","type":"post","link":"https:\/\/www.upo.es\/diario\/institucional\/2013\/04\/undecima-edicion-de-los-cursos-de-verano-de-la-universidad-pablo-de-olavide-en-su-sede-de-carmona\/","title":{"rendered":"Und\u00e9cima edici\u00f3n de los Cursos de Verano de la Universidad Pablo de Olavide en su sede de Carmona"},"content":{"rendered":"<figure id=\"attachment_817000\" aria-describedby=\"caption-attachment-817000\" style=\"width: 320px\" class=\"wp-caption alignright\"><a href=\"https:\/\/www.upo.es\/diario\/wp-content\/uploads\/2013\/04\/cuve.jpg\"><img loading=\"lazy\" decoding=\"async\" class=\"size-medium wp-image-817000\" alt=\"Presentaci\u00f3n en la UPO de los Cursos de Verano 2013: El rector de la Universidad Pablo de Olavide, Vicente Guzm\u00e1n Fluja; el presidente de la Diputaci\u00f3n de Sevilla, Fernando Rodr\u00edguez Villalobos; el alcalde de Carmona, Juan \u00c1vila Guti\u00e9rrez, y el vicerrector de Postgrado, Formaci\u00f3n Permanente y Empleo, Miguel \u00c1ngel Gual Font \" src=\"https:\/\/www.upo.es\/diario\/wp-content\/uploads\/2013\/04\/cuve-320x213.jpg\" width=\"320\" height=\"213\" srcset=\"https:\/\/www.upo.es\/diario\/wp-content\/uploads\/2013\/04\/cuve-320x213.jpg 320w, https:\/\/www.upo.es\/diario\/wp-content\/uploads\/2013\/04\/cuve-1024x682.jpg 1024w, https:\/\/www.upo.es\/diario\/wp-content\/uploads\/2013\/04\/cuve-600x400.jpg 600w\" sizes=\"auto, (max-width: 320px) 100vw, 320px\" \/><\/a><figcaption id=\"caption-attachment-817000\" class=\"wp-caption-text\">El rector de la Universidad Pablo de Olavide, Vicente Guzm\u00e1n Fluja; el presidente de la Diputaci\u00f3n de Sevilla, Fernando Rodr\u00edguez Villalobos; el alcalde de Carmona, Juan \u00c1vila Guti\u00e9rrez, y el vicerrector de Postgrado, Formaci\u00f3n Permanente y Empleo, Miguel \u00c1ngel Gual Font<\/figcaption><\/figure>\n<p>Los Cursos de Verano de la Universidad Pablo de Olavide se celebrar\u00e1n nuevamente en su und\u00e9cima edici\u00f3n en la sede de Carmona, del 1 de julio al 23 de agosto, organizados por la UPO en colaboraci\u00f3n con el Ayuntamiento de esta ciudad. La Casa Palacio de Los Briones, sede permanente de la Universidad Pablo de Olavide en Carmona, acoger\u00e1 por und\u00e9cimo a\u00f1o consecutivo un total de 48 Cursos de Verano. En los Cursos de Verano se abordar\u00e1n temas diversos, como la seguridad vial en el \u00e1mbito laboral; los problemas de la democracia representativa; las nuevas alternativas para el periodismo; el emprendimiento; el terrorismo yihadista; el consumo y los consumidores en el debate sobre el estado del bienestar; el coaching, el personal branding, el turismo y la literatura, la cata del aceite de oliva o los casos de beb\u00e9s robados en Espa\u00f1a, en los que participar\u00e1n diferentes especialistas nacionales e internacionales.<\/p>\n<p>El rector de la Universidad Pablo de Olavide, Vicente Guzm\u00e1n Fluja; el presidente de la Diputaci\u00f3n de Sevilla, Fernando Rodr\u00edguez Villalobos; el alcalde de Carmona, Juan \u00c1vila Guti\u00e9rrez y el vicerrector de Postgrado, Formaci\u00f3n Permanente y Empleo, Miguel \u00c1ngel Gual Font presentaron el pasado viernes los Cursos de Verano 2013 de la UPO, quienes han coincidido en destacar la actualidad de los temas objeto de los cursos de este pr\u00f3ximo verano y la relevancia de los ponentes que intervendr\u00e1n en los mismos.<\/p>\n<p>Este a\u00f1o, los cursos se celebrar\u00e1n en el mes de julio, mientras que a lo largo del mes de agosto se llevar\u00e1n a cabo en Carmona las pr\u00e1cticas arqueol\u00f3gicas de campo, un curso de verano que ha tenido una excelente acogida en sus anteriores ediciones. Adem\u00e1s de los tradicionales cursos de cinco d\u00edas, este a\u00f1o se ha realizado una importante apuesta por la inclusi\u00f3n en el programa estival de seminarios de tres y dos d\u00edas, dirigidos sobre todo al reciclaje de profesionales para que puedan compaginar la formaci\u00f3n con su actividad laboral.<\/p>\n<p>En la presentaci\u00f3n de la und\u00e9cima edici\u00f3n de los Cursos de Verano, tanto el rector como el presidente de la Diputaci\u00f3n y el alcalde de Carmona han tenido un emocionado recuerdo para la rectora de la UPO Rosario Valpuesta, de quien el rector la ha definido como \u201cuna mujer atrevida, diferente, visionaria, valiente e irrepetible\u201d, cuyo legado \u201cnos deja proyectos como la sede de Olavide en Carmona\u201d.<\/p>\n<p>Vicente Guzm\u00e1n ha subrayado de ese legado de Valpuesta \u201cla vocaci\u00f3n municipalista de los Cursos de Verano, un foro universitario de reflexi\u00f3n sobre los temas de actualidad que ata\u00f1en a la ciudadan\u00eda\u201d. El presidente de la Diputaci\u00f3n, Fernando Rodr\u00edguez Villalobos, ha incidido en la apuesta de esta instituci\u00f3n por la universidad p\u00fablica, en este caso \u201cpor la UPO que nosotros llamamos la universidad del pueblo\u201d. El alcalde de Carmona ha afirmado por su parte que \u201cen tiempos convulsos, es una buena noticia de superaci\u00f3n que los Cursos de Verano de la UPO en Carmona haya crecido en diez cursos\u201d con respecto a la edici\u00f3n anterior, y se ha felicitado por que \u201cla Olavide haya apostado desde el principio por Carmona para la celebraci\u00f3n de estos Cursos de Verano\u201d.<\/p>\n<p>El plazo de matr\u00edcula para inscribirse en los Cursos de Verano 2013 de la Universidad Pablo de Olavide estar\u00e1 comprendido desde hoy lunes 29 hasta siete d\u00edas naturales antes de la celebraci\u00f3n de cada curso, siempre que queden plazas disponibles, y los estudiantes que as\u00ed lo quieran podr\u00e1n realizar su matr\u00edcula a trav\u00e9s de Internet. En cada curso se reserva un 10 por ciento para estudiantes becados.<\/p>\n<p>Estos cursos pueden ser convalidados como cr\u00e9ditos de libre configuraci\u00f3n y eurocr\u00e9ditos por los estudiantes de todas las universidades p\u00fablicas andaluzas y centros concertados de la UNED. Asimismo, los Cursos de Verano de la UPO se desarrollan con la colaboraci\u00f3n de la Consejer\u00eda de Educaci\u00f3n de la Junta de Andaluc\u00eda, con lo cual sirven de m\u00e9rito para los profesores que as\u00ed lo requieran.<\/p>\n<p>Un programa multidisciplinar en el que participar\u00e1n en esta edici\u00f3n unos 362 ponentes y conferenciantes, tales como profesores, investigadores, pol\u00edticos, periodistas, actores, diplom\u00e1ticos, reconocidos personajes del mundo de la cultura, la justicia, la universidad, lo p\u00fablico o lo social, y que formar\u00e1n parte de este abanico de cursos. De \u00e9stos, 53 son profesores de la UPO; otros 54 provienen de otras universidades e instituciones acad\u00e9micas; y el resto, 255 pertenecen a otros \u00e1mbitos t\u00e9cnicos y profesionales.<\/p>\n<p>Con respecto a los ponentes, hay que destacar la presencia en los Cursos de Verano de escritores como Luis Garc\u00eda Montero; el humorista y locutor de radio Jos\u00e9 Guerrero Rold\u00e1n \u2018El Yuyu\u2019; el dramaturgo y ex director de la Compa\u00f1\u00eda Nacional de Teatro Cl\u00e1sico, Jos\u00e9 Luis Alonso de Santos; el bailaor Javier Bar\u00f3n; los guitarristas Juan Campallo o Manolo Franco o el cantaor Calixto S\u00e1nchez.<\/p>\n<p>Representantes del mundo judicial, como Luis Carlos Rodr\u00edguez Le\u00f3n, fiscal delegado de Seguridad Vial de Andaluc\u00eda; Jos\u00e9 Luis Utrera, juez de familia n\u00ba 5 de M\u00e1laga; la abogada Ana Mar\u00eda Ruiz-Tagle; Isaac Maestre, abogado de la Asociaci\u00f3n SOS Beb\u00e9s Robados Andaluc\u00eda y pol\u00edticos como Diego Valderas, vicepresidente de la Junta de Andaluc\u00eda y Jos\u00e9 Luis P\u00e9rez Tapias, viceconsejero de Administraci\u00f3n Local y Relaciones Institucionales.<\/p>\n<p>Asimismo, participar\u00e1n periodistas como Pilar del R\u00edo, presidenta de la Fundaci\u00f3n Jos\u00e9 Saramago; Pepa Bueno, directora del programa \u2018Hoy por hoy\u2019 de la Cadena SER; Rafael Rodr\u00edguez, presidente de la Asociaci\u00f3n de la Prensa de Sevilla; \u00c1lvaro Ybarra, director de ABC Sevilla; Jos\u00e9 Antonio Carrizosa, director de publicaciones del Grupo Joly y de Diario de Sevilla; Arsenio Escolar, director de 20 minutos; Juan Carlos Blanco, director de El Correo de Andaluc\u00eda; Carlos Enrique Bayo, director de publico.es; Antonio Garc\u00eda, director de La Sexta; Francisco Rosell, director de El Mundo Andaluc\u00eda o Mar\u00eda Teresa Campos, directora del programa Qu\u00e9 tiempo tan feliz.<\/p>\n<p>Destaca adem\u00e1s, la participaci\u00f3n de Manuel Navarrete, teniente coronel de la Guardia Civil y jefe del Servicio de Informaci\u00f3n Exterior; Miguel \u00c1ngel Ballesteros, general de brigada y director del Instituto Espa\u00f1ol de Estudios Estrat\u00e9gicos; Raimundo Rodr\u00edguez-Roca, teniente coronel y jefe del Estado Mayor de la Brigada de la Legi\u00f3n o el experto en terrorismo Fernando Reinares, catedr\u00e1tico de Ciencia Pol\u00edtica de la Universidad Rey Juan Carlos I de Madrid.<\/p>\n<p>Cient\u00edficos como Eduardo Arranz Sanz, presidente de la Sociedad Espa\u00f1ola de Enfermedad Cel\u00edaca y Luis Rodrigo S\u00e1ez, jefe de Servicio de Aparato Digestivo del Hospital Central de Asturias; adem\u00e1s de otras personalidades como Fernando Franc\u00e9s, director del Centro de Arte Contempor\u00e1neo de M\u00e1laga; Francisco S\u00e1nchez Legr\u00e1n, presidente de la Fundaci\u00f3n FACUA o Luis Rull, director de Mecus y de Evento Blog Espa\u00f1a.<\/p>\n<p>Esta nueva edici\u00f3n de los Cursos de Verano de la Universidad Pablo de Olavide cuenta con la colaboraci\u00f3n de 74 entidades p\u00fablicas y privadas.<\/p>\n<p>M\u00e1s informaci\u00f3n en:<\/p>\n<ul>\n<li>\u00a0<strong><a href=\"http:\/\/www.upo.es\/olavideencarmona\">www.upo.es\/olavideencarmona<\/a>\u00a0<\/strong><\/li>\n<li><strong><a href=\"https:\/\/www.upo.es\/diario\/wp-content\/uploads\/2013\/04\/programas_cuve2013.pdf\">Programa de los Cursos de Verano 2013 -pdf-<\/a><\/strong><\/li>\n<\/ul>\n<p>&nbsp;<\/p>\n","protected":false},"excerpt":{"rendered":"<p>Los Cursos de Verano de la Universidad Pablo de Olavide se celebrar\u00e1n nuevamente en su und\u00e9cima edici\u00f3n en la sede de Carmona, del 1 de julio al 23 de agosto, organizados por la UPO en colaboraci\u00f3n con el Ayuntamiento de esta ciudad.<\/p>\n","protected":false},"author":6,"featured_media":0,"comment_status":"closed","ping_status":"open","sticky":false,"template":"","format":"standard","meta":{"_monsterinsights_skip_tracking":false,"_monsterinsights_sitenote_active":false,"_monsterinsights_sitenote_note":"","_monsterinsights_sitenote_category":0,"footnotes":""},"categories":[6],"tags":[23,141,22,38,106],"class_list":["post-816846","post","type-post","status-publish","format-standard","hentry","category-institucional","tag-carmona","tag-curso","tag-cursos-de-verano","tag-rector","tag-vicente-c-guzman"],"_links":{"self":[{"href":"https:\/\/www.upo.es\/diario\/wp-json\/wp\/v2\/posts\/816846","targetHints":{"allow":["GET"]}}],"collection":[{"href":"https:\/\/www.upo.es\/diario\/wp-json\/wp\/v2\/posts"}],"about":[{"href":"https:\/\/www.upo.es\/diario\/wp-json\/wp\/v2\/types\/post"}],"author":[{"embeddable":true,"href":"https:\/\/www.upo.es\/diario\/wp-json\/wp\/v2\/users\/6"}],"replies":[{"embeddable":true,"href":"https:\/\/www.upo.es\/diario\/wp-json\/wp\/v2\/comments?post=816846"}],"version-history":[{"count":8,"href":"https:\/\/www.upo.es\/diario\/wp-json\/wp\/v2\/posts\/816846\/revisions"}],"predecessor-version":[{"id":830305,"href":"https:\/\/www.upo.es\/diario\/wp-json\/wp\/v2\/posts\/816846\/revisions\/830305"}],"wp:attachment":[{"href":"https:\/\/www.upo.es\/diario\/wp-json\/wp\/v2\/media?parent=816846"}],"wp:term":[{"taxonomy":"category","embeddable":true,"href":"https:\/\/www.upo.es\/diario\/wp-json\/wp\/v2\/categories?post=816846"},{"taxonomy":"post_tag","embeddable":true,"href":"https:\/\/www.upo.es\/diario\/wp-json\/wp\/v2\/tags?post=816846"}],"curies":[{"name":"wp","href":"https:\/\/api.w.org\/{rel}","templated":true}]}}