{"id":8168557,"date":"2015-01-29T12:59:07","date_gmt":"2015-01-29T12:59:07","guid":{"rendered":"https:\/\/www.upo.es\/diario\/?p=8168557"},"modified":"2015-02-02T08:07:07","modified_gmt":"2015-02-02T08:07:07","slug":"un-total-de-14-empresas-participaran-en-la-tercera-edicion-de-los-encuentros-para-el-empleo-de-la-upo","status":"publish","type":"post","link":"https:\/\/www.upo.es\/diario\/institucional\/2015\/01\/un-total-de-14-empresas-participaran-en-la-tercera-edicion-de-los-encuentros-para-el-empleo-de-la-upo\/","title":{"rendered":"Un total de 14 empresas participar\u00e1n en la tercera edici\u00f3n de los Encuentros para el Empleo de la UPO"},"content":{"rendered":"<figure id=\"attachment_8168558\" aria-describedby=\"caption-attachment-8168558\" style=\"width: 600px\" class=\"wp-caption aligncenter\"><a href=\"https:\/\/www.upo.es\/diario\/wp-content\/uploads\/2015\/01\/encuentros_empleo.jpg\"><img loading=\"lazy\" decoding=\"async\" class=\"size-large wp-image-8168558\" alt=\"En la imagen, de izquierda a derecha, Juan Moreno Tocino, presidente de In\u00e9s Rosales,  Vicente Guzm\u00e1n, rector de la UPO, y Rosa Montero Gonz\u00e1lez, responsable de Comunicaci\u00f3n y Acci\u00f3n Cultural de la FNAC.\" src=\"https:\/\/www.upo.es\/diario\/wp-content\/uploads\/2015\/01\/encuentros_empleo-600x399.jpg\" width=\"600\" height=\"399\" srcset=\"https:\/\/www.upo.es\/diario\/wp-content\/uploads\/2015\/01\/encuentros_empleo-600x399.jpg 600w, https:\/\/www.upo.es\/diario\/wp-content\/uploads\/2015\/01\/encuentros_empleo-320x213.jpg 320w\" sizes=\"auto, (max-width: 600px) 100vw, 600px\" \/><\/a><figcaption id=\"caption-attachment-8168558\" class=\"wp-caption-text\">En la imagen, de izquierda a derecha, Juan Moreno Tocino, presidente de In\u00e9s Rosales, Vicente Guzm\u00e1n, rector de la UPO, y Rosa Montero Gonz\u00e1lez, responsable de Comunicaci\u00f3n y Acci\u00f3n Cultural de la FNAC.<\/figcaption><\/figure>\n<p>El rector de la Universidad Pablo de Olavide, Vicente Guzm\u00e1n Fluja, ha presentado hoy la III edici\u00f3n de los <b>Encuentros para el Empleo<\/b>, unas jornadas que se celebrar\u00e1n los d\u00edas 10 y 11 de febrero cuyo objetivo principal es acortar la distancia entre la empresa y la universidad, acercando a los universitarios la realidad del mundo laboral actual.<\/p>\n<p>Al acto de presentaci\u00f3n han asistido tambi\u00e9n Juan Moreno Tocino, presidente de In\u00e9s Rosales; Rosa Montero Gonz\u00e1lez, responsable de Comunicaci\u00f3n y Acci\u00f3n Cultural de la FNAC; Miguel \u00c1ngel Gual Font, vicerrector de Postgrado, Formaci\u00f3n Permanente y Empleo de la UPO, adem\u00e1s de otros miembros de la comunidad universitaria y representantes de otras empresas y entidades participantes en los encuentros.<\/p>\n<p>En esta edici\u00f3n, los Encuentros para el Empleo, organizados a trav\u00e9s de la Fundaci\u00f3n Universidad-Sociedad, se inscriben dentro del Aula Andaluc\u00eda Emprende, un proyecto conjunto entre la <a href=\"http:\/\/www.upo.es\/portal\/impe\/web\/portada\">Universidad Pablo de Olavide<\/a> y <a href=\"http:\/\/www.andaluciaemprende.es\/\">Andaluc\u00eda Emprende, Fundaci\u00f3n P\u00fablica Andaluza<\/a>, con el fin de alcanzar un modelo integrador, que pretende dar una visi\u00f3n global al emprendimiento y trabajar desde distintos enfoques.<\/p>\n<p>Durante el acto, el rector ha asegurado que la funci\u00f3n de la Universidad es poner al servicio de la sociedad conocimientos para implantar estrategias de empleabilidad y emprendimiento, en estrecha colaboraci\u00f3n con el tejido empresarial. Adem\u00e1s, ha declarado que el emprendimiento es transversal y no est\u00e1 ligado a un solo sector.<\/p>\n<p>\u201cLos modelos empresariales pueden tener \u00e9xito tanto en un contexto de globalizaci\u00f3n como de localizaci\u00f3n, puesto que lo artesanal y lo local pueden ocupar su sitio, posicion\u00e1ndose para implantar un modelo de negocio sin perder su esencia\u201d, ha puntualizado. En este sentido, ha resaltado el perfil variado de las empresas y entidades que participan en la III edici\u00f3n de estos Encuentros.<\/p>\n<p>Por su parte, el presidente de In\u00e9s Rosales ha afirmado que el aprendizaje de idiomas es fundamental, por lo que la Universidad debe apostar por el ingl\u00e9s, que es el idioma universal, cada vez m\u00e1s para que los nuevos talentos puedan optar a los mejores trabajos en el exterior. Asimismo, ha destacado que su empresa, con m\u00e1s 100 a\u00f1os de existencia, se mantiene viva gracias a la innovaci\u00f3n y desarrollo del capital humano.<\/p>\n<p>Por otro lado, la responsable de Comunicaci\u00f3n y Acci\u00f3n Cultural de la FNAC ha sostenido que esta empresa est\u00e1 ampliando los acuerdos para acoger alumnos en pr\u00e1cticas, complementando y completando su formaci\u00f3n, y ofreci\u00e9ndoles una oportunidad profesional real. En esta l\u00ednea, ha agradecido a la UPO el desarrollo de este tipo de iniciativas.<\/p>\n<p>En concreto, este a\u00f1o los Encuentros para el Empleo se lanzan bajo el t\u00edtulo \u201c\u00bf<b>Conoces el mercado laboral?\u201d<\/b>, una pregunta a la que 14 entidades, de diferentes sectores empresariales, intentar\u00e1n dar respuesta. Durante dos d\u00edas, a trav\u00e9s de ponencias, mesas redondas y talleres, los j\u00f3venes universitarios tendr\u00e1n la oportunidad de contactar con el mercado laboral, conocer sus necesidades e intereses e informarse sobre las tendencias seguidas por las diferentes entidades que participan en la incorporaci\u00f3n de nuevos profesionales.<\/p>\n<p>Previamente a los dos d\u00edas de los Encuentros para el Empleo, pero enmarcado en estas jornadas, se ha organizado un taller sobre \u201cElevator Pitch\u201d, una de las herramientas m\u00e1s utilizadas para comunicar proyectos empresariales y que consiste en que los emprendedores que asistan aprendan a saber vender sus ideas en uno o dos minutos. Este taller, que ser\u00e1 impartido por la entidad Con Acento, se prolongar\u00e1 en los propios Encuentros con una batalla final en la que los participantes expondr\u00e1n sus ideas de negocio utilizando esta herramienta. El mejor proyecto se premiar\u00e1 con la realizaci\u00f3n de un v\u00eddeo profesional sobre su idea de negocio.<\/p>\n<p>Cada d\u00eda se celebrar\u00e1n diferentes ponencias en las que las entidades y los emprendedores acercar\u00e1n el sector empresarial a la comunidad universitaria, as\u00ed como mesas redondas. En todas las jornadas se dar\u00e1 la oportunidad de participar a los asistentes para que puedan exponer sus dudas e inquietudes y conocer de primera mano, las posibilidades y los procesos de selecci\u00f3n.<\/p>\n<p>Aquellas personas que deseen inscribirse en el taller sobre \u201cElevator Pitch\u201d deber\u00e1n escribir un e mail a\u00a0<a href=\"mailto:upoemprende@upo.es\">upoemprende@upo.es<\/a> indicando: nombre y apellidos, vinculaci\u00f3n con la UPO (estudiante, antiguo alumno\/a, empleado\/a), tel\u00e9fono de contacto y descripci\u00f3n de la idea de negocio o proyecto empresarial. Para poder inscribirse existen dos requisitos: pertenecer a la comunidad universitaria de la UPO y tener una idea de negocio o proyecto de empresa.<\/p>\n<p><b>La entrada a los encuentros es gratuita hasta completar aforo.<\/b><\/p>\n<p>&nbsp;<\/p>\n<p>&nbsp;<\/p>\n<p align=\"center\"><b>EMPRESAS PARTICIPANTES EN LA III EDICI\u00d3N DE ENCUENTROS <\/b><\/p>\n<p align=\"center\"><b>PARA EL EMPLEO<\/b><\/p>\n<p><b>\u00a0<\/b><\/p>\n<p><b>\u00a0<\/b><\/p>\n<table width=\"631\" border=\"1\" cellspacing=\"0\" cellpadding=\"0\">\n<tbody>\n<tr>\n<td valign=\"top\" width=\"272\">Nestl\u00e9<\/td>\n<td valign=\"top\" width=\"359\">Morera &amp; Vallejo<\/td>\n<\/tr>\n<tr>\n<td valign=\"top\" width=\"272\">DOPP Consultores<\/td>\n<td valign=\"top\" width=\"359\">Direcci\u00f3n Provincial del SAE<\/td>\n<\/tr>\n<tr>\n<td valign=\"top\" width=\"272\">Infoempleo<\/td>\n<td valign=\"top\" width=\"359\">In\u00e9s Rosales, S. A. U.<\/td>\n<\/tr>\n<tr>\n<td valign=\"top\" width=\"272\">OTRI-UPO<\/td>\n<td valign=\"top\" width=\"359\">C\u00e1mara de Comercio de Sevilla<\/td>\n<\/tr>\n<tr>\n<td valign=\"top\" width=\"272\">Grupo Hesp\u00e9rides Biotech, S. L.<\/td>\n<td valign=\"top\" width=\"359\">FNAC<\/td>\n<\/tr>\n<tr>\n<td valign=\"top\" width=\"272\">Olavidium<\/td>\n<td valign=\"top\" width=\"359\">La Cayejera<\/td>\n<\/tr>\n<tr>\n<td valign=\"top\" width=\"272\">FSC Inserta<\/td>\n<td valign=\"top\" width=\"359\">Restaurante 50<\/td>\n<\/tr>\n<\/tbody>\n<\/table>\n<p><b>\u00a0<\/b><\/p>\n<p><b>\u00a0<\/b><\/p>\n<p align=\"center\"><b>\u00a0<\/b><\/p>\n<p align=\"center\"><b>\u00a0<\/b><\/p>\n<p align=\"center\"><b>\u00a0<\/b><\/p>\n<p><b><span style=\"text-decoration: underline;\">\u00a0<\/span><\/b><\/p>\n<p align=\"center\"><b><span style=\"text-decoration: underline;\">\u00a0<\/span><\/b><\/p>\n<p align=\"center\"><b><span style=\"text-decoration: underline;\">PROGRAMA DE LOS ENCUENTROS PARA EL EMPLEO 2015<\/span><\/b><\/p>\n<p><b>\u00a0<\/b><\/p>\n<p><b>MARTES, 3 DE FEBRERO<\/b><\/p>\n<p>De 11:00 a 14:00 horas. Taller Elevator Pitch para Emprendedores. Imparte: Con Acento.<\/p>\n<p><b>\u00a0<\/b><\/p>\n<p><b>MARTES, 10 DE FEBRERO <\/b><\/p>\n<p>9:00 horas. <b>Inauguraci\u00f3n de las jornadas.<\/b><\/p>\n<p>9:30 horas. <b>Nestl\u00e9 Espa\u00f1a: \u201cPonte en valor con Nestl\u00e9\u201d.<\/b><\/p>\n<p>Ariadna de la Casa Herrera. Responsable del Programa de Pr\u00e1cticas de Nestl\u00e9.<\/p>\n<p>11:00 horas. <b>Morera&amp;Vallejo: \u201cTendencias del mercado laboral actual\u201d.<\/b><\/p>\n<p>&#8211;\u00a0\u00a0\u00a0\u00a0\u00a0\u00a0\u00a0\u00a0\u00a0 Lourdes Morera Escobar, directora de Suscripci\u00f3n de Riesgos, S. A. del Grupo Morera &amp; Vallejo. Responsable de Recursos Humanos: \u201cNuestra presentaci\u00f3n a las empresas\u201d.<\/p>\n<p>&#8211;\u00a0\u00a0\u00a0\u00a0\u00a0\u00a0\u00a0\u00a0\u00a0 Rosario Maldonado Mata, gerente de la corredur\u00eda de seguros Morera &amp; Vallejo: \u201cNuestra entrevista personal en la empresa\u201d.<\/p>\n<p>12:15 horas. <b>Mesa redonda: \u201cEnr\u00e9date en el empleo\u201d.<\/b><\/p>\n<p>&#8211;\u00a0\u00a0\u00a0\u00a0\u00a0\u00a0\u00a0\u00a0\u00a0 Andr\u00e9s Mesa Casanova, gerente-manager de DOPP Consultores.<\/p>\n<p>&#8211;\u00a0\u00a0\u00a0\u00a0\u00a0\u00a0\u00a0\u00a0\u00a0 Jos\u00e9 Antonio Luna Molina, t\u00e9cnico de empleo en el equipo de Comunicaci\u00f3n de la \u00a0\u00a0\u00a0\u00a0\u00a0Direcci\u00f3n Provincial del SAE Sevilla.<\/p>\n<p>&#8211;\u00a0\u00a0\u00a0\u00a0\u00a0\u00a0\u00a0\u00a0\u00a0 Ana Rodr\u00edguez Moreira, International Sales Manager de Infoempleo.<\/p>\n<p>&#8211;\u00a0\u00a0\u00a0\u00a0\u00a0\u00a0\u00a0\u00a0\u00a0 Ariadna de la Casa Herrera, responsable del Programa de Pr\u00e1cticas de Nestl\u00e9.<\/p>\n<p>&#8211;\u00a0\u00a0\u00a0\u00a0\u00a0\u00a0\u00a0\u00a0\u00a0 Daniel Ja\u00e9n Arenas, responsable del departamento de Direcci\u00f3n de Personas de In\u00e9s Rosales.<\/p>\n<p>Moderador: Miguel \u00c1ngel Gual Font, vicerrector de Postgrado, Formaci\u00f3n Permanente y Empleo de la UPO.<\/p>\n<p>13:30 horas. <b>Batalla \u201cElevator Pitch\u201d.<\/b> El jurado estar\u00e1 integrado por:<\/p>\n<p>&#8211;\u00a0\u00a0\u00a0\u00a0\u00a0\u00a0\u00a0\u00a0\u00a0 Jos\u00e9 Manuel Feria Dom\u00ednguez, delegado de Estrategia, Prospectiva y Emprendimiento de la Universidad Pablo de Olavide.<\/p>\n<p>&#8211;\u00a0\u00a0\u00a0\u00a0\u00a0\u00a0\u00a0\u00a0\u00a0 Rosario Jim\u00e9nez Rodr\u00edguez, Directora de la Otri de la UPO.<\/p>\n<p>&#8211;\u00a0\u00a0\u00a0\u00a0\u00a0\u00a0\u00a0\u00a0\u00a0 Sol Marcos Alonso, t\u00e9cnica de empleo en el equipo de Comunicaci\u00f3n de la Direcci\u00f3n Provincial del SAE Sevilla.<\/p>\n<p>&#8211;\u00a0\u00a0\u00a0\u00a0\u00a0\u00a0\u00a0\u00a0\u00a0 Ram\u00f3n Bull\u00f3n Guirao, director de Innovaci\u00f3n, Desarrollo y Marketing de la C\u00e1mara de Comercio de Sevilla.<\/p>\n<p>&#8211;\u00a0\u00a0\u00a0\u00a0\u00a0\u00a0\u00a0\u00a0\u00a0 Juan Diego Cord\u00f3n Toledano, CEO de Grupo Hesp\u00e9rides Biotech, S.L.<\/p>\n<p>Presentador: Antonio Mart\u00edn, socio fundador y CEO de Con Acento<\/p>\n<p>&nbsp;<\/p>\n<p><b>MI\u00c9RCOLES, 11 DE FEBRERO<\/b><\/p>\n<p>9:30 horas. <b>FSC Inserta-Fundaci\u00f3n ONCE<\/b>: \u201cNo te rindas nunca: empleo y emprendimiento para personas discapacitadas\u201d.<\/p>\n<p>&#8211;\u00a0\u00a0\u00a0\u00a0\u00a0\u00a0\u00a0\u00a0\u00a0 Francisco Jos\u00e9 L\u00f3pez Aguado, Director territorial de FSC Inserta.<\/p>\n<p>10:30 horas. <b>FNAC:<\/b> <b>\u201cEl valor de las personas en la empresa. El ADN Fnac\u201d.<\/b><\/p>\n<p>&#8211;\u00a0\u00a0\u00a0\u00a0\u00a0\u00a0\u00a0\u00a0\u00a0 Rosa Montero Gonz\u00e1lez, responsable de Comunicaci\u00f3n y Acci\u00f3n Cultural de FNAC.<\/p>\n<p>12:00 horas. <b>Mesa redonda: \u201cAct\u00edvate y emprende\u201d.<\/b><\/p>\n<p>&#8211;\u00a0\u00a0\u00a0\u00a0\u00a0\u00a0\u00a0\u00a0\u00a0 Cayetano G\u00f3mez Fern\u00e1ndez, CEO fundador de Lacayejera.<\/p>\n<p>&#8211;\u00a0\u00a0\u00a0\u00a0\u00a0\u00a0\u00a0\u00a0\u00a0 Andr\u00e9s Garz\u00f3n, promotor de Olavidium y profesor del Departamento de Biolog\u00eda Molecular e Ingenier\u00eda Bioqu\u00edmica de la UPO.<\/p>\n<p>&#8211;\u00a0\u00a0\u00a0\u00a0\u00a0\u00a0\u00a0\u00a0\u00a0 Jos\u00e9 Antonio P\u00e9rez, CEO de Restaurante 50.<\/p>\n<p>&#8211;\u00a0\u00a0\u00a0\u00a0\u00a0\u00a0\u00a0\u00a0\u00a0 Juan Moreno Tocino. Presidente de In\u00e9s Rosales.<\/p>\n<p>Moderador: Jos\u00e9 Manuel Feria Dom\u00ednguez, delegado de Estrategia, Prospectiva y Emprendimiento de la Universidad Pablo de Olavide.<\/p>\n<p>&nbsp;<\/p>\n<p>13:30 horas. <b>Taller coaching: \u201cBranding personal: c\u00f3mo convertirse en un emprendedor de referencia\u201d<\/b>, impartido por Andr\u00e9s P\u00e9rez Ortega.<\/p>\n<p>14:30 horas. <b>Entrega del premio Batalla Elevator Pitch y clausura de las Jornadas.\u00a0<\/b><\/p>\n","protected":false},"excerpt":{"rendered":"<p>El rector de la Universidad Pablo de Olavide ha presentado la III edici\u00f3n de los Encuentros para el Empleo, unas jornadas que se celebrar\u00e1n los d\u00edas 10 y 11 de febrero cuyo objetivo principal es acortar la distancia entre la empresa y la universidad, acercando a los universitarios la realidad del mundo laboral actual.<\/p>\n","protected":false},"author":2,"featured_media":0,"comment_status":"closed","ping_status":"open","sticky":false,"template":"","format":"standard","meta":{"_monsterinsights_skip_tracking":false,"_monsterinsights_sitenote_active":false,"_monsterinsights_sitenote_note":"","_monsterinsights_sitenote_category":0,"footnotes":""},"categories":[6],"tags":[438,821,21,1243,567,38,1340],"class_list":["post-8168557","post","type-post","status-publish","format-standard","hentry","category-institucional","tag-empleo","tag-encuentro","tag-estudiantes","tag-insercion-laboral","tag-mercado-laboral","tag-rector","tag-vicente-guzman"],"_links":{"self":[{"href":"https:\/\/www.upo.es\/diario\/wp-json\/wp\/v2\/posts\/8168557","targetHints":{"allow":["GET"]}}],"collection":[{"href":"https:\/\/www.upo.es\/diario\/wp-json\/wp\/v2\/posts"}],"about":[{"href":"https:\/\/www.upo.es\/diario\/wp-json\/wp\/v2\/types\/post"}],"author":[{"embeddable":true,"href":"https:\/\/www.upo.es\/diario\/wp-json\/wp\/v2\/users\/2"}],"replies":[{"embeddable":true,"href":"https:\/\/www.upo.es\/diario\/wp-json\/wp\/v2\/comments?post=8168557"}],"version-history":[{"count":4,"href":"https:\/\/www.upo.es\/diario\/wp-json\/wp\/v2\/posts\/8168557\/revisions"}],"predecessor-version":[{"id":8244374,"href":"https:\/\/www.upo.es\/diario\/wp-json\/wp\/v2\/posts\/8168557\/revisions\/8244374"}],"wp:attachment":[{"href":"https:\/\/www.upo.es\/diario\/wp-json\/wp\/v2\/media?parent=8168557"}],"wp:term":[{"taxonomy":"category","embeddable":true,"href":"https:\/\/www.upo.es\/diario\/wp-json\/wp\/v2\/categories?post=8168557"},{"taxonomy":"post_tag","embeddable":true,"href":"https:\/\/www.upo.es\/diario\/wp-json\/wp\/v2\/tags?post=8168557"}],"curies":[{"name":"wp","href":"https:\/\/api.w.org\/{rel}","templated":true}]}}