{"id":8187042,"date":"2015-01-30T01:45:46","date_gmt":"2015-01-30T01:45:46","guid":{"rendered":"https:\/\/www.upo.es\/diario\/?p=8187042"},"modified":"2015-02-03T09:54:41","modified_gmt":"2015-02-03T09:54:41","slug":"el-proximo-lunes-comienzan-las-clases-de-baile-en-la-pena-flamenca-de-la-upo","status":"publish","type":"post","link":"https:\/\/www.upo.es\/diario\/infoupo\/2015\/01\/el-proximo-lunes-comienzan-las-clases-de-baile-en-la-pena-flamenca-de-la-upo\/","title":{"rendered":"El pr\u00f3ximo lunes comienzan las clases de baile en la Pe\u00f1a Flamenca de la UPO"},"content":{"rendered":"<p>El pr\u00f3ximo lunes 2 de febrero, a las 14:00 horas en el espacio cultural \u201cAntigua Guarder\u00eda\u201d, junto a la estaci\u00f3n de metro, comenzar\u00e1n las clases de baile en la Pe\u00f1a Flamenca de la UPO.<\/p>\n<p>&nbsp;<\/p>\n<p>Las personas interesadas pueden solicitar informaci\u00f3n ese mismo d\u00eda a las 14:00 horas o a las 15:00 horas, o bien escribiendo un email a las direcciones <a href=\"mailto:pflamenca@upo.es\">pflamenca@upo.es<\/a> o <a href=\"mailto:pfsentirflamenco@gmail.com\">pfsentirflamenco@gmail.com<\/a>. Las plazas son limitadas.<\/p>\n<p>&nbsp;<\/p>\n<p>Integrada por profesores, alumnos y personal de administraci\u00f3n y servicios, la <a href=\"http:\/\/pfsentirflamenco.blogspot.com.es\/\">Pe\u00f1a \u201cSentir Flamenco\u201d<\/a> de la UPO es una iniciativa que busca el acercamiento de la universidad al flamenco y viceversa. Con el apoyo del Vicerrectorado de Estudiantes, Cultura y Compromiso Social de la Universidad Pablo de Olavide, esta pe\u00f1a organiza conferencias, encuentros con artistas, cine, presentaciones de libros, actuaciones y cursos de guitarra y de baile.<\/p>\n","protected":false},"excerpt":{"rendered":"<p>El pr\u00f3ximo lunes 2 de febrero, a las 14:00 horas en el espacio cultural \u201cAntigua Guarder\u00eda\u201d, junto a la estaci\u00f3n de metro, comenzar\u00e1n las clases de baile en la Pe\u00f1a Flamenca de la UPO.<\/p>\n","protected":false},"author":2,"featured_media":0,"comment_status":"closed","ping_status":"open","sticky":false,"template":"","format":"standard","meta":{"_monsterinsights_skip_tracking":false,"_monsterinsights_sitenote_active":false,"_monsterinsights_sitenote_note":"","_monsterinsights_sitenote_category":0,"footnotes":""},"categories":[5],"tags":[],"class_list":["post-8187042","post","type-post","status-publish","format-standard","hentry","category-infoupo"],"_links":{"self":[{"href":"https:\/\/www.upo.es\/diario\/wp-json\/wp\/v2\/posts\/8187042","targetHints":{"allow":["GET"]}}],"collection":[{"href":"https:\/\/www.upo.es\/diario\/wp-json\/wp\/v2\/posts"}],"about":[{"href":"https:\/\/www.upo.es\/diario\/wp-json\/wp\/v2\/types\/post"}],"author":[{"embeddable":true,"href":"https:\/\/www.upo.es\/diario\/wp-json\/wp\/v2\/users\/2"}],"replies":[{"embeddable":true,"href":"https:\/\/www.upo.es\/diario\/wp-json\/wp\/v2\/comments?post=8187042"}],"version-history":[{"count":4,"href":"https:\/\/www.upo.es\/diario\/wp-json\/wp\/v2\/posts\/8187042\/revisions"}],"predecessor-version":[{"id":8267625,"href":"https:\/\/www.upo.es\/diario\/wp-json\/wp\/v2\/posts\/8187042\/revisions\/8267625"}],"wp:attachment":[{"href":"https:\/\/www.upo.es\/diario\/wp-json\/wp\/v2\/media?parent=8187042"}],"wp:term":[{"taxonomy":"category","embeddable":true,"href":"https:\/\/www.upo.es\/diario\/wp-json\/wp\/v2\/categories?post=8187042"},{"taxonomy":"post_tag","embeddable":true,"href":"https:\/\/www.upo.es\/diario\/wp-json\/wp\/v2\/tags?post=8187042"}],"curies":[{"name":"wp","href":"https:\/\/api.w.org\/{rel}","templated":true}]}}