{"id":8189494,"date":"2015-01-30T14:12:09","date_gmt":"2015-01-30T14:12:09","guid":{"rendered":"https:\/\/www.upo.es\/diario\/?p=8189494"},"modified":"2015-01-30T14:24:14","modified_gmt":"2015-01-30T14:24:14","slug":"klainman-acuso-a-todos-los-dirigentes-de-los-paises-neutrales-que-sabiendo-del-genocidio-nazi-miraron-para-otro-lado","status":"publish","type":"post","link":"https:\/\/www.upo.es\/diario\/institucional\/2015\/01\/klainman-acuso-a-todos-los-dirigentes-de-los-paises-neutrales-que-sabiendo-del-genocidio-nazi-miraron-para-otro-lado\/","title":{"rendered":"Klainman: \u00abacuso a todos los dirigentes de los pa\u00edses neutrales que sabiendo del genocidio nazi miraron para otro lado\u00bb"},"content":{"rendered":"<figure id=\"attachment_8189497\" aria-describedby=\"caption-attachment-8189497\" style=\"width: 600px\" class=\"wp-caption aligncenter\"><a href=\"https:\/\/www.upo.es\/diario\/wp-content\/uploads\/2015\/01\/Jorge-Klainman1.jpg\"><img loading=\"lazy\" decoding=\"async\" class=\"size-large wp-image-8189497\" alt=\"Jorge Klainman, superviviente del Holocausto, ha ofrecido hoy una conferencia en la UPO\" src=\"https:\/\/www.upo.es\/diario\/wp-content\/uploads\/2015\/01\/Jorge-Klainman1-600x400.jpg\" width=\"600\" height=\"400\" srcset=\"https:\/\/www.upo.es\/diario\/wp-content\/uploads\/2015\/01\/Jorge-Klainman1-600x400.jpg 600w, https:\/\/www.upo.es\/diario\/wp-content\/uploads\/2015\/01\/Jorge-Klainman1-320x213.jpg 320w\" sizes=\"auto, (max-width: 600px) 100vw, 600px\" \/><\/a><figcaption id=\"caption-attachment-8189497\" class=\"wp-caption-text\">Jorge Klainman, superviviente del Holocausto, ha ofrecido hoy una conferencia en la UPO<\/figcaption><\/figure>\n<p>Jorge Klainman, presentado por el codirector del Seminario Universitario de Estudios sobre el Holocausto y el Antisemitismo de la UPO, Jos\u00e9 Cruz, empieza la conferencia en la Universidad Pablo de Olavide de Sevilla con las palabras \u201cShalam alejeim\u201d que, explica significa \u201cla paz sea con vosotros\u201d en hebreo. Para comenzar anuncia que esta ser\u00e1 la \u00faltima charla que dar\u00e1 en \u201ceste hermoso pa\u00eds\u201d, en el que ha permanecido desde el 22 de enero y en el que m\u00e1s de dos mil personas lo han escuchado con motivo del D\u00eda Internacional de Conmemoraci\u00f3n en memoria de las v\u00edctimas del Holocausto.<\/p>\n<p>El superviviente jud\u00edo confiesa que el d\u00eda elegido para la celebraci\u00f3n de la liberaci\u00f3n del campo de concentraci\u00f3n y exterminio Auschwitz-Birkenau, 27 de enero, ese mismo d\u00eda en 1945 el ejercit\u00f3 sovi\u00e9tico entr\u00f3 al campo de concentraci\u00f3n pero no liber\u00f3 a nadie, \u201cno se puede liberar un lugar como ese, vives toda tu vida con el trauma\u201d. En ese d\u00eda, se encontraron 7.000 presos en agon\u00eda. La idea de crear campos de concentraci\u00f3n, explic\u00f3, \u201cse remonta al 20 de enero de 1942 cuando en un suburbio berlin\u00e9s se hizo la famosa reuni\u00f3n para ultimar todos los detalles del crimen m\u00e1s grande del a historia de la humanidad, estuvieron presentes todos los mega-nazis, y todo lo acordado fue anotado en un cuaderno que cuando termin\u00f3 la guerra fue encontrado y as\u00ed el mundo supo lo que all\u00ed se trat\u00f3\u201d.<\/p>\n<figure id=\"attachment_8189499\" aria-describedby=\"caption-attachment-8189499\" style=\"width: 320px\" class=\"wp-caption alignright\"><a href=\"https:\/\/www.upo.es\/diario\/wp-content\/uploads\/2015\/01\/Jorge-Klainman2.jpg\"><img loading=\"lazy\" decoding=\"async\" class=\"size-medium wp-image-8189499\" alt=\"Klainman ha visitado Espa\u00f1a con motivo del D\u00eda Internacional de Conmemoraci\u00f3n del Holocausto\" src=\"https:\/\/www.upo.es\/diario\/wp-content\/uploads\/2015\/01\/Jorge-Klainman2-320x213.jpg\" width=\"320\" height=\"213\" srcset=\"https:\/\/www.upo.es\/diario\/wp-content\/uploads\/2015\/01\/Jorge-Klainman2-320x213.jpg 320w, https:\/\/www.upo.es\/diario\/wp-content\/uploads\/2015\/01\/Jorge-Klainman2-600x400.jpg 600w\" sizes=\"auto, (max-width: 320px) 100vw, 320px\" \/><\/a><figcaption id=\"caption-attachment-8189499\" class=\"wp-caption-text\">Klainman ha visitado Espa\u00f1a con motivo del D\u00eda Internacional de Conmemoraci\u00f3n del Holocausto<\/figcaption><\/figure>\n<p>La sanguinaria bestia nazi, como lo llama Klainman, elimin\u00f3 hasta el d\u00eda del fin de la Segunda Guerra Mundial a cerca de veinte millones de personas inocentes de forma industrial entre los que se encontraban 6 millones de jud\u00edos entre ellos un mill\u00f3n de chicos, rusos, polacos, homosexuales, testigos de Jehov\u00e1, presidentes del gobierno y distinta gente de todos los pa\u00edses ocupados de Europa. A pesar de todas estas muertes el mundo sab\u00eda lo que pasaba y por eso \u201cyo acuso a todos los dirigentes de los pa\u00edses neutrales que sabi\u00e9ndolo miraron para otro lado, incluso el Papa de aquel entonces, P\u00edo XII, que tampoco dijo nada\u201d, expresa Klainman.<\/p>\n<p>Cuando el fin de la guerra se acercaba los nazis ten\u00edan que terminar de alguna manera con los presos y toda prueba que pudiera delatar lo que se hac\u00eda en los campos de exterminio. Por ello, antes del fin del a guerra se gaseaban y mataban 25.000 personas por d\u00eda. Miles de aviones de los aliados sobrevolaban los cielos alemanes, estos aviones arrasaron en pocos minutos una f\u00e1brica alemana de caucho sint\u00e9tico que hab\u00eda a 10 kil\u00f3metros de Auschwitz pero \u201cla rampa de la muerte por la cual entraban los trenes, qued\u00f3 intacta hasta el d\u00eda de hoy\u201d.<\/p>\n<p>Jorge Klainman explica c\u00f3mo seleccionaban los nazis a las personas que subir\u00edan a los vagones o los que directamente morir\u00edan. Se separaban hombres por un lado, y mujeres con ni\u00f1os por otro. Dos oficiales de la SS eran qui\u00e9nes decid\u00edan que a la derecha s\u00f3lo ir\u00edan mujeres embarazadas con ni\u00f1os, mujeres mayores de 35, enfermas y enfermos, y hombres tambi\u00e9n. A la izquierda, la fila de la suerte, mandaban a los j\u00f3venes aptos para el trabajo. La proporci\u00f3n era de 70% personas destinadas al exterminio y el 30% a trabajar al campo de concentraci\u00f3n.<\/p>\n<p>No obstante, lo peor ven\u00eda despu\u00e9s, de ese 70% de personas destinadas a la muerte se volv\u00edan a separar a las mujeres y a los hombres, se les quitaba la ropa y adem\u00e1s se les rapaba la cabeza a todos, incluso a las mujeres \u201cque no paraban de gritar\u201d. En este sentido, Klainman aclara que las mujeres nazis eran peores que los hombres, las llama \u201chienas humanas, m\u00e1s crueles que las mujeres que se re\u00edan de las v\u00edctimas que sufr\u00edan cuando se les rapaba el pelo\u201d. Posteriormente, \u201cse eleg\u00edan a las mujeres con la piel m\u00e1s linda\u00a0 y se la quitaban para poder fabricar con esa piel pantallas para las l\u00e1mparas\u201d. Y por \u00faltimo, se abr\u00edan dos puertas met\u00e1licas y dentro un recinto con capacidad para 1.200 personas, del cielo colgaban una gran cantidad de rosetas imitaciones de las duchas. \u201cLa gente entraba y pensaba que por fin se relajar\u00edan d\u00e1ndose un ba\u00f1o, al cabo de unos minutos se cerraban las puertas, se apagaba la luz y de las supuestas duchas sal\u00eda el terrible gas que en pocos minutos terminaba con todo\u201d.<\/p>\n<p>Los nazis no terminaban ah\u00ed su trabajo, pues despu\u00e9s de que los presos recogieran los cad\u00e1veres, estos se llevaban a un recinto que ten\u00eda mesas de m\u00e1rmol para arrancarles la pr\u00f3tesis de oro y con instrumentos especiales les revisaban las partes \u00edntimas buscando alguna joya o brillante, y para finalizar los cuerpos se trasladaban al crematorio, de los cuales hab\u00eda 8 que conten\u00edan 12 hornos cada uno y en los que hab\u00eda una capacidad de quemar 8.000 personas por d\u00eda\u201d.<\/p>\n<p>Para continuar con la conferencia, Klainman deja a un lado los aspectos generales de los campos de concentraci\u00f3n para contar su propia experiencia. \u00c9l y su familia viv\u00edan en Kielce al capital provincia del sudeste de Polonia En aquella ciudad en 1941 hicieron el Gueto en el que su familia no quer\u00eda formar parte y por eso, se trasladaron a donde viv\u00eda su abuelo paterno. A los pocos meses, los nazis de los famosos grupos m\u00f3viles (grupos que se dedicaban a matar a jud\u00edos y enterrarlos) llegaron a la ciudad y con meg\u00e1fonos empezaron a separar a las personas.<\/p>\n<p>Mientras la gente sub\u00eda, narra el superviviente jud\u00edo, \u201cpasaban por la plaza un batall\u00f3n de ucranianos con palas llenas de tierra y el que pensaba un poco se estremec\u00eda viendo eso, volv\u00edan del bosque donde hab\u00edan cavado fosas comunes y a donde se dirig\u00edan los camiones\u201d. \u201cLos 7.000 jud\u00edos que no fuimos a los camiones, nos llevaron a una ciudad peque\u00f1a\u201d. En la madrugada les esperaba una vez m\u00e1s una nueva selecci\u00f3n que esta vez separ\u00f3 a la familia.<\/p>\n<p>Sin embargo, debido a que un se\u00f1or que llevaba un beb\u00e9 en brazos fue eliminado por los nazis, ese incidente le permiti\u00f3 a la familia cambiarse de fila y reunirse. Fue aqu\u00ed cuando a Jorge Kleinman le ocurri\u00f3 su primer milagro, gracias a ser menor de 18 a\u00f1os pudo entrar a trabajar a un campo de concentraci\u00f3n porque los nazis no tomaban a chicos menores.<\/p>\n<p>En el primer campo de exterminio, Klaiman trabajaba limpiando las botas de los ucranianos pero eso hac\u00eda que se perdiera el \u201csuculento desayuno\u201d, el cual explica consist\u00eda en \u201cun litro de agua negra con achicoria sin az\u00facar y pan. Al tercer d\u00eda, contin\u00faa, \u201csent\u00eda que me mor\u00eda e intent\u00e9 coger comida de un ba\u00fal pero me descubrieron\u201d. Tras el accidente, Klainman cambi\u00f3 de trabajo por miedo a que el comandante que lo hab\u00eda descubierto sin haberlo podido matar lo encontrara.<\/p>\n<p>Lleg\u00f3 el momento de un nuevo campo de concentraci\u00f3n, ah\u00ed el coronel mataba desde su balc\u00f3n a los presos y dos veces por semana acud\u00eda a la plaza donde se reun\u00edan los presos para seleccionar a 200 de ellos y matarlos. Un d\u00eda Kleinman fue uno de los seleccionados y pens\u00f3 \u201cpodr\u00e9 reunirme con mis seres queridos en el m\u00e1s alla\u201d, pero no tuvo suerte. La bala no le dio en la cabeza, sino en la pierna y cuando los presos fueron a recoger los cuerpos se dieron cuenta de que estaba vivo y lo llevaron a escondidas con un doctor. A partir de ah\u00ed, tuvo que cambiar de identidad pues nadie pod\u00eda saber que estaba vivo, su nombre hab\u00eda sido eliminado de la lista de presos.<\/p>\n<p align=\"center\"><b>\u00a0<\/b><\/p>\n","protected":false},"excerpt":{"rendered":"<p>Jorge Klainman presentado por el codirector del Seminario Universitario de Estudios sobre el Holocausto y el Antisemitismo de la UPO, Jos\u00e9 Cruz, empieza la conferencia en la Universidad Pablo de Olavide de Sevilla con las palabras \u201cShalam alejeim\u201d que, explica significa \u201cla paz sea con vosotros\u201d en hebreo. El superviviente jud\u00edo confiesa que el d\u00eda elegido para la celebraci\u00f3n de la liberaci\u00f3n del campo de concentraci\u00f3n y exterminio Auschwitz-Birkenau, 27 de enero, ese mismo d\u00eda en 1945 el ejercit\u00f3 sovi\u00e9tico entr\u00f3 al campo de concentraci\u00f3n pero no liber\u00f3 a nadie, \u201cno se puede liberar un lugar como ese, vives toda tu vida con el trauma\u201d. <\/p>\n","protected":false},"author":10,"featured_media":0,"comment_status":"closed","ping_status":"open","sticky":false,"template":"","format":"standard","meta":{"_monsterinsights_skip_tracking":false,"_monsterinsights_sitenote_active":false,"_monsterinsights_sitenote_note":"","_monsterinsights_sitenote_category":0,"footnotes":""},"categories":[6],"tags":[227,2106],"class_list":["post-8189494","post","type-post","status-publish","format-standard","hentry","category-institucional","tag-conferencia","tag-holocausto"],"_links":{"self":[{"href":"https:\/\/www.upo.es\/diario\/wp-json\/wp\/v2\/posts\/8189494","targetHints":{"allow":["GET"]}}],"collection":[{"href":"https:\/\/www.upo.es\/diario\/wp-json\/wp\/v2\/posts"}],"about":[{"href":"https:\/\/www.upo.es\/diario\/wp-json\/wp\/v2\/types\/post"}],"author":[{"embeddable":true,"href":"https:\/\/www.upo.es\/diario\/wp-json\/wp\/v2\/users\/10"}],"replies":[{"embeddable":true,"href":"https:\/\/www.upo.es\/diario\/wp-json\/wp\/v2\/comments?post=8189494"}],"version-history":[{"count":5,"href":"https:\/\/www.upo.es\/diario\/wp-json\/wp\/v2\/posts\/8189494\/revisions"}],"predecessor-version":[{"id":8189498,"href":"https:\/\/www.upo.es\/diario\/wp-json\/wp\/v2\/posts\/8189494\/revisions\/8189498"}],"wp:attachment":[{"href":"https:\/\/www.upo.es\/diario\/wp-json\/wp\/v2\/media?parent=8189494"}],"wp:term":[{"taxonomy":"category","embeddable":true,"href":"https:\/\/www.upo.es\/diario\/wp-json\/wp\/v2\/categories?post=8189494"},{"taxonomy":"post_tag","embeddable":true,"href":"https:\/\/www.upo.es\/diario\/wp-json\/wp\/v2\/tags?post=8189494"}],"curies":[{"name":"wp","href":"https:\/\/api.w.org\/{rel}","templated":true}]}}