{"id":8249193,"date":"2015-02-02T12:53:17","date_gmt":"2015-02-02T12:53:17","guid":{"rendered":"https:\/\/www.upo.es\/diario\/?p=8249193"},"modified":"2015-02-03T13:13:57","modified_gmt":"2015-02-03T13:13:57","slug":"carlos-rico-motos-premio-del-congreso-a-la-mejor-tesis-doctoral-en-el-campo-de-la-ciencia-politica-y-sociologia","status":"publish","type":"post","link":"https:\/\/www.upo.es\/diario\/institucional\/2015\/02\/carlos-rico-motos-premio-del-congreso-a-la-mejor-tesis-doctoral-en-el-campo-de-la-ciencia-politica-y-sociologia\/","title":{"rendered":"Carlos Rico Motos, Premio del Congreso a la Mejor Tesis Doctoral en el campo de la Ciencia Pol\u00edtica y Sociolog\u00eda"},"content":{"rendered":"<figure id=\"attachment_8249194\" aria-describedby=\"caption-attachment-8249194\" style=\"width: 600px\" class=\"wp-caption aligncenter\"><a href=\"https:\/\/www.upo.es\/diario\/wp-content\/uploads\/2015\/02\/CarlosM-Rico-Motos.jpg\"><img loading=\"lazy\" decoding=\"async\" class=\"size-large wp-image-8249194\" alt=\"Carlos Rico Motos\" src=\"https:\/\/www.upo.es\/diario\/wp-content\/uploads\/2015\/02\/CarlosM-Rico-Motos-600x435.jpg\" width=\"600\" height=\"435\" srcset=\"https:\/\/www.upo.es\/diario\/wp-content\/uploads\/2015\/02\/CarlosM-Rico-Motos-600x435.jpg 600w, https:\/\/www.upo.es\/diario\/wp-content\/uploads\/2015\/02\/CarlosM-Rico-Motos-320x232.jpg 320w\" sizes=\"auto, (max-width: 600px) 100vw, 600px\" \/><\/a><figcaption id=\"caption-attachment-8249194\" class=\"wp-caption-text\">Carlos Rico Motos<\/figcaption><\/figure>\n<p><strong>Carlos Rico Motos<\/strong>, profesor de Ciencia Pol\u00edtica en el Departamento de Derecho P\u00fablico de la Universidad Pablo de Olavide, ha ganado el <strong>Premio del Congreso de los Diputados a la Mejor Tesis Doctoral en la especialidad de Ciencia Pol\u00edtica y Sociolog\u00eda<\/strong>, por su trabajo de investigaci\u00f3n <strong>\u201cDemocracia deliberativa y crisis de la representaci\u00f3n pol\u00edtica. Aportaciones del estudio de la deliberaci\u00f3n parlamentaria\u201d<\/strong>.<\/p>\n<p>La tesis premiada busca contribuir, en un momento en el que proliferan las cr\u00edticas al funcionamiento de nuestros sistemas pol\u00edticos, al debate sobre la aplicabilidad de la democracia deliberativa como una propuesta de mejora del modelo de representaci\u00f3n pol\u00edtica. Para ello, estudia la actividad parlamentaria a la luz del modelo deliberativo, al tiempo que eval\u00faa las posibilidades de institucionalizaci\u00f3n de este ideal normativo ante el fuerte conflicto partidista presente en las instituciones democr\u00e1ticas.<\/p>\n<p>Mientras que hasta ahora cuestiones como si cabe la deliberaci\u00f3n en los parlamentos o c\u00f3mo condicionan los partidos las din\u00e1micas de las c\u00e1maras han sido abordadas desde una perspectiva cuantitativa insuficiente para captar la interconexi\u00f3n del Parlamento con otras instancias del sistema pol\u00edtico, la investigaci\u00f3n premiada propone un enfoque cualitativo y lo aplica al caso del Congreso de los Diputados durante la IX Legislatura, \u00faltima del Gobierno de Jos\u00e9 Luis Rodr\u00edguez Zapatero, especificando las singularidades que hicieron de la etapa de la \u201cgeometr\u00eda variable\u201d un periodo especialmente interesante.<\/p>\n<p><b>ENTREVISTAS EN PROFUNDIDAD<\/b><\/p>\n<p>La tesis, dirigida por la profesora titular del Departamento de Ciencia Pol\u00edtica de la Universidad Aut\u00f3noma de Madrid Elena Garc\u00eda Guiti\u00e1n, desarrolla un an\u00e1lisis de las normas de funcionamiento de la C\u00e1mara Baja desde el punto de vista de su influencia en la deliberaci\u00f3n, as\u00ed como una descripci\u00f3n de la actividad legislativa de la etapa estudiada. El an\u00e1lisis incluye entrevistas en profundidad a varios protagonistas del periodo abordado: secretarios de Estado, miembros de la Mesa del Congreso, diputados de varias formaciones pol\u00edticas, letrados de las Cortes y periodistas parlamentarios. Por \u00faltimo, el trabajo aborda la influencia de los medios de comunicaci\u00f3n en las din\u00e1micas internas del Parlamento y en su proyecci\u00f3n ante la opini\u00f3n p\u00fablica.<\/p>\n<p>Tras verificar que el partidismo es un factor explicativo de primera magnitud respecto a los m\u00e1rgenes para la deliberaci\u00f3n parlamentaria, la investigaci\u00f3n premiada concluye que durante la IX Legislatura coexistieron en el Congreso de los Diputados din\u00e1micas agonistas con otras deliberativas, si bien estas \u00faltimas no pueden conceptuarse como un momento de debate formal, cuantificable y acotado en una dimensi\u00f3n temporal cerrada. Antes bien, el trabajo de investigaci\u00f3n se\u00f1ala que el intercambio constructivo de argumentos entre los grupos pol\u00edticos suele producirse en las interacciones discretas e informales que tienen lugar con car\u00e1cter previo a los discursos p\u00fablicos, as\u00ed como de una forma difusa y secuencial a lo largo de un proceso que mezcla instancias parlamentarias y extraparlamentarias.<\/p>\n<p>Adem\u00e1s de la tesis del profesor de la UPO Carlos Rico Motos en la especialidad de Ciencias Pol\u00edticas y Sociolog\u00eda, la Presidencia del Congreso ha otorgado el Premio de Tesis Doctorales en la especialidad de Derecho a la tesis de don Joan Solanes Mullor, titulada \u00abLa introducci\u00f3n del Estado regulador y la administraci\u00f3n independiente en Espa\u00f1a. El impulso del Derecho de la Uni\u00f3n Europea y las transformaciones del Derecho P\u00fablico espa\u00f1ol\u00bb, y el Premio de Tesis Doctorales en la especialidad de Periodismo a la tesis presentada por do\u00f1a Mar\u00eda Reyes Cala Siria, titulada \u00abEl fen\u00f3meno del Spin Doctoring. El estado de la cuesti\u00f3n y su pr\u00e1ctica en Espa\u00f1a\u00bb, mientras que el Premio de Tesis Doctorales en la especialidad de Econom\u00eda ha sido declarado desierto.<\/p>\n<p><b>JURADO<\/b><\/p>\n<p>El jurado de los premios ha estado integrado por Celia Villalobos, vicepresidenta primera del Congreso de los Diputados, Jaime Javier Barrero, vicepresidente segundo, Jordi Jan\u00e9, vicepresidente cuarto, Jos\u00e9 Antonio Moreno, secretario general adjunto para Asuntos Parlamentarios, y Mar\u00eda Rosa Ripoll\u00e9s, directora de Estudios, An\u00e1lisis y Publicaciones del Congreso. Como expertos en las respectivas especialidades del premio, han formado parte del jurado Enrique \u00c1lvarez Conde, catedr\u00e1tico de Derecho Constitucional y director del Instituto de Derecho P\u00fablico de la Universidad Rey Juan Carlos de Madrid, Ricardo Montoro, catedr\u00e1tico de Sociolog\u00eda de la Universidad Aut\u00f3noma de Madrid, Gabriel Tortella, catedr\u00e1tico de Historia Econ\u00f3mica de la Universidad de Alcal\u00e1 de Henares, y Ana Isabel D\u00edez, presidenta de la Asociaci\u00f3n de Periodistas Parlamentarios.<\/p>\n<hr \/>\n<p><b>Carlos Rico Motos<\/b> es doctor en Ciencia Pol\u00edtica por la Universidad Aut\u00f3noma de Madrid y profesor de Ciencia Pol\u00edtica en el Departamento de Derecho P\u00fablico de la Universidad Pablo de Olavide desde 2014. Especializado en Derecho Constitucional y Ciencia Pol\u00edtica por el Centro de Estudios Pol\u00edticos y Constitucionales, ha sido tambi\u00e9n investigador FPU en el Departamento de Ciencias Pol\u00edticas de la Universidad Aut\u00f3noma de Madrid y profesor de Teor\u00eda Pol\u00edtica en la Saint Louis University. Durante los a\u00f1os 2010 y 2011 trabaj\u00f3 como asesor en el Ministerio de la Presidencia, especializado en las relaciones entre el Gobierno y las Cortes Generales. Es autor de varias publicaciones cient\u00edficas en el campo de las teor\u00edas de la democracia, la educaci\u00f3n c\u00edvica y los modelos de representaci\u00f3n y deliberaci\u00f3n pol\u00edtica, entre los que cabe mencionar \u201cThe Controversy Over Civic Education in Spain\u201d (<i>European Political Science<\/i>) y \u201cJuicio pol\u00edtico y virtud c\u00edvica en la democracia deliberativa\u201d (<i>Prisma Social<\/i>). Actualmente participa en el proyecto de investigaci\u00f3n I+D \u201cThe outcomes of participatory processes: public policies and relation administration-society\u201d, liderado por el Instituto de Estudios Sociales Avanzados (IESA-CSIC).<\/p>\n<p>&nbsp;<\/p>\n","protected":false},"excerpt":{"rendered":"<p>Carlos Rico Motos, profesor de Ciencia Pol\u00edtica en el Departamento de Derecho P\u00fablico de la Universidad Pablo de Olavide, ha ganado el Premio del Congreso de los Diputados a la Mejor Tesis Doctoral en la especialidad de Ciencia Pol\u00edtica y Sociolog\u00eda, por su trabajo de investigaci\u00f3n \u201cDemocracia deliberativa y crisis de la representaci\u00f3n pol\u00edtica. Aportaciones del estudio de la deliberaci\u00f3n parlamentaria\u201d.<\/p>\n","protected":false},"author":6,"featured_media":0,"comment_status":"closed","ping_status":"open","sticky":false,"template":"","format":"standard","meta":{"_monsterinsights_skip_tracking":false,"_monsterinsights_sitenote_active":false,"_monsterinsights_sitenote_note":"","_monsterinsights_sitenote_category":0,"footnotes":""},"categories":[6],"tags":[67,1874,138,76,58,104,5836],"class_list":["post-8249193","post","type-post","status-publish","format-standard","hentry","category-institucional","tag-ciencias-politicas-y-de-la-administracion","tag-congreso-de-los-diputados","tag-parlamento","tag-politica","tag-premio","tag-sociologia","tag-tesis"],"_links":{"self":[{"href":"https:\/\/www.upo.es\/diario\/wp-json\/wp\/v2\/posts\/8249193","targetHints":{"allow":["GET"]}}],"collection":[{"href":"https:\/\/www.upo.es\/diario\/wp-json\/wp\/v2\/posts"}],"about":[{"href":"https:\/\/www.upo.es\/diario\/wp-json\/wp\/v2\/types\/post"}],"author":[{"embeddable":true,"href":"https:\/\/www.upo.es\/diario\/wp-json\/wp\/v2\/users\/6"}],"replies":[{"embeddable":true,"href":"https:\/\/www.upo.es\/diario\/wp-json\/wp\/v2\/comments?post=8249193"}],"version-history":[{"count":6,"href":"https:\/\/www.upo.es\/diario\/wp-json\/wp\/v2\/posts\/8249193\/revisions"}],"predecessor-version":[{"id":8270086,"href":"https:\/\/www.upo.es\/diario\/wp-json\/wp\/v2\/posts\/8249193\/revisions\/8270086"}],"wp:attachment":[{"href":"https:\/\/www.upo.es\/diario\/wp-json\/wp\/v2\/media?parent=8249193"}],"wp:term":[{"taxonomy":"category","embeddable":true,"href":"https:\/\/www.upo.es\/diario\/wp-json\/wp\/v2\/categories?post=8249193"},{"taxonomy":"post_tag","embeddable":true,"href":"https:\/\/www.upo.es\/diario\/wp-json\/wp\/v2\/tags?post=8249193"}],"curies":[{"name":"wp","href":"https:\/\/api.w.org\/{rel}","templated":true}]}}