{"id":8265169,"date":"2015-02-03T07:15:21","date_gmt":"2015-02-03T07:15:21","guid":{"rendered":"https:\/\/www.upo.es\/diario\/?p=8265169"},"modified":"2015-02-03T14:27:27","modified_gmt":"2015-02-03T14:27:27","slug":"comunicado-de-la-crue-sobre-el-real-decreto-3-2","status":"publish","type":"post","link":"https:\/\/www.upo.es\/diario\/institucional\/2015\/02\/comunicado-de-la-crue-sobre-el-real-decreto-3-2\/","title":{"rendered":"Comunicado de la CRUE sobre el Real Decreto 3 + 2"},"content":{"rendered":"<p><a href=\"https:\/\/www.upo.es\/diario\/wp-content\/uploads\/2015\/02\/CRUE3.jpg\"><img loading=\"lazy\" decoding=\"async\" class=\"alignright size-medium wp-image-8265999\" alt=\"CRUE3\" src=\"https:\/\/www.upo.es\/diario\/wp-content\/uploads\/2015\/02\/CRUE3-320x149.jpg\" width=\"320\" height=\"149\" srcset=\"https:\/\/www.upo.es\/diario\/wp-content\/uploads\/2015\/02\/CRUE3-320x149.jpg 320w, https:\/\/www.upo.es\/diario\/wp-content\/uploads\/2015\/02\/CRUE3.jpg 393w\" sizes=\"auto, (max-width: 320px) 100vw, 320px\" \/><\/a>En relaci\u00f3n con la aprobaci\u00f3n el d\u00eda 30 de enero de 2015, por el Consejo de Ministros, del Real Decreto por el que se modifica el Real Decreto 1393\/2007, de 29 de octubre, por el que se establece la ordenaci\u00f3n de las ense\u00f1anzas universitarias oficiales y el Real Decreto 99\/2011, de 28 de enero, por el que se regulan las ense\u00f1anzas oficiales de doctorado, <b>la<\/b> <b>Conferencia de Rectores de las Universidades Espa<\/b><b>\u00f1<\/b><b>olas (CRUE)<\/b>, reunida en Asamblea General el 2 de febrero de 2015, tras un amplio debate <b>acuerda<\/b>:<\/p>\n<p>1.-\u00a0 Reafirmarse en la <b>necesidad de una moratoria<\/b> que en su d\u00eda pidi\u00f3 respecto a la aplicaci\u00f3n de este Real Decreto.<\/p>\n<p>2.- Solicitar a todas las universidades y comunidades aut\u00f3nomas que <b>no se comience la tramitaci<\/b><b>\u00f3<\/b><b>n de propuestas al amparo de esta disposici<\/b><b>\u00f3<\/b><b>n hasta septiembre de 2016<\/b>. El objetivo principal es poder aplicar esta normativa de una forma prudente, evitando la confusi\u00f3n de la sociedad en su conjunto y preservando de este modo la cohesi\u00f3n del sistema universitario espa\u00f1ol.<\/p>\n<p>3.- Manifestar que, pudiendo considerarse el cambio en la estructura de algunos de los estudios universitarios, es prioritario culminar primero la<b> evaluaci<\/b><b>\u00f3<\/b><b>n de las titulaciones actualmente vigentes<\/b>. Del mismo modo, consideramos preciso llevar a cabo una profunda reflexi\u00f3n sobre el futuro de la universidad espa\u00f1ola tambi\u00e9n en lo referente <b>al modelo de<\/b> <b>financiaci<\/b><b>\u00f3<\/b><b>n<\/b>, antes de poner en marcha un cambio que de hacerse con precipitaci\u00f3n tendr\u00eda graves consecuencias para todo el sistema universitario.<\/p>\n<p>4.- Declarar que la mayor preocupaci\u00f3n de la CRUE, es la <b>defensa de la calidad de la oferta acad<\/b><b>\u00e9<\/b><b>mica<\/b> de nuestras universidades, garantizando adem\u00e1s una verdadera igualdad de oportunidades para sus estudiantes. Asimismo, consideramos necesario que la sociedad cuente con la suficiente informaci\u00f3n sobre la nueva oferta curricular de grados y m\u00e1steres oficiales que pueda derivarse de esta disposici\u00f3n, con el objetivo de <b>asegurar la mejor formaci<\/b><b>\u00f3<\/b><b>n y empleabilidad<\/b> <b>de nuestros egresados.<\/b><\/p>\n<p align=\"center\"><b>\u00a0<\/b><\/p>\n","protected":false},"excerpt":{"rendered":"<p>La Conferencia de Rectores de las Universidades Espa\u00f1olas (CRUE), reunida en Asamblea General el 2 de febrero de 2015, se pronuncia en relaci\u00f3n con la aprobaci\u00f3n el d\u00eda 30 de enero de 2015, por el Consejo de Ministros, del Real Decreto por el que se modifica el Real Decreto 1393\/2007, de 29 de octubre, por el que se establece la ordenaci\u00f3n de las ense\u00f1anzas universitarias oficiales y el Real Decreto 99\/2011, de 28 de enero, por el que se regulan las ense\u00f1anzas oficiales de doctorado.<\/p>\n","protected":false},"author":2,"featured_media":0,"comment_status":"closed","ping_status":"open","sticky":false,"template":"","format":"standard","meta":{"_monsterinsights_skip_tracking":false,"_monsterinsights_sitenote_active":false,"_monsterinsights_sitenote_note":"","_monsterinsights_sitenote_category":0,"footnotes":""},"categories":[6],"tags":[243,377,706],"class_list":["post-8265169","post","type-post","status-publish","format-standard","hentry","category-institucional","tag-crue","tag-oferta-academica","tag-real-decreto"],"_links":{"self":[{"href":"https:\/\/www.upo.es\/diario\/wp-json\/wp\/v2\/posts\/8265169","targetHints":{"allow":["GET"]}}],"collection":[{"href":"https:\/\/www.upo.es\/diario\/wp-json\/wp\/v2\/posts"}],"about":[{"href":"https:\/\/www.upo.es\/diario\/wp-json\/wp\/v2\/types\/post"}],"author":[{"embeddable":true,"href":"https:\/\/www.upo.es\/diario\/wp-json\/wp\/v2\/users\/2"}],"replies":[{"embeddable":true,"href":"https:\/\/www.upo.es\/diario\/wp-json\/wp\/v2\/comments?post=8265169"}],"version-history":[{"count":15,"href":"https:\/\/www.upo.es\/diario\/wp-json\/wp\/v2\/posts\/8265169\/revisions"}],"predecessor-version":[{"id":8270909,"href":"https:\/\/www.upo.es\/diario\/wp-json\/wp\/v2\/posts\/8265169\/revisions\/8270909"}],"wp:attachment":[{"href":"https:\/\/www.upo.es\/diario\/wp-json\/wp\/v2\/media?parent=8265169"}],"wp:term":[{"taxonomy":"category","embeddable":true,"href":"https:\/\/www.upo.es\/diario\/wp-json\/wp\/v2\/categories?post=8265169"},{"taxonomy":"post_tag","embeddable":true,"href":"https:\/\/www.upo.es\/diario\/wp-json\/wp\/v2\/tags?post=8265169"}],"curies":[{"name":"wp","href":"https:\/\/api.w.org\/{rel}","templated":true}]}}