{"id":8270083,"date":"2015-02-04T14:10:06","date_gmt":"2015-02-04T14:10:06","guid":{"rendered":"https:\/\/www.upo.es\/diario\/?p=8270083"},"modified":"2015-02-05T16:46:42","modified_gmt":"2015-02-05T16:46:42","slug":"susana-diaz-se-reune-con-los-rectores-de-las-universidades-publicas-andaluzas","status":"publish","type":"post","link":"https:\/\/www.upo.es\/diario\/institucional\/2015\/02\/susana-diaz-se-reune-con-los-rectores-de-las-universidades-publicas-andaluzas\/","title":{"rendered":"Comunicado de las universidades p\u00fablicas andaluzas tras la reuni\u00f3n celebrada con la presidenta de la Junta de Andaluc\u00eda"},"content":{"rendered":"<p><a href=\"https:\/\/www.upo.es\/diario\/wp-content\/uploads\/2015\/02\/16434398415_4ec9a7220b_o.jpg\"><img loading=\"lazy\" decoding=\"async\" class=\"aligncenter size-large wp-image-8270084\" alt=\"La presidenta de la Junta, Susana D\u00edaz, con los rectores andaluces en San Telmo\" src=\"https:\/\/www.upo.es\/diario\/wp-content\/uploads\/2015\/02\/16434398415_4ec9a7220b_o-600x398.jpg\" width=\"600\" height=\"398\" srcset=\"https:\/\/www.upo.es\/diario\/wp-content\/uploads\/2015\/02\/16434398415_4ec9a7220b_o-600x398.jpg 600w, https:\/\/www.upo.es\/diario\/wp-content\/uploads\/2015\/02\/16434398415_4ec9a7220b_o-320x212.jpg 320w\" sizes=\"auto, (max-width: 600px) 100vw, 600px\" \/><\/a><\/p>\n<p>Los rectores de las universidades p\u00fablicas andaluzas se reunieron este martes con la presidenta de la Junta de Andaluc\u00eda, Susana D\u00edaz, y celebraron una reuni\u00f3n del Consejo Andaluz de Universidades (CAU) <strong>para abordar los efectos en Andaluc\u00eda del decreto de flexibilizaci\u00f3n de la estructura de grados, aprobado el pasado viernes por el Consejo de Ministros<\/strong> y publicado en el BOE del d\u00eda de ayer.<\/p>\n<p>La Asociaci\u00f3n de Universidades P\u00fablicas de Andaluc\u00eda (AUPA), que agrupa a los rectores de las diez universidades que conforman el sistema universitario de nuestra comunidad aut\u00f3noma, ha defendido el aplazamiento de esta reforma. En este contexto,<strong> los rectores andaluces y la administraci\u00f3n auton\u00f3mica han compartido la idea de establecer una moratoria activa para poder reflexionar, evaluar y mejorar el actual sistema universitario andaluz<\/strong>.<\/p>\n<p>Para AUPA, esta decisi\u00f3n ofrece un marco definido a la comunidad universitaria andaluza y a nuestra oferta acad\u00e9mica universitaria. Un posicionamiento que se corresponde con el acuerdo mayoritario alcanzado este pasado lunes por los rectores espa\u00f1oles en la Conferencia de Rectores de Universidades Espa\u00f1olas (CRUE) en cuanto a la adopci\u00f3n de una moratoria de la reforma de t\u00edtulos universitarios espa\u00f1oles.<\/p>\n<p>Desde la perspectiva de AUPA, el acuerdo alcanzado con la Junta de Andaluc\u00eda este martes es \u201cmuy razonable, de sentido com\u00fan y responsabilidad\u201d porque supone mantener \u201cla estabilidad acad\u00e9mica del sistema\u201d. De ah\u00ed la oportunidad del compromiso expuesto por la presidenta de apoyar la decisi\u00f3n de la moratoria, de respaldar la actual estructura de grados de cuatro a\u00f1os y, por tanto, su financiaci\u00f3n, as\u00ed como la reducci\u00f3n progresiva del coste del cr\u00e9dito de los m\u00e1steres para su acercamiento al de los grados.<\/p>\n<p>El sistema universitario espa\u00f1ol y, en este caso concreto el andaluz, est\u00e1 comprometido con la mejora de la calidad docente. Ahora no es el momento de aplicar las reformas porque las universidades estamos haciendo las primeras evaluaciones de los grados y se carece, por tanto, de perspectiva y de resultados. A partir de este proceso de evaluaci\u00f3n de la calidad que las universidades venimos cumpliendo con rigor, podremos conocer, y no antes, c\u00f3mo han sido valorados los indicadores y, de acuerdo con sus resultados, proponer las pertinentes medidas de mejora de su calidad acad\u00e9mica.<\/p>\n<p>En consecuencia, ahora lo que se necesita es estabilidad para trabajar con calma, de manera reflexiva y responsable, y para ofrecerle a la ciudadan\u00eda lo mejor de nosotros mismos. Por ello, la Asociaci\u00f3n de Universidades P\u00fablicas de Andaluc\u00eda aboga por la estabilidad acad\u00e9mica del sistema para generar certidumbre en la sociedad andaluza y para que nuestro alumnado y sus familias sepan exactamente c\u00f3mo est\u00e1 definido el sistema.<\/p>\n","protected":false},"excerpt":{"rendered":"<p>Los rectores de las universidades p\u00fablicas andaluzas, reunidos este martes con la presidenta de la Junta de Andaluc\u00eda, Susana D\u00edaz, comparten con la administraci\u00f3n auton\u00f3mica la idea de establecer una moratoria activa del decreto de flexibilizaci\u00f3n de la estructura de grados, aprobado el pasado viernes por el Consejo de Ministros, para poder reflexionar, evaluar y mejorar el actual sistema universitario andaluz.<\/p>\n","protected":false},"author":6,"featured_media":0,"comment_status":"closed","ping_status":"open","sticky":false,"template":"","format":"standard","meta":{"_monsterinsights_skip_tracking":false,"_monsterinsights_sitenote_active":false,"_monsterinsights_sitenote_note":"","_monsterinsights_sitenote_category":0,"footnotes":""},"categories":[6],"tags":[190,324,739,266,203,461,244,38,1077,39],"class_list":["post-8270083","post","type-post","status-publish","format-standard","hentry","category-institucional","tag-andalucia","tag-cau","tag-estudios-de-grado","tag-grados","tag-junta-de-andalucia","tag-ley","tag-ministerio-de-educacion","tag-rector","tag-susana-diaz","tag-universidades"],"_links":{"self":[{"href":"https:\/\/www.upo.es\/diario\/wp-json\/wp\/v2\/posts\/8270083","targetHints":{"allow":["GET"]}}],"collection":[{"href":"https:\/\/www.upo.es\/diario\/wp-json\/wp\/v2\/posts"}],"about":[{"href":"https:\/\/www.upo.es\/diario\/wp-json\/wp\/v2\/types\/post"}],"author":[{"embeddable":true,"href":"https:\/\/www.upo.es\/diario\/wp-json\/wp\/v2\/users\/6"}],"replies":[{"embeddable":true,"href":"https:\/\/www.upo.es\/diario\/wp-json\/wp\/v2\/comments?post=8270083"}],"version-history":[{"count":13,"href":"https:\/\/www.upo.es\/diario\/wp-json\/wp\/v2\/posts\/8270083\/revisions"}],"predecessor-version":[{"id":8312689,"href":"https:\/\/www.upo.es\/diario\/wp-json\/wp\/v2\/posts\/8270083\/revisions\/8312689"}],"wp:attachment":[{"href":"https:\/\/www.upo.es\/diario\/wp-json\/wp\/v2\/media?parent=8270083"}],"wp:term":[{"taxonomy":"category","embeddable":true,"href":"https:\/\/www.upo.es\/diario\/wp-json\/wp\/v2\/categories?post=8270083"},{"taxonomy":"post_tag","embeddable":true,"href":"https:\/\/www.upo.es\/diario\/wp-json\/wp\/v2\/tags?post=8270083"}],"curies":[{"name":"wp","href":"https:\/\/api.w.org\/{rel}","templated":true}]}}