{"id":8288820,"date":"2015-02-04T12:50:51","date_gmt":"2015-02-04T12:50:51","guid":{"rendered":"https:\/\/www.upo.es\/diario\/?p=8288820"},"modified":"2015-02-04T13:47:37","modified_gmt":"2015-02-04T13:47:37","slug":"la-upo-acoge-un-seminario-internacional-sobre-el-impacto-del-capitalismo-en-la-sociedad","status":"publish","type":"post","link":"https:\/\/www.upo.es\/diario\/institucional\/2015\/02\/la-upo-acoge-un-seminario-internacional-sobre-el-impacto-del-capitalismo-en-la-sociedad\/","title":{"rendered":"La UPO acoge un seminario internacional sobre el impacto del capitalismo en la sociedad"},"content":{"rendered":"<figure id=\"attachment_8288822\" aria-describedby=\"caption-attachment-8288822\" style=\"width: 268px\" class=\"wp-caption alignright\"><a href=\"https:\/\/www.upo.es\/diario\/institucional\/2015\/02\/la-upo-acoge-un-seminario-internacional-sobre-el-impacto-del-capitalismo-en-la-sociedad\/attachment\/seminario-capitalismo\/\" rel=\"attachment wp-att-8288822\"><img loading=\"lazy\" decoding=\"async\" class=\"size-medium wp-image-8288822\" alt=\"Cartel del seminario internacional acerca del impacto del capitalismo\" src=\"https:\/\/www.upo.es\/diario\/wp-content\/uploads\/2015\/02\/seminario-capitalismo-268x320.jpg\" width=\"268\" height=\"320\" srcset=\"https:\/\/www.upo.es\/diario\/wp-content\/uploads\/2015\/02\/seminario-capitalismo-268x320.jpg 268w, https:\/\/www.upo.es\/diario\/wp-content\/uploads\/2015\/02\/seminario-capitalismo.jpg 294w\" sizes=\"auto, (max-width: 268px) 100vw, 268px\" \/><\/a><figcaption id=\"caption-attachment-8288822\" class=\"wp-caption-text\">Cartel del seminario internacional sobre el impacto del capitalismo<\/figcaption><\/figure>\n<p>Hoy martes 4 de febrero, a las 16 horas, en el Sal\u00f3n de Grados del edificio 25 b, comienza en la Universidad Pablo de Olavide el seminario internacional \u201cEl impacto del capitalismo sobre el estado constitucional, los derechos sociales y los sistemas democr\u00e1ticos\u201d, donde se analizar\u00e1n las transformaciones que se han dado en el marco social, pol\u00edtico, econ\u00f3mico y jur\u00eddico y c\u00f3mo ha influido en ellas el capitalismo. La conferencia inaugural, \u201cDesaf\u00edos para las democracias en los estados constitucionales\u201d, a las 17.45 horas, ser\u00e1 impartida por Gerardo Pisarello, profesor titular de Derecho Constitucional de la Universidad de Barcelona.<\/p>\n<p>Durante estas jornadas tendr\u00e1n lugar cinco mesas redondas, entre las que destaca la celebrada el jueves 5 de febrero, a las 18:15 horas, \u201cCrisis del capitalismo y modelos de desarrollo\u201d, y en la que participar\u00e1 el catedr\u00e1tico de Econom\u00eda Aplicada de la Universidad de Sevilla Juan Torres L\u00f3pez.<\/p>\n<p>El Seminario Internacional \u201cEl impacto del capitalismo sobre el estado constitucional, los derechos sociales y los sistemas democr\u00e1ticos\u201d est\u00e1 organizado por el M\u00e1ster Universitario en Derechos Humanos, Interculturalidad y Desarrollo (UPO-UNIA), la C\u00e1tedra Unesco de Derechos Humanos, Interculturalidad y Desarrollo (UNIA), el Instituto Joaqu\u00edn Herrera Flores (IJHF) y el Seminario-Taller Interdisciplinar sobre Teor\u00eda Cr\u00edtica Antag\u00f3nic@s.<\/p>\n<p>&nbsp;<\/p>\n<p><a href=\"http:\/\/joaquinherreraflores.org\/content\/noticias\/seminario-internacional-el-impacto-del-capitalismo-sobre-el-estado-constitucional-0\">Programa<\/a><\/p>\n","protected":false},"excerpt":{"rendered":"<p>Hoy martes 4 de febrero, a las 16 horas, en el Sal\u00f3n de Grados del edificio 25 b, comienza en la Universidad Pablo de Olavide el seminario internacional \u201cEl impacto del capitalismo sobre el estado constitucional, los derechos sociales y los sistemas democr\u00e1ticos\u201d, donde se analizar\u00e1n las transformaciones que se han dado en el marco social, pol\u00edtico, econ\u00f3mico y jur\u00eddico y c\u00f3mo ha influido en ellas el capitalismo.<\/p>\n","protected":false},"author":6,"featured_media":0,"comment_status":"closed","ping_status":"open","sticky":false,"template":"","format":"standard","meta":{"_monsterinsights_skip_tracking":false,"_monsterinsights_sitenote_active":false,"_monsterinsights_sitenote_note":"","_monsterinsights_sitenote_category":0,"footnotes":""},"categories":[6],"tags":[2119,2121,2120],"class_list":["post-8288820","post","type-post","status-publish","format-standard","hentry","category-institucional","tag-capitalismo","tag-los-derechos-sociales-y-los-sistemas-democraticos","tag-seminario-internacional-el-capitalismo-sobre-el-estado-constitucional"],"_links":{"self":[{"href":"https:\/\/www.upo.es\/diario\/wp-json\/wp\/v2\/posts\/8288820","targetHints":{"allow":["GET"]}}],"collection":[{"href":"https:\/\/www.upo.es\/diario\/wp-json\/wp\/v2\/posts"}],"about":[{"href":"https:\/\/www.upo.es\/diario\/wp-json\/wp\/v2\/types\/post"}],"author":[{"embeddable":true,"href":"https:\/\/www.upo.es\/diario\/wp-json\/wp\/v2\/users\/6"}],"replies":[{"embeddable":true,"href":"https:\/\/www.upo.es\/diario\/wp-json\/wp\/v2\/comments?post=8288820"}],"version-history":[{"count":9,"href":"https:\/\/www.upo.es\/diario\/wp-json\/wp\/v2\/posts\/8288820\/revisions"}],"predecessor-version":[{"id":8290522,"href":"https:\/\/www.upo.es\/diario\/wp-json\/wp\/v2\/posts\/8288820\/revisions\/8290522"}],"wp:attachment":[{"href":"https:\/\/www.upo.es\/diario\/wp-json\/wp\/v2\/media?parent=8288820"}],"wp:term":[{"taxonomy":"category","embeddable":true,"href":"https:\/\/www.upo.es\/diario\/wp-json\/wp\/v2\/categories?post=8288820"},{"taxonomy":"post_tag","embeddable":true,"href":"https:\/\/www.upo.es\/diario\/wp-json\/wp\/v2\/tags?post=8288820"}],"curies":[{"name":"wp","href":"https:\/\/api.w.org\/{rel}","templated":true}]}}