{"id":8288821,"date":"2015-02-04T07:00:55","date_gmt":"2015-02-04T07:00:55","guid":{"rendered":"https:\/\/www.upo.es\/diario\/?p=8288821"},"modified":"2015-02-05T12:10:03","modified_gmt":"2015-02-05T12:10:03","slug":"expertos-en-tecnopolitica-se-reunen-desde-manana-en-la-upo-en-el-congreso-internacional-move-net","status":"publish","type":"post","link":"https:\/\/www.upo.es\/diario\/institucional\/2015\/02\/expertos-en-tecnopolitica-se-reunen-desde-manana-en-la-upo-en-el-congreso-internacional-move-net\/","title":{"rendered":"Expertos en tecnopol\u00edtica se re\u00fanen desde ma\u00f1ana en la UPO en el Congreso Internacional Move.net"},"content":{"rendered":"<p><span style=\"text-decoration: underline;\"><a href=\"https:\/\/www.upo.es\/diario\/wp-content\/uploads\/2015\/02\/cmove.net_.jpg\"><img loading=\"lazy\" decoding=\"async\" class=\"aligncenter size-large wp-image-8288826\" alt=\"cmove.net\" src=\"https:\/\/www.upo.es\/diario\/wp-content\/uploads\/2015\/02\/cmove.net_-600x117.jpg\" width=\"600\" height=\"117\" srcset=\"https:\/\/www.upo.es\/diario\/wp-content\/uploads\/2015\/02\/cmove.net_-600x117.jpg 600w, https:\/\/www.upo.es\/diario\/wp-content\/uploads\/2015\/02\/cmove.net_-320x62.jpg 320w, https:\/\/www.upo.es\/diario\/wp-content\/uploads\/2015\/02\/cmove.net_.jpg 1102w\" sizes=\"auto, (max-width: 600px) 100vw, 600px\" \/><\/a>Ma\u00f1ana jueves 5 de febrero, a las 9:30 horas en el Paraninfo de la Universidad Pablo de Olavide<\/span>, dar\u00e1 comienzo el <b>Congreso Internacional sobre Movimientos Sociales y TIC Move.net<\/b>, un encuentro organizado por el Laboratorio de Ideas Pol\u00edticas de la UPO (LIPPO) y por el Grupo de Estudios en Comunicaci\u00f3n, Pol\u00edtica y Cambio Social de la Universidad de Sevilla (COMPOLITICAS) que analizar\u00e1 el uso de las nuevas tecnolog\u00edas de la informaci\u00f3n y la comunicaci\u00f3n en los movimientos sociales. <b>La entrada es libre y gratuita hasta completar aforo<\/b>.<\/p>\n<p>El congreso ser\u00e1 inaugurado <span style=\"text-decoration: underline;\">ma\u00f1ana jueves a las 9:30 horas en el Paraninfo de la Universidad Pablo de Olavide<\/span> por Pilar Rodr\u00edguez Reina, vicerrectora de Internacionalizaci\u00f3n y Comunicaci\u00f3n de la UPO\u00a0, y Jos\u00e9 Cand\u00f3n, investigador del grupo de estudios COMPOLITICAS y codirector de este congreso. Despu\u00e9s, a las 10:00 horas, Francisco Sierra, director general del Centro Internacional de Estudios Superiores de Comunicaci\u00f3n para Am\u00e9rica Latina\u00a0 (CIESPAL), impartir\u00e1 la videoconferencia de apertura \u201cPensar la tecnopol\u00edtica en tiempos de cambio desde la academia\u201d.<\/p>\n<p><b><a href=\"http:\/\/congreso-move.net\/about\/\">Move.net<\/a><\/b> pretende ser un punto de encuentro para compartir tanto reflexiones y an\u00e1lisis te\u00f3ricos que desde el mundo acad\u00e9mico ayuden a contextualizar y comprender las implicaciones sociales de las TIC, como experiencias y pr\u00e1cticas de los propios activistas y colectivos que permitan conocer la realidad del uso social de la tecnolog\u00eda y tratar de impulsar proyectos y propuestas que intensifiquen su apropiaci\u00f3n por parte de la sociedad con fines emancipadores.<\/p>\n<p>Se presentar\u00e1n m\u00e1s de 40 comunicaciones de 11 pa\u00edses y 31 universidades y centros de investigaci\u00f3n de Espa\u00f1a, Portugal, Italia, Dinamarca, Turqu\u00eda, M\u00e9xico, Colombia, Reino Unido, EEUU, Canad\u00e1 y Sud\u00e1frica. Adem\u00e1s de la lectura de las comunicaciones presentadas, el programa consta de 19 conferencias y 6 mesas redondas en las que se debatir\u00e1 sobre ejes tem\u00e1ticos como la soberan\u00eda tecnol\u00f3gica, los derechos digitales, el ciberactivismo, la democracia digital, el open data, la cultura digital, el an\u00e1lisis cr\u00edtico de internet o los medios de comunicaci\u00f3n en la red. Tambi\u00e9n habr\u00e1 espacio para un debate sobre las relaciones entre la academia y los movimientos sociales y otro sobre municipalismo y pol\u00edtica en la red que contar\u00e1 con representantes de Podemos y Ganemos en varios territorios.<\/p>\n<p>El profesor de la Universidad de C\u00f3rdoba \u00c1ngel Calle; el catedr\u00e1tico de la Universidad Rey Juan Carlos V\u00edctor Sampedro; el abogado especialista en propiedad intelectual y cultura libre David Bravo; el programador y activista Pablo Soto o la ingeniera inform\u00e1tica, fundadora de <a href=\"http:\/\/www.sindominio.net\/\">Sindominio.net<\/a> y autora de \u201cEl Kit de la lucha en Internet\u201d Margarita Padilla protagonizar\u00e1n algunas de las conferencias principales de este congreso en el que participar\u00e1n unos 60 acad\u00e9micos y activistas.<\/p>\n<p>El programa tambi\u00e9n contempla la presentaci\u00f3n de tres libros, dos en la <a href=\"http:\/\/www.nodo50.org\/lafuga\/\">Librer\u00eda la Fuga<\/a> (Calle Conde de Torrej\u00f3n, 4): \u201cTerritorios de Democracia: El municipalismo a debate\u201d (Icaria) de Ricard Vilaregut (Guanyem Barcelona) y \u00c1ngel Calle (Ganemos C\u00f3rdoba), ma\u00f1ana jueves a las 21:00 horas, y \u201cEl cambio social a trav\u00e9s de las im\u00e1genes: Gu\u00eda para entender y utilizar el v\u00eddeo participativo\u201d (Catarata), de los profesores de la Universidad de Sevilla David Montero y Jos\u00e9 Manuel Moreno, el viernes 6 a las 21:00 horas. El s\u00e1bado 7 a las19:00 horas en <a href=\"http:\/\/www.tramallol.cc\/\">Tramallol<\/a> (Calle Pasaje Mallol 22), se presentar\u00e1 el libro \u201cNueva gram\u00e1tica pol\u00edtica: De la revoluci\u00f3n en las comunicaciones al cambio de paradigma\u201d (Icaria) del abogado Francisco Jurado.<\/p>\n<p>El Congreso Move.net, coordinado por los profesores Rafael Rodr\u00edguez Prieto y Fernando Mart\u00ednez Cabezudo, del Laboratorio de Ideas Pol\u00edticas de la Universidad Pablo de Olavide (LIPPO) y Jos\u00e9 Cand\u00f3n, del Grupo de Estudios en Comunicaci\u00f3n, Pol\u00edtica y Cambio Social de la Universidad de Sevilla (COMPOLITICAS), tendr\u00e1 su sede principal en el Paraninfo de la UPO y se trasladar\u00e1 en la tarde del s\u00e1bado a <a href=\"http:\/\/www.tramallol.cc\/\">Tramallol<\/a> (Calle Pasaje Mallol 22). Los debates podr\u00e1n seguirse tambi\u00e9n por streaming, a trav\u00e9s de las cuentas del congreso en las redes sociales o con el hashtag #Movenet.<\/p>\n<p>El encuentro forma parte de las actividades del proyecto I+D \u201cRestricci\u00f3n de Contenidos y Censura Digital. Protecci\u00f3n de Derechos Humanos en Internet\u201d del <a href=\"http:\/\/www.mineco.gob.es\/\">Ministerio de Econom\u00eda y Competitividad<\/a>. Ha sido patrocinado por el <a href=\"http:\/\/lippo.es\/\">LIPPO<\/a> de la <a href=\"http:\/\/www.upo.es\/portal\/impe\/web\/portada\">Universidad Pablo de Olavide<\/a> a trav\u00e9s de un proyecto de excelencia concedido por la Junta de Andaluc\u00eda al grupo SEJ 277 sobre Internet, y por el <a href=\"http:\/\/www.compoliticas.org\/web\/index.php\">Grupo de Investigaci\u00f3n COMPOLITICAS<\/a> de la <a href=\"http:\/\/www.us.es\/\">Universidad de Sevilla<\/a>. Colaboran las revistas <a href=\"http:\/\/revista-redes.com\/\">Redes.com<\/a> y la <a href=\"http:\/\/pensamientopolitico.org\/index08.php\">Revista Internacional de Pensamiento Pol\u00edtico<\/a>.<\/p>\n<p><b>M\u00e1s informaci\u00f3n y programa en: <a href=\"http:\/\/congreso-move.net\/about\/\">http:\/\/congreso-move.net\/about\/<\/a><\/b><\/p>\n","protected":false},"excerpt":{"rendered":"<p>Ma\u00f1ana jueves 5 de febrero, a las 9:30 horas en el Paraninfo de la Universidad Pablo de Olavide, dar\u00e1 comienzo el Congreso Internacional sobre Movimientos Sociales y TIC Move.net, un encuentro organizado por el Laboratorio de Ideas Pol\u00edticas de la UPO (LIPPO) y por el Grupo de Estudios en Comunicaci\u00f3n, Pol\u00edtica y Cambio Social de la Universidad de Sevilla (COMPOLITICAS) que analizar\u00e1 el uso de las nuevas tecnolog\u00edas de la informaci\u00f3n y la comunicaci\u00f3n en los movimientos sociales. La entrada es libre y gratuita hasta completar aforo. <\/p>\n","protected":false},"author":2,"featured_media":0,"comment_status":"closed","ping_status":"open","sticky":false,"template":"","format":"standard","meta":{"_monsterinsights_skip_tracking":false,"_monsterinsights_sitenote_active":false,"_monsterinsights_sitenote_note":"","_monsterinsights_sitenote_category":0,"footnotes":""},"categories":[6],"tags":[603,256,1375,1883,1224,393],"class_list":["post-8288821","post","type-post","status-publish","format-standard","hentry","category-institucional","tag-coloquio","tag-lippo","tag-movimientos-sociales","tag-proyecto-de-id","tag-tecnologia","tag-tics"],"_links":{"self":[{"href":"https:\/\/www.upo.es\/diario\/wp-json\/wp\/v2\/posts\/8288821","targetHints":{"allow":["GET"]}}],"collection":[{"href":"https:\/\/www.upo.es\/diario\/wp-json\/wp\/v2\/posts"}],"about":[{"href":"https:\/\/www.upo.es\/diario\/wp-json\/wp\/v2\/types\/post"}],"author":[{"embeddable":true,"href":"https:\/\/www.upo.es\/diario\/wp-json\/wp\/v2\/users\/2"}],"replies":[{"embeddable":true,"href":"https:\/\/www.upo.es\/diario\/wp-json\/wp\/v2\/comments?post=8288821"}],"version-history":[{"count":9,"href":"https:\/\/www.upo.es\/diario\/wp-json\/wp\/v2\/posts\/8288821\/revisions"}],"predecessor-version":[{"id":8288828,"href":"https:\/\/www.upo.es\/diario\/wp-json\/wp\/v2\/posts\/8288821\/revisions\/8288828"}],"wp:attachment":[{"href":"https:\/\/www.upo.es\/diario\/wp-json\/wp\/v2\/media?parent=8288821"}],"wp:term":[{"taxonomy":"category","embeddable":true,"href":"https:\/\/www.upo.es\/diario\/wp-json\/wp\/v2\/categories?post=8288821"},{"taxonomy":"post_tag","embeddable":true,"href":"https:\/\/www.upo.es\/diario\/wp-json\/wp\/v2\/tags?post=8288821"}],"curies":[{"name":"wp","href":"https:\/\/api.w.org\/{rel}","templated":true}]}}