{"id":8307724,"date":"2015-02-06T01:55:50","date_gmt":"2015-02-06T01:55:50","guid":{"rendered":"https:\/\/www.upo.es\/diario\/?p=8307724"},"modified":"2015-02-06T14:20:03","modified_gmt":"2015-02-06T14:20:03","slug":"el-conde-duque-de-olivares-y-el-catastro-de-ensenada-temas-de-manana-en-el-ciclo-de-investigacion-historica","status":"publish","type":"post","link":"https:\/\/www.upo.es\/diario\/institucional\/2015\/02\/el-conde-duque-de-olivares-y-el-catastro-de-ensenada-temas-de-manana-en-el-ciclo-de-investigacion-historica\/","title":{"rendered":"El conde duque de Olivares y el  Catastro de Ensenada, temas de hoy en el ciclo de investigaci\u00f3n hist\u00f3rica"},"content":{"rendered":"<p><a href=\"https:\/\/www.upo.es\/diario\/wp-content\/uploads\/2015\/01\/Cartel10Ciclo_Cartel.jpg\"><img loading=\"lazy\" decoding=\"async\" class=\"alignright size-medium wp-image-8189503\" alt=\"X Ciclo Internacional \u2018M\u00e9todos, Teor\u00edas y Nuevas L\u00edneas de Investigaci\u00f3n Hist\u00f3rica\u2019\" src=\"https:\/\/www.upo.es\/diario\/wp-content\/uploads\/2015\/01\/Cartel10Ciclo_Cartel-227x320.jpg\" width=\"227\" height=\"320\" srcset=\"https:\/\/www.upo.es\/diario\/wp-content\/uploads\/2015\/01\/Cartel10Ciclo_Cartel-227x320.jpg 227w, https:\/\/www.upo.es\/diario\/wp-content\/uploads\/2015\/01\/Cartel10Ciclo_Cartel-425x600.jpg 425w, https:\/\/www.upo.es\/diario\/wp-content\/uploads\/2015\/01\/Cartel10Ciclo_Cartel-600x845.jpg 600w, https:\/\/www.upo.es\/diario\/wp-content\/uploads\/2015\/01\/Cartel10Ciclo_Cartel.jpg 1502w\" sizes=\"auto, (max-width: 227px) 100vw, 227px\" \/><\/a>\u2018El conde duque de Olivares y los reinos de la Monarqu\u00eda\u2019 y \u2018El Catastro de Ensenada: un tutilimundi del siglo XVIII\u2019 ser\u00e1n las <b>conferencias del X Ciclo Internacional \u2018M\u00e9todos, Teor\u00edas y Nuevas L\u00edneas de Investigaci\u00f3n Hist\u00f3rica\u2019 hoy viernes d\u00eda 6, a las 16 horas en la Escuela de Estudios Hispano-Americanos<\/b>, sala Calder\u00f3n Quijano (C\/Alfonso XII, 16). La entrada es libre hasta completar aforo.<\/p>\n<p>La primera de ellas ser\u00e1 impartida por Manuel Rivero, de la Universidad Aut\u00f3noma de Madrid, y la segunda por Fernando Manzano, de la Universidad de Oviedo. Manuel Herrero, profesor de Historia Moderna de la UPO, ser\u00e1 el encargado de moderar el debate tras las ponencias.<\/p>\n<p>El <a title=\"Programa del ciclo\" href=\"http:\/\/www.upo.es\/historia_moderna\/export\/sites\/historia_moderna\/noticias\/fotosNoticias\/Cartel10Ciclo_Cartel_A3_Programa_definitivo300ppp.pdf\" target=\"_blank\">Ciclo de Conferencias Internacional \u2018M\u00e9todos, Teor\u00edas y Nuevas L\u00edneas de Investigaci\u00f3n Hist\u00f3rica\u2019<\/a>, que celebra durante el presente curso su X edici\u00f3n, re\u00fane a investigadores procedentes de universidades de Europa y Am\u00e9rica para exponer las \u00faltimas teor\u00edas e investigaciones sobre Historia Moderna.\u00a0 El ciclo est\u00e1 patrocinado por el Ministerio de Econom\u00eda y Competitividad y el CSIC. La siguiente sesi\u00f3n del ciclo est\u00e1 prevista para el 20 de febrero, con \u2018El corso \u00bfUna amenaza magnicada?\u2019 y \u2018Redes mercantiles italianas y el comercio internacional de seda en el Mediterr\u00e1neo durante la Primera Edad Moderna\u2019 como temas de estudio.<\/p>\n","protected":false},"excerpt":{"rendered":"<p>\u2018El conde duque de Olivares y los reinos de la Monarqu\u00eda\u2019 y \u2018El Catastro de Ensenada: un tutilimundi del siglo XVIII\u2019 ser\u00e1n las conferencias del X Ciclo Internacional \u2018M\u00e9todos, Teor\u00edas y Nuevas L\u00edneas de Investigaci\u00f3n Hist\u00f3rica\u2019 hoy viernes d\u00eda 6, a las 16 horas en la Escuela de Estudios Hispano-Americanos, sala Calder\u00f3n Quijano (C\/Alfonso XII, 16). La entrada es libre hasta completar aforo.<\/p>\n","protected":false},"author":6,"featured_media":0,"comment_status":"closed","ping_status":"open","sticky":false,"template":"","format":"standard","meta":{"_monsterinsights_skip_tracking":false,"_monsterinsights_sitenote_active":false,"_monsterinsights_sitenote_note":"","_monsterinsights_sitenote_category":0,"footnotes":""},"categories":[6],"tags":[1110,227,45,1037,150,56],"class_list":["post-8307724","post","type-post","status-publish","format-standard","hentry","category-institucional","tag-ciclo-de-conferencias","tag-conferencia","tag-csic","tag-escuela-de-estudios-hispano-americanos","tag-historia","tag-investigacion"],"_links":{"self":[{"href":"https:\/\/www.upo.es\/diario\/wp-json\/wp\/v2\/posts\/8307724","targetHints":{"allow":["GET"]}}],"collection":[{"href":"https:\/\/www.upo.es\/diario\/wp-json\/wp\/v2\/posts"}],"about":[{"href":"https:\/\/www.upo.es\/diario\/wp-json\/wp\/v2\/types\/post"}],"author":[{"embeddable":true,"href":"https:\/\/www.upo.es\/diario\/wp-json\/wp\/v2\/users\/6"}],"replies":[{"embeddable":true,"href":"https:\/\/www.upo.es\/diario\/wp-json\/wp\/v2\/comments?post=8307724"}],"version-history":[{"count":4,"href":"https:\/\/www.upo.es\/diario\/wp-json\/wp\/v2\/posts\/8307724\/revisions"}],"predecessor-version":[{"id":8329963,"href":"https:\/\/www.upo.es\/diario\/wp-json\/wp\/v2\/posts\/8307724\/revisions\/8329963"}],"wp:attachment":[{"href":"https:\/\/www.upo.es\/diario\/wp-json\/wp\/v2\/media?parent=8307724"}],"wp:term":[{"taxonomy":"category","embeddable":true,"href":"https:\/\/www.upo.es\/diario\/wp-json\/wp\/v2\/categories?post=8307724"},{"taxonomy":"post_tag","embeddable":true,"href":"https:\/\/www.upo.es\/diario\/wp-json\/wp\/v2\/tags?post=8307724"}],"curies":[{"name":"wp","href":"https:\/\/api.w.org\/{rel}","templated":true}]}}