{"id":8308554,"date":"2015-02-05T07:00:46","date_gmt":"2015-02-05T07:00:46","guid":{"rendered":"https:\/\/www.upo.es\/diario\/?p=8308554"},"modified":"2015-02-06T12:53:49","modified_gmt":"2015-02-06T12:53:49","slug":"academicos-y-activistas-se-reunen-en-la-upo-para-abordar-el-uso-de-las-tic-en-los-movimientos-sociales","status":"publish","type":"post","link":"https:\/\/www.upo.es\/diario\/institucional\/2015\/02\/academicos-y-activistas-se-reunen-en-la-upo-para-abordar-el-uso-de-las-tic-en-los-movimientos-sociales\/","title":{"rendered":"Acad\u00e9micos y activistas se re\u00fanen en la UPO para abordar el uso de las TIC en los movimientos sociales"},"content":{"rendered":"<figure id=\"attachment_8308555\" aria-describedby=\"caption-attachment-8308555\" style=\"width: 600px\" class=\"wp-caption aligncenter\"><a href=\"https:\/\/www.upo.es\/diario\/wp-content\/uploads\/2015\/02\/c_move.net_.jpg\"><img loading=\"lazy\" decoding=\"async\" class=\"size-large wp-image-8308555\" alt=\"En la foto, de izqquierda a derecha., Jos\u00e9 Cand\u00f3n, investigador de COMPOLITICAS y codirector de Move.net; Pilar Rodr\u00edguez Reina, vicerrectora de Internacionalizaci\u00f3n y Comunicaci\u00f3n de la UPO, y Rafael Rodr\u00edguez Prieto, profesor de Filosof\u00eda del Derecho y director del LIPPO.\" src=\"https:\/\/www.upo.es\/diario\/wp-content\/uploads\/2015\/02\/c_move.net_-600x400.jpg\" width=\"600\" height=\"400\" srcset=\"https:\/\/www.upo.es\/diario\/wp-content\/uploads\/2015\/02\/c_move.net_-600x400.jpg 600w, https:\/\/www.upo.es\/diario\/wp-content\/uploads\/2015\/02\/c_move.net_-320x213.jpg 320w\" sizes=\"auto, (max-width: 600px) 100vw, 600px\" \/><\/a><figcaption id=\"caption-attachment-8308555\" class=\"wp-caption-text\">En la foto, de izqquierda a derecha., Jos\u00e9 Cand\u00f3n, investigador de COMPOLITICAS y codirector de Move.net; Pilar Rodr\u00edguez Reina, vicerrectora de Internacionalizaci\u00f3n y Comunicaci\u00f3n de la UPO, y Rafael Rodr\u00edguez Prieto, profesor de Filosof\u00eda del Derecho y director del LIPPO.<\/figcaption><\/figure>\n<p>Hoy ha dado comienzo en la Universidad Pablo de Olavide el <b>Congreso Internacional sobre Movimientos Sociales y TIC Move.net, <\/b>un encuentro en el que acad\u00e9micos y activistas procedentes de 11 pa\u00edses y 31 universidades y centros de investigaci\u00f3n de todo el mundo analizan el uso de las nuevas tecnolog\u00edas de la informaci\u00f3n y la comunicaci\u00f3n en los movimientos sociales.<\/p>\n<p>El congreso ha sido inaugurado esta ma\u00f1ana por Pilar Rodr\u00edguez Reina, vicerrectora de Internacionalizaci\u00f3n y Comunicaci\u00f3n de la UPO, y por los directores de este encuentro, Rafael Rodr\u00edguez Prieto, investigador del Laboratorio de Ideas Pol\u00edticas de la UPO (LIPPO) y Jos\u00e9 Cand\u00f3n, investigador del Grupo de Estudios en Comunicaci\u00f3n, Pol\u00edtica y Cambio Social de la US (COMPOL\u00cdTICAS).<\/p>\n<p>En su intervenci\u00f3n, Rafael Rodr\u00edguez Prieto ha destacado el esfuerzo colectivo de \u00edndole acad\u00e9mica que ha supuesto la puesta en marcha de este congreso por parte de las dos universidades p\u00fablicas sevillanas. Tambi\u00e9n ha destacado la participaci\u00f3n de acad\u00e9micos y activistas, \u201cmaridaje perfecto que ayudar\u00e1 a comprender la situaci\u00f3n actual de las nuevas tecnolog\u00edas y los movimientos sociales\u201d.<\/p>\n<p>Por su parte, Jos\u00e9 Cand\u00f3n ha destacado la calidad de los participantes de este congreso, que intervendr\u00e1n en esta \u201cmarat\u00f3n de 3 d\u00edas de tecnopol\u00edtica y tecnoactivismo\u201d. Cand\u00f3n tambi\u00e9n ha destacado que \u201ca pesar de la situaci\u00f3n cr\u00edtica que atraviesan las universidades p\u00fablicas, con imaginaci\u00f3n, ilusi\u00f3n y esfuerzo se pueden poner en marcha este tipo de encuentros cuyo objetivo es la mejora de la sociedad\u201d. Esta idea tambi\u00e9n ha sido recogida por la vicerrectora Pilar Rodr\u00edguez Reina, quien se ha mostrado muy satisfecha de que la Universidad Pablo de Olavide sea la sede de este evento, puesto que \u201ceste congreso representa dos ideas fundamentales de nuestra instituci\u00f3n universitaria como son el compromiso social y las nuevas tecnolog\u00edas\u201d.<\/p>\n<p>Tras la inauguraci\u00f3n, Francisco Sierra, director general del Centro Internacional de Estudios Superiores de Comunicaci\u00f3n para Am\u00e9rica Latina\u00a0 (CIESPAL), ha impartido la videoconferencia de apertura \u201cPensar la tecnopol\u00edtica en tiempos de cambio desde la academia\u201d.<\/p>\n<p>Por su parte, las conferencias y mesas redondas de ma\u00f1ana viernes se centrar\u00e1n en la soberan\u00eda tecnol\u00f3gica, el ciberactivismo o el an\u00e1lisis cr\u00edtico de Internet. As\u00ed, el encuentro contar\u00e1 con la presencia de David Bravo, abogado especialista en propiedad intelectual y derecho inform\u00e1tico, quien ofrecer\u00e1 la ponencia \u201cPropietarios del conocimiento\u201d, o de Victor Sampedro, profesor de la Universidad Rey Juan Carlos, quien impartir\u00e1 la conferencia \u201cEl 15M y la emergencia del Cuarto Poder en Red\u201d.<\/p>\n<p><b><a href=\"http:\/\/congreso-move.net\/about\/\">Move.net<\/a>, <\/b>que se celebra en la Universidad Pablo de Olavide los d\u00edas 5, 6 y 7 de febrero, pretende ser un punto de encuentro para compartir tanto reflexiones y an\u00e1lisis te\u00f3ricos que desde el mundo acad\u00e9mico ayuden a contextualizar y comprender las implicaciones sociales de las TIC, como experiencias y pr\u00e1cticas de los propios activistas y colectivos que permitan conocer la realidad del uso social de la tecnolog\u00eda y tratar de impulsar proyectos y propuestas que intensifiquen su apropiaci\u00f3n por parte de la sociedad con fines emancipadores. <b>La entrada es libre y gratuita hasta completar aforo<\/b>.<\/p>\n<p>El Congreso Move.net, coordinado por los profesores Rafael Rodr\u00edguez Prieto y Fernando Mart\u00ednez Cabezudo, del Laboratorio de Ideas Pol\u00edticas de la Universidad Pablo de Olavide (LIPPO) y Jos\u00e9 Cand\u00f3n, del Grupo de Estudios en Comunicaci\u00f3n, Pol\u00edtica y Cambio Social de la Universidad de Sevilla (COMPOLITICAS), tendr\u00e1 su sede principal en el Paraninfo de la UPO y se trasladar\u00e1 en la tarde del s\u00e1bado a <a href=\"http:\/\/www.tramallol.cc\/\">Tramallol<\/a> (Calle Pasaje Mallol 22). Los debates podr\u00e1n seguirse tambi\u00e9n por streaming, a trav\u00e9s de las cuentas del congreso en las redes sociales o con el hashtag #Movenet.<\/p>\n<p>El encuentro forma parte de las actividades del proyecto I+D \u201cRestricci\u00f3n de Contenidos y Censura Digital. Protecci\u00f3n de Derechos Humanos en Internet\u201d del <a href=\"http:\/\/www.mineco.gob.es\/\">Ministerio de Econom\u00eda y Competitividad<\/a>. Ha sido patrocinado por el <a href=\"http:\/\/lippo.es\/\">LIPPO<\/a> de la <a href=\"http:\/\/www.upo.es\/portal\/impe\/web\/portada\">Universidad Pablo de Olavide<\/a> a trav\u00e9s de un proyecto de excelencia concedido por la Junta de Andaluc\u00eda al grupo SEJ 277 sobre Internet, y por el <a href=\"http:\/\/www.compoliticas.org\/web\/index.php\">Grupo de Investigaci\u00f3n COMPOLITICAS<\/a> de la <a href=\"http:\/\/www.us.es\/\">Universidad de Sevilla<\/a>. Colaboran las revistas <a href=\"http:\/\/revista-redes.com\/\">Redes.com<\/a> y la <a href=\"http:\/\/pensamientopolitico.org\/index08.php\">Revista Internacional de Pensamiento Pol\u00edtico<\/a>.<\/p>\n<p><b>M\u00e1s informaci\u00f3n y programa en: <a href=\"http:\/\/congreso-move.net\/about\/\">http:\/\/congreso-move.net\/about\/<\/a><\/b><\/p>\n","protected":false},"excerpt":{"rendered":"<p>Hoy ha dado comienzo en la Universidad Pablo de Olavide el Congreso Internacional sobre Movimientos Sociales y TIC Move.net, un encuentro en el que acad\u00e9micos y activistas procedentes de 11 pa\u00edses y 31 universidades y centros de investigaci\u00f3n de todo el mundo analizan el uso de las nuevas tecnolog\u00edas de la informaci\u00f3n y la comunicaci\u00f3n en los movimientos sociales.<\/p>\n","protected":false},"author":2,"featured_media":0,"comment_status":"closed","ping_status":"open","sticky":false,"template":"","format":"standard","meta":{"_monsterinsights_skip_tracking":false,"_monsterinsights_sitenote_active":false,"_monsterinsights_sitenote_note":"","_monsterinsights_sitenote_category":0,"footnotes":""},"categories":[6],"tags":[603,256,1375,1883,1224,393],"class_list":["post-8308554","post","type-post","status-publish","format-standard","hentry","category-institucional","tag-coloquio","tag-lippo","tag-movimientos-sociales","tag-proyecto-de-id","tag-tecnologia","tag-tics"],"_links":{"self":[{"href":"https:\/\/www.upo.es\/diario\/wp-json\/wp\/v2\/posts\/8308554","targetHints":{"allow":["GET"]}}],"collection":[{"href":"https:\/\/www.upo.es\/diario\/wp-json\/wp\/v2\/posts"}],"about":[{"href":"https:\/\/www.upo.es\/diario\/wp-json\/wp\/v2\/types\/post"}],"author":[{"embeddable":true,"href":"https:\/\/www.upo.es\/diario\/wp-json\/wp\/v2\/users\/2"}],"replies":[{"embeddable":true,"href":"https:\/\/www.upo.es\/diario\/wp-json\/wp\/v2\/comments?post=8308554"}],"version-history":[{"count":7,"href":"https:\/\/www.upo.es\/diario\/wp-json\/wp\/v2\/posts\/8308554\/revisions"}],"predecessor-version":[{"id":8324155,"href":"https:\/\/www.upo.es\/diario\/wp-json\/wp\/v2\/posts\/8308554\/revisions\/8324155"}],"wp:attachment":[{"href":"https:\/\/www.upo.es\/diario\/wp-json\/wp\/v2\/media?parent=8308554"}],"wp:term":[{"taxonomy":"category","embeddable":true,"href":"https:\/\/www.upo.es\/diario\/wp-json\/wp\/v2\/categories?post=8308554"},{"taxonomy":"post_tag","embeddable":true,"href":"https:\/\/www.upo.es\/diario\/wp-json\/wp\/v2\/tags?post=8308554"}],"curies":[{"name":"wp","href":"https:\/\/api.w.org\/{rel}","templated":true}]}}