{"id":8326638,"date":"2015-02-06T10:42:19","date_gmt":"2015-02-06T10:42:19","guid":{"rendered":"https:\/\/www.upo.es\/diario\/?p=8326638"},"modified":"2015-02-06T12:39:02","modified_gmt":"2015-02-06T12:39:02","slug":"la-universidad-pablo-de-olavide-organiza-este-sabado-una-visita-guiada-al-paraje-natural-brazo-del-este","status":"publish","type":"post","link":"https:\/\/www.upo.es\/diario\/institucional\/2015\/02\/la-universidad-pablo-de-olavide-organiza-este-sabado-una-visita-guiada-al-paraje-natural-brazo-del-este\/","title":{"rendered":"La Universidad Pablo de Olavide organiza este s\u00e1bado una visita guiada al Paraje Natural Brazo del Este"},"content":{"rendered":"<figure id=\"attachment_8328297\" aria-describedby=\"caption-attachment-8328297\" style=\"width: 226px\" class=\"wp-caption alignright\"><a href=\"https:\/\/www.upo.es\/diario\/institucional\/2015\/02\/la-universidad-pablo-de-olavide-organiza-este-sabado-una-visita-guiada-al-paraje-natural-brazo-del-este\/attachment\/paraje\/\" rel=\"attachment wp-att-8328297\"><img loading=\"lazy\" decoding=\"async\" class=\"size-medium wp-image-8328297\" alt=\"Visita guiada al Paraje Natural Brazo del Este\" src=\"https:\/\/www.upo.es\/diario\/wp-content\/uploads\/2015\/02\/paraje-226x320.jpg\" width=\"226\" height=\"320\" srcset=\"https:\/\/www.upo.es\/diario\/wp-content\/uploads\/2015\/02\/paraje-226x320.jpg 226w, https:\/\/www.upo.es\/diario\/wp-content\/uploads\/2015\/02\/paraje-424x600.jpg 424w, https:\/\/www.upo.es\/diario\/wp-content\/uploads\/2015\/02\/paraje-600x848.jpg 600w, https:\/\/www.upo.es\/diario\/wp-content\/uploads\/2015\/02\/paraje.jpg 827w\" sizes=\"auto, (max-width: 226px) 100vw, 226px\" \/><\/a><figcaption id=\"caption-attachment-8328297\" class=\"wp-caption-text\">Visita guiada al Paraje Natural Brazo del Este<\/figcaption><\/figure>\n<p>El Vicerrectorado de Estudiantes, Cultura y Compromiso Social de la Universidad Pablo de Olavide, a trav\u00e9s de su l\u00ednea de Educaci\u00f3n Ambiental y Sostenibilidad, organiza ma\u00f1ana<strong> s\u00e1bado<\/strong> una visita guiada al <strong>Paraje Natural Brazo del Este<\/strong> situado a 17 kil\u00f3metros al sur de Sevilla, lugar donde se bifurca el cauce principal del Guadalquivir y que despu\u00e9s de 39 kil\u00f3metros de sucesivos meandros vuelve a unirse al cauce primero casi 16 kil\u00f3metros m\u00e1s abajo.<\/p>\n<p>El Paraje Natural es fruto de las modificaciones que se le ha hecho al Guadalquivir para ganar terrenos de cultivo. Se trata de uno de los antiguos brazos del r\u00edo en su recorrido por las marismas. Adem\u00e1s, pese a las grandes intervenciones humanas efectuadas desde comienzos del siglo pasado se ha convertido en una zona h\u00fameda de excepcional importancia para la avifauna.<\/p>\n<p>La salida al Paraje Natural ser\u00e1 a las 9:00 horas en el Prado de San Sebasti\u00e1n (Pabell\u00f3n de Portugal). El programa incluye el transporte, seguro y manutenci\u00f3n. Se recomienda llevar agua, calzado y ropa c\u00f3moda.<\/p>\n<p align=\"center\"><b>\u00a0<\/b><\/p>\n","protected":false},"excerpt":{"rendered":"<p>\tEl Vicerrectorado de Estudiantes, Cultura y Compromiso Social de la Universidad Pablo de Olavide, a trav\u00e9s de su l\u00ednea de Educaci\u00f3n Ambiental y Sostenibilidad, organiza ma\u00f1ana s\u00e1bado una visita guiada al Paraje Natural Brazo del Este situado a 17 kil\u00f3metros al sur de Sevilla, lugar donde se bifurca el cauce principal del Guadalquivir y que despu\u00e9s de 39 kil\u00f3metros de sucesivos meandros vuelve a unirse al cauce primero casi 16 kil\u00f3metros m\u00e1s abajo.<\/p>\n","protected":false},"author":10,"featured_media":0,"comment_status":"closed","ping_status":"open","sticky":false,"template":"","format":"standard","meta":{"_monsterinsights_skip_tracking":false,"_monsterinsights_sitenote_active":false,"_monsterinsights_sitenote_note":"","_monsterinsights_sitenote_category":0,"footnotes":""},"categories":[6],"tags":[1183,2128,1265],"class_list":["post-8326638","post","type-post","status-publish","format-standard","hentry","category-institucional","tag-educacion-ambiental","tag-paraje-natural-brazo-del-este","tag-vicerrectorado-de-estudiantes-cultura-y-compromiso-social"],"_links":{"self":[{"href":"https:\/\/www.upo.es\/diario\/wp-json\/wp\/v2\/posts\/8326638","targetHints":{"allow":["GET"]}}],"collection":[{"href":"https:\/\/www.upo.es\/diario\/wp-json\/wp\/v2\/posts"}],"about":[{"href":"https:\/\/www.upo.es\/diario\/wp-json\/wp\/v2\/types\/post"}],"author":[{"embeddable":true,"href":"https:\/\/www.upo.es\/diario\/wp-json\/wp\/v2\/users\/10"}],"replies":[{"embeddable":true,"href":"https:\/\/www.upo.es\/diario\/wp-json\/wp\/v2\/comments?post=8326638"}],"version-history":[{"count":6,"href":"https:\/\/www.upo.es\/diario\/wp-json\/wp\/v2\/posts\/8326638\/revisions"}],"predecessor-version":[{"id":8327463,"href":"https:\/\/www.upo.es\/diario\/wp-json\/wp\/v2\/posts\/8326638\/revisions\/8327463"}],"wp:attachment":[{"href":"https:\/\/www.upo.es\/diario\/wp-json\/wp\/v2\/media?parent=8326638"}],"wp:term":[{"taxonomy":"category","embeddable":true,"href":"https:\/\/www.upo.es\/diario\/wp-json\/wp\/v2\/categories?post=8326638"},{"taxonomy":"post_tag","embeddable":true,"href":"https:\/\/www.upo.es\/diario\/wp-json\/wp\/v2\/tags?post=8326638"}],"curies":[{"name":"wp","href":"https:\/\/api.w.org\/{rel}","templated":true}]}}