{"id":8373487,"date":"2015-02-09T11:09:33","date_gmt":"2015-02-09T11:09:33","guid":{"rendered":"https:\/\/www.upo.es\/diario\/?p=8373487"},"modified":"2015-02-09T11:11:19","modified_gmt":"2015-02-09T11:11:19","slug":"la-junta-contrata-con-la-upo-dos-proyectos-de-investigacion-en-infraestructura-y-vivienda","status":"publish","type":"post","link":"https:\/\/www.upo.es\/diario\/institucional\/2015\/02\/la-junta-contrata-con-la-upo-dos-proyectos-de-investigacion-en-infraestructura-y-vivienda\/","title":{"rendered":"La Junta contrata con la UPO dos proyectos de investigaci\u00f3n en infraestructura y vivienda"},"content":{"rendered":"<p><a href=\"https:\/\/www.upo.es\/diario\/wp-content\/uploads\/2015\/02\/campus.jpg\"><img loading=\"lazy\" decoding=\"async\" class=\"alignright size-medium wp-image-8373488\" alt=\"campus\" src=\"https:\/\/www.upo.es\/diario\/wp-content\/uploads\/2015\/02\/campus-320x212.jpg\" width=\"320\" height=\"212\" srcset=\"https:\/\/www.upo.es\/diario\/wp-content\/uploads\/2015\/02\/campus-320x212.jpg 320w, https:\/\/www.upo.es\/diario\/wp-content\/uploads\/2015\/02\/campus-600x399.jpg 600w, https:\/\/www.upo.es\/diario\/wp-content\/uploads\/2015\/02\/campus.jpg 900w\" sizes=\"auto, (max-width: 320px) 100vw, 320px\" \/><\/a>La <a href=\"http:\/\/www.juntadeandalucia.es\/fomentoyvivienda\">Consejer\u00eda de Fomento y Vivienda<\/a> y la Universidad Pablo de Olavide han formalizado los contratos para el desarrollo de dos nuevos proyectos de I+D+i en materia de infraestructuras, movilidad y vivienda, en el marco de la convocatoria 2014-2015, por importe de 268.962 euros.<\/p>\n<p>Uno de los proyectos de la UPO estudiar\u00e1 la localizaci\u00f3n de \u00e1reas de estacionamiento para mercanc\u00edas peligrosas en Andaluc\u00eda y la red transeuropea (69.862,13 euros), mientras que el otro proyecto se centrar\u00e1 en el desarrollo de soluciones habitacionales para colectivos de mayores (199.100 euros).<\/p>\n<p>Adem\u00e1s de la UPO tambi\u00e9n han rubricado contratos las universidades de C\u00f3rdoba, Granada, Ja\u00e9n, M\u00e1laga y Sevilla para la puesta en marcha de 20 iniciativas por valor de 2,32 millones de euros. Con esta l\u00ednea de financiaci\u00f3n se persigue una aplicaci\u00f3n directa de la investigaci\u00f3n tanto en las pol\u00edticas de la Consejer\u00eda de Fomento y Vivienda como en las actividades del tejido social y empresarial andaluz.<\/p>\n<p>Los proyectos concedidos a las diferentes universidades p\u00fablicas andaluzas abordar\u00e1n los diversos campos competencia de esta consejer\u00eda: la movilidad y las infraestructuras, la vivienda, la rehabilitaci\u00f3n y la ciudad, la log\u00edstica, el endeudamiento p\u00fablico, as\u00ed como los sistemas electr\u00f3nicos de gesti\u00f3n, archivo y divulgaci\u00f3n de los expedientes administrativos y t\u00e9cnicos en todas estas materias.<\/p>\n<p>En el \u00e1mbito de las infraestructuras y el transporte se ha puesto el acento en la movilidad sostenible, con iniciativas que persiguen el desarrollo de una metodolog\u00eda para implantar rutas escolares a pie o de una herramienta para evaluar previamente y optimizar las infraestructuras del transporte p\u00fablico. Otras iniciativas ahondar\u00e1n en el uso de las nuevas tecnolog\u00edas para lograr desplazamientos m\u00e1s eficaces y sostenibles en las ciudades o en el an\u00e1lisis de las infraestructuras desde el punto de vista de la accesibilidad.<\/p>\n<p>En el campo de la vivienda y la ciudad, se han seleccionado proyectos relacionados con la rehabilitaci\u00f3n energ\u00e9tica de las edificaciones, la b\u00fasqueda de materiales y procesos innovadores para la construcci\u00f3n de infraestructuras m\u00e1s sostenibles, y con el an\u00e1lisis de las condiciones de habitabilidad de la poblaci\u00f3n desfavorecida.<\/p>\n<p>Una vez terminada la investigaci\u00f3n, los autores de las iniciativas deben presentar ante la Administraci\u00f3n contratante, la Agencia de Obra P\u00fablica de la Junta de Andaluc\u00eda, los informes finales con los resultados y propuestas de aplicaci\u00f3n concretas obtenidos en los proyectos.<\/p>\n<p>Esta convocatoria, que cuenta con financiaci\u00f3n Feder, se suma a otras dos anteriores abiertas desde 2012, sumando un presupuesto total de 22 millones de euros destinados a I+D+i.<\/p>\n","protected":false},"excerpt":{"rendered":"<p>La Consejer\u00eda de Fomento y Vivienda y la Universidad Pablo de Olavide han formalizado los contratos para el desarrollo de dos nuevos proyectos de I+D+i en materia de infraestructuras, movilidad y vivienda, en el marco de la convocatoria 2014-2015, por importe de 268.962 euros. <\/p>\n","protected":false},"author":2,"featured_media":0,"comment_status":"closed","ping_status":"open","sticky":false,"template":"","format":"standard","meta":{"_monsterinsights_skip_tracking":false,"_monsterinsights_sitenote_active":false,"_monsterinsights_sitenote_note":"","_monsterinsights_sitenote_category":0,"footnotes":""},"categories":[6],"tags":[935,618,203,1056,1883,797],"class_list":["post-8373487","post","type-post","status-publish","format-standard","hentry","category-institucional","tag-consejeria-fomento","tag-infraestructuras","tag-junta-de-andalucia","tag-movilidad","tag-proyecto-de-id","tag-viviendas"],"_links":{"self":[{"href":"https:\/\/www.upo.es\/diario\/wp-json\/wp\/v2\/posts\/8373487","targetHints":{"allow":["GET"]}}],"collection":[{"href":"https:\/\/www.upo.es\/diario\/wp-json\/wp\/v2\/posts"}],"about":[{"href":"https:\/\/www.upo.es\/diario\/wp-json\/wp\/v2\/types\/post"}],"author":[{"embeddable":true,"href":"https:\/\/www.upo.es\/diario\/wp-json\/wp\/v2\/users\/2"}],"replies":[{"embeddable":true,"href":"https:\/\/www.upo.es\/diario\/wp-json\/wp\/v2\/comments?post=8373487"}],"version-history":[{"count":2,"href":"https:\/\/www.upo.es\/diario\/wp-json\/wp\/v2\/posts\/8373487\/revisions"}],"predecessor-version":[{"id":8373490,"href":"https:\/\/www.upo.es\/diario\/wp-json\/wp\/v2\/posts\/8373487\/revisions\/8373490"}],"wp:attachment":[{"href":"https:\/\/www.upo.es\/diario\/wp-json\/wp\/v2\/media?parent=8373487"}],"wp:term":[{"taxonomy":"category","embeddable":true,"href":"https:\/\/www.upo.es\/diario\/wp-json\/wp\/v2\/categories?post=8373487"},{"taxonomy":"post_tag","embeddable":true,"href":"https:\/\/www.upo.es\/diario\/wp-json\/wp\/v2\/tags?post=8373487"}],"curies":[{"name":"wp","href":"https:\/\/api.w.org\/{rel}","templated":true}]}}